{"id":18745,"date":"2023-09-19T22:04:37","date_gmt":"2023-09-20T03:04:37","guid":{"rendered":"https:\/\/noticiasveracruz.com\/?p=18745"},"modified":"2023-09-19T22:04:37","modified_gmt":"2023-09-20T03:04:37","slug":"el-mensaje-de-cazarin","status":"publish","type":"post","link":"https:\/\/noticiasveracruz.com\/index.php\/2023\/09\/19\/el-mensaje-de-cazarin\/","title":{"rendered":"El mensaje de Cazar\u00edn"},"content":{"rendered":"<p style=\"font-weight: 400;\"><span style=\"font-size: 14pt; font-family: verdana, geneva, sans-serif;\"><strong>Astrolabio Pol\u00edtico<\/strong><\/span><\/p>\n<p style=\"font-weight: 400;\"><span style=\"font-size: 14pt; font-family: verdana, geneva, sans-serif;\"><strong>Por: Luis Ram\u00edrez Baqueiro<\/strong><\/span><\/p>\n<p style=\"font-weight: 400;\"><span style=\"font-size: 14pt; font-family: verdana, geneva, sans-serif;\"><em>\u201cLa fortaleza va creciendo en proporci\u00f3n a la carga.<\/em><em>\u201d \u2013\u00a0<\/em><em>Thomas W. Higginson.<\/em><\/span><\/p>\n<p style=\"font-weight: 400;\"><span style=\"font-family: verdana, geneva, sans-serif; font-size: 14pt;\">Arrancando la semana llega nuevamente una fotograf\u00eda que enciende las redes sociales, en la misma, se logra ver a la Coordinadora Nacional de los Comit\u00e9s de Defensa de la Cuarta Transformaci\u00f3n, Claudia Sheinbaum Pardo, junto a su pareja sentimental, Jes\u00fas Mar\u00eda Tarriba Unger -analista de riesgos econ\u00f3micos en el Banco de M\u00e9xico-, a su lado el personal de mayor cercan\u00eda con la hoy precandidata presidencial, y el orquestador de la fotograf\u00eda, Juan Javier G\u00f3mez Cazar\u00edn, desayunando en Veracruz, en una de sus recientes visitas a la entidad.\u00a0<a href=\"https:\/\/twitter.com\/JJavierGomezCa1\/status\/1703782962876063815\" data-saferedirecturl=\"https:\/\/www.google.com\/url?q=https:\/\/twitter.com\/JJavierGomezCa1\/status\/1703782962876063815&amp;source=gmail&amp;ust=1695265254379000&amp;usg=AOvVaw1LQuOexZxvOMw1ugi0ROfF\">https:\/\/twitter.com\/JJavierGomezCa1\/status\/1703782962876063815<\/a><\/span><\/p>\n<p style=\"font-weight: 400;\"><span style=\"font-family: verdana, geneva, sans-serif; font-size: 14pt;\">La realidad es que no es nada extra\u00f1o el que los pol\u00edticos veracruzanos se tomen algunas gr\u00e1ficas y las reserven para en determinado momento difundirlas a manera de recordatorio de sus alcances y potencialidades en lo p\u00fablico.<\/span><\/p>\n<p style=\"font-weight: 400;\"><span style=\"font-family: verdana, geneva, sans-serif; font-size: 14pt;\">Lo verdaderamente extra\u00f1o se da, en el hecho mismo del mensaje que el acompa\u00f1a, pues el oriundo de Hueyapan de Ocampo es muy dado a enviar mensajes soterrados en sus redes sociales, los cuales, llevan un claro mensaje y destinatario, en esto que aparenta el fragor de la batalla por el poder de cara al proceso sucesorio del 2024.<\/span><\/p>\n<p style=\"font-weight: 400;\"><span style=\"font-family: verdana, geneva, sans-serif; font-size: 14pt;\">El escueto mensaje que en un par de p\u00e1rrafos divulg\u00f3 en sus redes sociales se\u00f1ala: \u201cInicien su semana con mucha energ\u00eda.\u201d \u201cRecuerden cada quien se gana su lugar trabajando, no metiendo veneno y enga\u00f1ando al pueblo.\u201d \u00a1Es tiempo de mujeres! Remata el presidente de la Junta de Coordinaci\u00f3n Pol\u00edtica del Congreso Local Veracruzano.<\/span><\/p>\n<p style=\"font-weight: 400;\"><span style=\"font-family: verdana, geneva, sans-serif; font-size: 14pt;\">Sobre todo, porque se sabr\u00eda que ser\u00eda este lunes 18 de septiembre cuando la dirigencia nacional de Morena dar\u00eda a conocer la \u201cconvocatoria\u201d para los aspirantes a las 9 gubernaturas \u2013\u00a0Chiapas, Guanajuato, Jalisco, Morelos, Puebla, Tabasco, Veracruz, Yucat\u00e1n y Ciudad de M\u00e9xico- en disputa en el pr\u00f3ximo proceso electoral federal.<\/span><\/p>\n<p style=\"font-weight: 400;\"><span style=\"font-family: verdana, geneva, sans-serif; font-size: 14pt;\">As\u00ed el mensaje se presenta horas antes que el Comit\u00e9 Ejecutivo Nacional de Morena apruebe la emisi\u00f3n de la convocatoria donde se definen los requisitos y reglas para la inscripci\u00f3n para que Morena, PT y Partido Verde tengan a sus abanderadas o abanderados.<\/span><\/p>\n<p style=\"font-weight: 400;\"><span style=\"font-family: verdana, geneva, sans-serif; font-size: 14pt;\">De buena fuente se sabe que la instrucci\u00f3n principal dictada al Comit\u00e9 Ejecutivo Nacional desde el Palacio Nacional se basar\u00eda en bajo el criterio de que en los nueve procesos se logre la unidad y que todos acepten los resultados ya que en varios de ellos se vislumbran competencias muy cerradas entre personajes pol\u00edticos con fuerte presencia local contra algunos que presumen cercan\u00eda con el presidente L\u00f3pez Obrador, o con la coordinadora de la 4T, Claudia Sheinbaum.<\/span><\/p>\n<p style=\"font-weight: 400;\"><span style=\"font-family: verdana, geneva, sans-serif; font-size: 14pt;\">Bajo ese criterio estar\u00eda Veracruz.<\/span><\/p>\n<p style=\"font-weight: 400;\"><span style=\"font-family: verdana, geneva, sans-serif; font-size: 14pt;\">En donde se sabe que al momento se ha venido realizando una minuciosa operaci\u00f3n pol\u00edtica de negociaci\u00f3n de car\u00e1cter casi quir\u00fargico para garantizar que todos los actores concursantes cierren filas con la hoy secretar\u00eda de Energ\u00eda, Roc\u00edo Nahle Garc\u00eda, quien a todas luces tendr\u00eda la preferencia del gran elector.<\/span><\/p>\n<p style=\"font-weight: 400;\"><span style=\"font-family: verdana, geneva, sans-serif; font-size: 14pt;\">La intenci\u00f3n de dicha operaci\u00f3n pol\u00edtica se basar\u00eda en el hecho mismo de asegurar en no dejar soldados morenistas ca\u00eddos en la batalla que puedan ser captados por los partidos del Frente Amplio o Movimiento Ciudadano (MC) en franco proceso de desintegraci\u00f3n.<\/span><\/p>\n<p style=\"font-weight: 400;\"><span style=\"font-family: verdana, geneva, sans-serif; font-size: 14pt;\">A su vez, el mensaje externado por el diputado local veracruzano, se da momentos antes de que el mandatario veracruzano, Cuitl\u00e1huac Garc\u00eda Jim\u00e9nez desde su p\u00falpito en Palacio de Gobierno se\u00f1alar\u00e1 que \u201csuspirantes habr\u00e1 muchos, pero deben apegarse a lo legal\u201d como advirtiendo que a pesar de sus intentos por contener los caprichos de su secretario de Gobierno, Eric Patrocinio Cisneros Burgos, el personaje se habr\u00e1 de inscribir en el proceso interno, pero tambi\u00e9n habr\u00e1 de tener que aceptar que llegado el momento el resultado no lo favorecer\u00e1.<\/span><\/p>\n<p style=\"font-weight: 400;\"><span style=\"font-family: verdana, geneva, sans-serif; font-size: 14pt;\">Aun cuando el mandatario estatal pretendi\u00f3 verse muy dem\u00f3crata al afirmar que se respetan sus derechos constitucionales, la advertencia cay\u00f3 clara cuando afirm\u00f3: \u201cSuspirantes habr\u00e1 muchos; hablar\u00e9 con ellos para decirles que, como funcionarios, las reglas son: no utilizar recursos p\u00fablicos, no dejar de cumplir con sus tareas fundamentales y, en caso de resultar ganador de las encuestas, firmar su renuncia 90 d\u00edas antes\u201d.<\/span><\/p>\n<p style=\"font-weight: 400;\"><span style=\"font-family: verdana, geneva, sans-serif; font-size: 14pt;\">Al menos las dos primeras encomiendas no las cumple su a\u00fan secretario de Gobierno, Cisneros Burgos quien por ning\u00fan lado es capaz de aguantar una auditor\u00eda externa que le eval\u00fae el manejo del recurso p\u00fablico, pues ha quedado m\u00e1s que documentado, el dispendio empleado para su promoci\u00f3n personal como pseudo pr\u00f3cer de la literatura veracruzana y defensor de las comunidades afromexicanas, a las que simplemente ha empleado para posicionarse y darse a conocer.<\/span><\/p>\n<p style=\"font-weight: 400;\"><span style=\"font-family: verdana, geneva, sans-serif; font-size: 14pt;\">El mensaje de Cazar\u00edn al arranque de la semana vuelve nuevamente a prender las alertas, pues pareciera ser la advertencia anticipada de quien pronostica que las cosas en Veracruz no ser\u00e1n nada tersas, al menos, no tendr\u00e1n cabida aquellos, que vali\u00e9ndose de la confianza de quien hoy detenta el poder, solo se beneficiaron y abiertamente traicionaron a quienes los hizo pol\u00edticos.<\/span><\/p>\n<p style=\"font-weight: 400;\"><span style=\"font-family: verdana, geneva, sans-serif; font-size: 14pt;\">Por cierto, que a la par del mensaje divulgado en redes sociales por el diputado local, desde las mazmorras del Palacio de Gobierno, se comenz\u00f3 hacer circular cierta informaci\u00f3n denostando el trabajo pol\u00edtico del hueyape\u00f1o acus\u00e1ndolo de traficar con supuestos despachos contables.<\/span><\/p>\n<p style=\"font-weight: 400;\"><span style=\"font-family: verdana, geneva, sans-serif; font-size: 14pt;\">Incre\u00edble\u2026 como si nadie supiese que quien mueve y controla los hilos del \u00d3rgano de Fiscalizaci\u00f3n Superior (Orfis) ha sido desde su llegada al poder el mismo Eric Patrocinio Cisneros Burgos, quien coloc\u00f3 a la mism\u00edsima Delia Gonz\u00e1lez Cobos, acusada ya en otros momentos desde el mismo Congreso Local de estar tras una red de corrupci\u00f3n e intento de extorsi\u00f3n a alcaldes y funcionarios estatales.<\/span><\/p>\n<p style=\"font-weight: 400;\"><span style=\"font-family: verdana, geneva, sans-serif; font-size: 14pt;\">\u00a0<\/span><\/p>\n<p style=\"font-weight: 400;\"><span style=\"font-family: verdana, geneva, sans-serif; font-size: 14pt;\">Al tiempo.<\/span><\/p>\n","protected":false},"excerpt":{"rendered":"<p>Astrolabio Pol\u00edtico Por: Luis Ram\u00edrez Baqueiro \u201cLa fortaleza va creciendo en proporci\u00f3n a la carga.\u201d \u2013\u00a0Thomas W. Higginson. Arrancando la<\/p>\n","protected":false},"author":4,"featured_media":640,"comment_status":"closed","ping_status":"closed","sticky":false,"template":"","format":"standard","meta":{"colormag_page_container_layout":"default_layout","colormag_page_sidebar_layout":"default_layout","_jetpack_memberships_contains_paid_content":false,"footnotes":"","jetpack_publicize_message":"","jetpack_publicize_feature_enabled":true,"jetpack_social_post_already_shared":true,"jetpack_social_options":{"image_generator_settings":{"template":"highway","default_image_id":0,"font":"","enabled":false},"version":2}},"categories":[6],"tags":[],"class_list":["post-18745","post","type-post","status-publish","format-standard","has-post-thumbnail","hentry","category-columnistas"],"jetpack_publicize_connections":[],"jetpack_featured_media_url":"https:\/\/noticiasveracruz.com\/wp-content\/uploads\/2021\/12\/LUIS-RAMI\u0301REZ-BAQUEIRO.png","jetpack_sharing_enabled":true,"publishpress_future_action":{"enabled":false,"date":"2026-05-05 22:31:17","action":"change-status","newStatus":"draft","terms":[],"taxonomy":"category","extraData":[]},"publishpress_future_workflow_manual_trigger":{"enabledWorkflows":[]},"_links":{"self":[{"href":"https:\/\/noticiasveracruz.com\/index.php\/wp-json\/wp\/v2\/posts\/18745","targetHints":{"allow":["GET"]}}],"collection":[{"href":"https:\/\/noticiasveracruz.com\/index.php\/wp-json\/wp\/v2\/posts"}],"about":[{"href":"https:\/\/noticiasveracruz.com\/index.php\/wp-json\/wp\/v2\/types\/post"}],"author":[{"embeddable":true,"href":"https:\/\/noticiasveracruz.com\/index.php\/wp-json\/wp\/v2\/users\/4"}],"replies":[{"embeddable":true,"href":"https:\/\/noticiasveracruz.com\/index.php\/wp-json\/wp\/v2\/comments?post=18745"}],"version-history":[{"count":0,"href":"https:\/\/noticiasveracruz.com\/index.php\/wp-json\/wp\/v2\/posts\/18745\/revisions"}],"wp:featuredmedia":[{"embeddable":true,"href":"https:\/\/noticiasveracruz.com\/index.php\/wp-json\/wp\/v2\/media\/640"}],"wp:attachment":[{"href":"https:\/\/noticiasveracruz.com\/index.php\/wp-json\/wp\/v2\/media?parent=18745"}],"wp:term":[{"taxonomy":"category","embeddable":true,"href":"https:\/\/noticiasveracruz.com\/index.php\/wp-json\/wp\/v2\/categories?post=18745"},{"taxonomy":"post_tag","embeddable":true,"href":"https:\/\/noticiasveracruz.com\/index.php\/wp-json\/wp\/v2\/tags?post=18745"}],"curies":[{"name":"wp","href":"https:\/\/api.w.org\/{rel}","templated":true}]}}