{"id":18511,"date":"2023-08-31T05:30:03","date_gmt":"2023-08-31T10:30:03","guid":{"rendered":"https:\/\/noticiasveracruz.com\/?p=18511"},"modified":"2023-08-31T08:23:49","modified_gmt":"2023-08-31T13:23:49","slug":"se-desfonda-el-frente-xochitl-se-acerca-a-mc-y-morena-hace-agua","status":"publish","type":"post","link":"https:\/\/noticiasveracruz.com\/index.php\/2023\/08\/31\/se-desfonda-el-frente-xochitl-se-acerca-a-mc-y-morena-hace-agua\/","title":{"rendered":"Se desfonda el Frente, X\u00f3chitl se acerca a MC y Morena hace agua"},"content":{"rendered":"<p class=\"p1\">\n<p>&nbsp;<\/p>\n<p class=\"p1\"><span style=\"font-size: 18pt;\"><strong>Por Jos\u00e9 Ure\u00f1a<\/strong><\/span><\/p>\n<p class=\"p1\"><span style=\"font-size: 14pt;\">Literalmente: Se desfond\u00f3 el Frente Amplio por M\u00e9xico (FAM). Pero no pol\u00edtica, sino econ\u00f3micamente.<\/span><\/p>\n<p class=\"p1\"><span style=\"font-size: 14pt;\">Los costos de la elecci\u00f3n dominical rebasaban en demas\u00eda los c\u00e1lculos econ\u00f3micos y las disponibilidades de los tres partidos unidos contra el poder y su aparato de Estado.<\/span><\/p>\n<p class=\"p1\"><span style=\"font-size: 14pt;\">Es dif\u00edcil sugerirlo como elemento clave en la decisi\u00f3n del Partido Revolucionario Institucional (PRI) y Alejandro Moreno,\u00a0Alito, de enfocar su respaldo hacia la ciudadana filopanista X\u00f3chitl G\u00e1lvez.<\/span><\/p>\n<p class=\"p1\"><span style=\"font-size: 14pt;\">Pero de momento se ha zanjado un grave problema, con sus secuelas de desprestigio, de una convocatoria para un m\u00e1ximo de tres millones de ciudadanos convocados pero con muchas dificultades log\u00edsticas para sufragar.<\/span><\/p>\n<p class=\"p1\"><span style=\"font-size: 14pt;\">Dos casillas para cada uno de los 300 distritos son muy pocas y obligar\u00edan a millares a gastar muchos recursos y tiempos en el traslado para expresar su preferencia en alguno de los 600 centros de votaci\u00f3n hacia X\u00f3chitl o Beatriz.<\/span><\/p>\n<p class=\"p1\"><span style=\"font-size: 14pt;\">Como sea, ya no ser\u00e1 necesaria esa jornada, aunque del otro lado deja inconcluso y con dudas un proceso en el cual se inclu\u00eda la voluntad popular, am\u00e9n de cr\u00edticas previsibles en Palacio Nacional con su cl\u00e1sico se los dije.<\/span><\/p>\n<p>&nbsp;<\/p>\n<p class=\"p1\"><span style=\"font-size: 18pt; color: #e42d33;\"><strong>AH\u00cd VIENEN LOS EMECISTAS<\/strong><\/span><\/p>\n<p class=\"p1\"><span style=\"font-size: 14pt;\">Pero hay otro dato importante y va la primicia:<\/span><\/p>\n<p class=\"p1\"><span style=\"font-size: 14pt;\">X\u00f3chitl G\u00e1lvez ha iniciado negociaciones con Movimiento Ciudadano (MC) y sus principales cuadros, incluido el eterno dirigente Dante Delgado, en busca de una alianza.<\/span><\/p>\n<p class=\"p1\"><span style=\"font-size: 14pt;\">Los acercamientos van avanzados con varias alas de ese partido, en especial con la disidencia encabezada por el gobernador de Jalisco, Enrique Alfaro, con quien est\u00e1 sellada la alianza.<\/span><\/p>\n<p class=\"p1\"><span style=\"font-size: 14pt;\">\u00bfAlianza?<\/span><\/p>\n<p class=\"p1\"><span style=\"font-size: 14pt;\">Es de madrugada para darla por hecho y sobre todo para llamarla as\u00ed porque no se sabe si habr\u00e1 suma oficial o solamente con acuerdos, para muchos conocida como de facto y para otros como coalici\u00f3n<\/span><\/p>\n<p class=\"p1\"><span style=\"font-size: 14pt;\">Ser\u00e1 un largo camino sobre todo porque Dante insiste en su discurso oficial de ir solo y en los avances entrar\u00e1n candidaturas para los dem\u00e1s cargos: gubernaturas, senadur\u00edas, diputaciones, alcald\u00edas\u2026<\/span><\/p>\n<p class=\"p1\"><span style=\"font-size: 14pt;\">Y X\u00f3chitl se encontrar\u00e1 valladares aun en los partidos aliancistas porque Alejandro Moreno (PRI), Marko Cort\u00e9s (PAN) y Jes\u00fas Zambrano (PRD) querr\u00e1n ser mano para sus estructuras y sus dedazos.<\/span><\/p>\n<p class=\"p1\"><span style=\"font-size: 14pt;\">A la hidalguense no le cabe duda:<\/span><\/p>\n<p class=\"p1\"><span style=\"font-size: 14pt;\">-O ponemos candidatos competitivos o perdemos la lucha en ego\u00edsmos.<\/span><\/p>\n<p>&nbsp;<\/p>\n<p class=\"p1\"><span style=\"font-size: 18pt; color: #e42d33;\"><strong>MORENA DESMORONADA<\/strong><\/span><\/p>\n<p class=\"p1\"><span style=\"font-size: 14pt;\">Como adelantamos, tambi\u00e9n en Morena hay fallas grandes.<\/span><\/p>\n<p class=\"p1\"><span style=\"font-size: 14pt;\">La encuesta inici\u00f3 con todos los errores posibles a causa del desorden encabezado por los dirigentes Mario Delgado y Alfonso Durazo, presidentes del partido y del Consejo Nacional respectivamente.<\/span><\/p>\n<p class=\"p1\"><span style=\"font-size: 14pt;\">Los dos mil 100 representantes de las seis corcholatas tuvieron problemas, protestaron sin recibir agilizaci\u00f3n y confiabilidad y as\u00ed lo hicieron saber a sus representados.<\/span><\/p>\n<p class=\"p1\"><span style=\"font-size: 14pt;\">El retraso de acreditaciones y la visita a encuestados sin informarles impidi\u00f3 su presencia para dar fe y en muchos casos solamente acudieron los enviados por Claudia Sheinbaum.<\/span><\/p>\n<p class=\"p1\"><span style=\"font-size: 14pt;\">Un tuit de Marcelo Ebrard refleja todo:<\/span><\/p>\n<p class=\"p1\"><span style=\"font-size: 14pt;\">\u201cMuy preocupado por el gran desorden en el levantamiento de la encuesta esta ma\u00f1ana. Todo mi respaldo a Mal\u00fa Micher y a Martha Delgado quienes est\u00e1n (desde ayer y toda la noche) tratando de ayudar al \u00e9xito del proceso y a resolver los severos problemas que han ocurrido\u201d.<\/span><\/p>\n<p>&nbsp;<\/p>\n<hr \/>\n<p>&nbsp;<\/p>\n<p class=\"p3\"><strong><span style=\"font-size: 18pt;\"><span class=\"s2\">Twitter: <a href=\"https:\/\/twitter.com\/urenajose1\">@urenajose1<\/a><\/span><\/span><\/strong><\/p>\n<p>&nbsp;<\/p>\n<p><img loading=\"lazy\" decoding=\"async\" class=\"aligncenter wp-image-11449\" src=\"http:\/\/noticiasveracruz.com\/wp-content\/uploads\/2023\/01\/FIRMA-EDITORIAL-NV-300x37.png\" alt=\"\" width=\"1000\" height=\"122\" srcset=\"https:\/\/noticiasveracruz.com\/wp-content\/uploads\/2023\/01\/FIRMA-EDITORIAL-NV-300x37.png 300w, https:\/\/noticiasveracruz.com\/wp-content\/uploads\/2023\/01\/FIRMA-EDITORIAL-NV-1024x125.png 1024w, https:\/\/noticiasveracruz.com\/wp-content\/uploads\/2023\/01\/FIRMA-EDITORIAL-NV-768x94.png 768w, https:\/\/noticiasveracruz.com\/wp-content\/uploads\/2023\/01\/FIRMA-EDITORIAL-NV-1536x188.png 1536w, https:\/\/noticiasveracruz.com\/wp-content\/uploads\/2023\/01\/FIRMA-EDITORIAL-NV-2048x250.png 2048w\" sizes=\"auto, (max-width: 1000px) 100vw, 1000px\" \/><\/p>\n<p>&nbsp;<\/p>\n<p>&nbsp;<\/p>\n<p>&nbsp;<\/p>\n<p>&nbsp;<\/p>\n","protected":false},"excerpt":{"rendered":"<p>&nbsp; Por Jos\u00e9 Ure\u00f1a Literalmente: Se desfond\u00f3 el Frente Amplio por M\u00e9xico (FAM). Pero no pol\u00edtica, sino econ\u00f3micamente. Los costos<\/p>\n","protected":false},"author":4,"featured_media":3258,"comment_status":"closed","ping_status":"closed","sticky":false,"template":"","format":"standard","meta":{"colormag_page_container_layout":"default_layout","colormag_page_sidebar_layout":"default_layout","_jetpack_memberships_contains_paid_content":false,"footnotes":"","jetpack_publicize_message":"","jetpack_publicize_feature_enabled":true,"jetpack_social_post_already_shared":true,"jetpack_social_options":{"image_generator_settings":{"template":"highway","default_image_id":0,"font":"","enabled":false},"version":2}},"categories":[6],"tags":[],"class_list":["post-18511","post","type-post","status-publish","format-standard","has-post-thumbnail","hentry","category-columnistas"],"jetpack_publicize_connections":[],"jetpack_featured_media_url":"https:\/\/noticiasveracruz.com\/wp-content\/uploads\/2022\/04\/JOSE\u0301-UREN\u0303A.png","jetpack_sharing_enabled":true,"publishpress_future_action":{"enabled":false,"date":"2026-05-07 03:16:07","action":"change-status","newStatus":"draft","terms":[],"taxonomy":"category","extraData":[]},"publishpress_future_workflow_manual_trigger":{"enabledWorkflows":[]},"_links":{"self":[{"href":"https:\/\/noticiasveracruz.com\/index.php\/wp-json\/wp\/v2\/posts\/18511","targetHints":{"allow":["GET"]}}],"collection":[{"href":"https:\/\/noticiasveracruz.com\/index.php\/wp-json\/wp\/v2\/posts"}],"about":[{"href":"https:\/\/noticiasveracruz.com\/index.php\/wp-json\/wp\/v2\/types\/post"}],"author":[{"embeddable":true,"href":"https:\/\/noticiasveracruz.com\/index.php\/wp-json\/wp\/v2\/users\/4"}],"replies":[{"embeddable":true,"href":"https:\/\/noticiasveracruz.com\/index.php\/wp-json\/wp\/v2\/comments?post=18511"}],"version-history":[{"count":0,"href":"https:\/\/noticiasveracruz.com\/index.php\/wp-json\/wp\/v2\/posts\/18511\/revisions"}],"wp:featuredmedia":[{"embeddable":true,"href":"https:\/\/noticiasveracruz.com\/index.php\/wp-json\/wp\/v2\/media\/3258"}],"wp:attachment":[{"href":"https:\/\/noticiasveracruz.com\/index.php\/wp-json\/wp\/v2\/media?parent=18511"}],"wp:term":[{"taxonomy":"category","embeddable":true,"href":"https:\/\/noticiasveracruz.com\/index.php\/wp-json\/wp\/v2\/categories?post=18511"},{"taxonomy":"post_tag","embeddable":true,"href":"https:\/\/noticiasveracruz.com\/index.php\/wp-json\/wp\/v2\/tags?post=18511"}],"curies":[{"name":"wp","href":"https:\/\/api.w.org\/{rel}","templated":true}]}}