{"id":18478,"date":"2023-08-29T08:59:45","date_gmt":"2023-08-29T13:59:45","guid":{"rendered":"https:\/\/noticiasveracruz.com\/?p=18478"},"modified":"2023-08-29T08:59:45","modified_gmt":"2023-08-29T13:59:45","slug":"cifra-historica-por-tiroteos-en-2023-mueren-mas-de-28-mil-personas-en-eu","status":"publish","type":"post","link":"https:\/\/noticiasveracruz.com\/index.php\/2023\/08\/29\/cifra-historica-por-tiroteos-en-2023-mueren-mas-de-28-mil-personas-en-eu\/","title":{"rendered":"Cifra Hist\u00f3rica; Por tiroteos en 2023 mueren m\u00e1s de 28 mil personas en EU"},"content":{"rendered":"<p>&nbsp;<\/p>\n<p class=\"p1\"><span style=\"font-size: 14pt;\"><em><strong>WASHINGTON, EU.<\/strong> <\/em>Las cifras fueron proporcionadas por el <strong>portal estad\u00edstico\u00a0Gun Violence Archive.<\/strong> Pese a las promesas del\u00a0<strong>presidente estadounidense Joe Biden de solucionar el dram\u00e1tico aumento de violencia por armas, todas las iniciativas han sido bloqueadas\u00a0en el Congreso.<\/strong><\/span><\/p>\n<p class=\"p1\"><span style=\"font-size: 18pt;\"><strong>Seg\u00fan los n\u00fameros de Gun Violence Archive\u2014una base de datos sin fines de lucro\u2014, en 239 d\u00edas del presente a\u00f1o hubo\u00a028,296 muertes\u00a0por armas en Estados Unidos, el n\u00famero m\u00e1s alto de la historia reciente en ese pa\u00eds.<\/strong><\/span><\/p>\n<p class=\"p1\"><span style=\"font-size: 14pt;\">Entre las v\u00edctimas de este dram\u00e1tico fen\u00f3meno se encuentran 198 menores de 11 a\u00f1os y 2,734 adolescentes de entre 12 y 17 a\u00f1os.<\/span><\/p>\n<p class=\"p1\"><span style=\"font-size: 14pt;\">Durante este s\u00e1bado 26 de agosto se registraron dos nuevos tiroteos masivos en el territorio estadounidense que pasaron a engrosar estas tr\u00e1gicas listas.<\/span><\/p>\n<p class=\"p1\"><span style=\"font-size: 14pt;\">Siete personas fueron heridas de bala en un ataque en Boston mientras se celebraba un festival caribe\u00f1o, mientras que en la ciudad de Jacksonville, Florida,\u00a0un hombre portando armas con simbolog\u00eda nazi mat\u00f3 a tres personas negras.<\/span><\/p>\n<p class=\"p1\"><span style=\"font-size: 18pt;\"><strong>De acuerdo a las autoridades, se trat\u00f3 de un matanza\u00a0\u201cde motivaci\u00f3n racial\u201d, ya que el autor, que se suicid\u00f3 al ser confrontado por elementos policiales, \u201codiaba a los negros\u201d, seg\u00fan explic\u00f3 el sheriff de la ciudad.<\/strong><\/span><\/p>\n<p class=\"p1\">\n<p class=\"p1\"><span style=\"font-size: 18pt; color: #e42d33;\"><strong>VIOLENCIA RACIAL<\/strong><\/span><\/p>\n<p class=\"p1\"><span style=\"font-size: 14pt;\">Este episodio de violencia racial se da apenas unos d\u00edas despu\u00e9s que un jurado estadounidense condenara a muerte al atacante Robert Bowers, responsable de una masacre en una sinagoga en Pittsburgh ocurrida en octubre del 2018, considerada la agresi\u00f3n m\u00e1s letal contra la comunidad jud\u00eda en la historia de ese pa\u00eds, con 11 v\u00edctimas fatales.<\/span><\/p>\n<p class=\"p1\"><span style=\"font-size: 18pt;\"><strong>En un art\u00edculo sobre el imparable aumento de la violencia por armas de fuego, el diario\u00a0Los Angeles Times\u00a0asever\u00f3 recientemente que \u201cel incesante derramamiento de sangre de este a\u00f1o en Estados Unidos ha dado lugar al m\u00e1s sombr\u00edo de los hitos nacionales: el mayor n\u00famero de asesinatos a mansalva durante seis meses registrados desde al menos 2006\u201d.<\/strong><\/span><\/p>\n<p class=\"p1\"><span style=\"font-size: 14pt;\">Las alarmantes cifras han hecho que los propios funcionarios estadounidenses reconozcan p\u00fablicamente la gravedad de la situaci\u00f3n.<\/span><\/p>\n<p class=\"p1\"><span style=\"font-size: 18pt;\"><strong>\u201cEstados Unidos ha tenido m\u00e1s tiroteos masivos que d\u00edas en 2023\u201d, dijo el 21 de abril el\u00a0secretario de Seguridad Nacional, Alejandro Mayorkas, durante una reuni\u00f3n del Consejo de Relaciones Exteriores, un influyente\u00a0think tank\u00a0con sede en Nueva York.<\/strong><\/span><\/p>\n<p class=\"p1\"><span style=\"font-size: 14pt;\">Sin embargo, pese a estas admisiones, y las promesas del propio Joe Biden como candidato de que abordar esta problem\u00e1tica ser\u00eda una de las prioridades en caso de llegar a la Casa Blanca, su Gobierno no ha logrado revertir esta tendencia.<\/span><\/p>\n<p>&nbsp;<\/p>\n<p>&nbsp;<\/p>\n<p>&nbsp;<\/p>\n","protected":false},"excerpt":{"rendered":"<p>&nbsp; WASHINGTON, EU. Las cifras fueron proporcionadas por el portal estad\u00edstico\u00a0Gun Violence Archive. Pese a las promesas del\u00a0presidente estadounidense Joe<\/p>\n","protected":false},"author":4,"featured_media":18479,"comment_status":"closed","ping_status":"closed","sticky":false,"template":"","format":"standard","meta":{"colormag_page_container_layout":"default_layout","colormag_page_sidebar_layout":"default_layout","_jetpack_memberships_contains_paid_content":false,"footnotes":"","jetpack_publicize_message":"","jetpack_publicize_feature_enabled":true,"jetpack_social_post_already_shared":true,"jetpack_social_options":{"image_generator_settings":{"template":"highway","default_image_id":0,"font":"","enabled":false},"version":2}},"categories":[355],"tags":[92,706],"class_list":["post-18478","post","type-post","status-publish","format-standard","has-post-thumbnail","hentry","category-internacional","tag-estados-unidos","tag-tiroteo"],"jetpack_publicize_connections":[],"jetpack_featured_media_url":"https:\/\/noticiasveracruz.com\/wp-content\/uploads\/2023\/08\/P-TIROTEOS-EU-1.png","jetpack_sharing_enabled":true,"publishpress_future_action":{"enabled":false,"date":"2026-05-07 02:50:25","action":"change-status","newStatus":"draft","terms":[],"taxonomy":"category","extraData":[]},"publishpress_future_workflow_manual_trigger":{"enabledWorkflows":[]},"_links":{"self":[{"href":"https:\/\/noticiasveracruz.com\/index.php\/wp-json\/wp\/v2\/posts\/18478","targetHints":{"allow":["GET"]}}],"collection":[{"href":"https:\/\/noticiasveracruz.com\/index.php\/wp-json\/wp\/v2\/posts"}],"about":[{"href":"https:\/\/noticiasveracruz.com\/index.php\/wp-json\/wp\/v2\/types\/post"}],"author":[{"embeddable":true,"href":"https:\/\/noticiasveracruz.com\/index.php\/wp-json\/wp\/v2\/users\/4"}],"replies":[{"embeddable":true,"href":"https:\/\/noticiasveracruz.com\/index.php\/wp-json\/wp\/v2\/comments?post=18478"}],"version-history":[{"count":0,"href":"https:\/\/noticiasveracruz.com\/index.php\/wp-json\/wp\/v2\/posts\/18478\/revisions"}],"wp:featuredmedia":[{"embeddable":true,"href":"https:\/\/noticiasveracruz.com\/index.php\/wp-json\/wp\/v2\/media\/18479"}],"wp:attachment":[{"href":"https:\/\/noticiasveracruz.com\/index.php\/wp-json\/wp\/v2\/media?parent=18478"}],"wp:term":[{"taxonomy":"category","embeddable":true,"href":"https:\/\/noticiasveracruz.com\/index.php\/wp-json\/wp\/v2\/categories?post=18478"},{"taxonomy":"post_tag","embeddable":true,"href":"https:\/\/noticiasveracruz.com\/index.php\/wp-json\/wp\/v2\/tags?post=18478"}],"curies":[{"name":"wp","href":"https:\/\/api.w.org\/{rel}","templated":true}]}}