{"id":18452,"date":"2023-08-29T05:45:56","date_gmt":"2023-08-29T10:45:56","guid":{"rendered":"https:\/\/noticiasveracruz.com\/?p=18452"},"modified":"2023-08-29T08:08:59","modified_gmt":"2023-08-29T13:08:59","slug":"la-silenciosa-toma-del-ine-por-morena","status":"publish","type":"post","link":"https:\/\/noticiasveracruz.com\/index.php\/2023\/08\/29\/la-silenciosa-toma-del-ine-por-morena\/","title":{"rendered":"La silenciosa toma del INE por Morena"},"content":{"rendered":"<p class=\"p1\">\n<p>&nbsp;<\/p>\n<p class=\"p1\"><span style=\"font-size: 18pt;\"><strong>Por Jos\u00e9 Ure\u00f1a<\/strong><\/span><\/p>\n<p class=\"p1\"><span style=\"font-size: 14pt;\">Es una toma sigilosa. Impulsada desde el Gobierno y su aparato pol\u00edtico, el Movimiento de Regeneraci\u00f3n Nacional (Morena), pero con varios operadores.<\/span><\/p>\n<p class=\"p1\"><span style=\"font-size: 14pt;\">Los m\u00e1s influyentes son Alfonso Durazo, gobernador de Sonora y a la vez presidente del Consejo Nacional del nuevo partido de Estado, y por supuesto el dirigente Mario Delgado.<\/span><\/p>\n<p class=\"p1\"><span style=\"font-size: 14pt;\">Los consejeros del INE est\u00e1n sorprendidos de su ascendencia sobre la paisana de ellos y presidenta del organismo, Guadalupe Taddei.<\/span><\/p>\n<p class=\"p1\"><span style=\"font-size: 14pt;\">Pero han descubierto parte de las maniobras y tal vez por eso rechazaron con seis votos la designaci\u00f3n de funcionarios cuestionables a su vista y por su filiaci\u00f3n pol\u00edtica.<\/span><\/p>\n<p class=\"p1\"><span style=\"font-size: 14pt;\">P\u00fablico fue el esc\u00e1ndalo del rechazo de Flavio Cienfuegos como secretario t\u00e9cnico del Instituto en lugar de Edmundo Jacobo Molina.<\/span><\/p>\n<p class=\"p1\"><span style=\"font-size: 14pt;\">Una posici\u00f3n clave porque es el responsable del manejo de la estructura y organizar\u00e1 los procesos electorales de 2024.<\/span><\/p>\n<p class=\"p1\"><span style=\"font-size: 14pt;\">Jacobo Molina recibi\u00f3 muchos amagos desde Palacio Nacional y debi\u00f3 renunciar a su larga carrera y saber cuando advirti\u00f3 la proclividad del nuevo Consejo General hacia la autoridad.<\/span><\/p>\n<p class=\"p1\"><span style=\"font-size: 14pt;\">Entonces Taddei invit\u00f3 a la exconsejera Adriana Favela para esas funciones administrativas y jur\u00eddicas, pero como declin\u00f3, se design\u00f3 de encargada a Mar\u00eda Elena Cornejo.<\/span><\/p>\n<p>&nbsp;<\/p>\n<p class=\"p1\"><span style=\"font-size: 18pt; color: #e42d33;\"><strong>VENIDOS DE SONORA<\/strong><\/span><\/p>\n<p class=\"p1\"><span style=\"font-size: 14pt;\">Hay nombramientos sospechosos.<\/span><\/p>\n<p class=\"p1\"><span style=\"font-size: 14pt;\">Puestos administrativos secundarios, responsables de obras y contratos, son ocupados por personas venidas casualmente de Sonora.<\/span><\/p>\n<p class=\"p1\"><span style=\"font-size: 14pt;\">Varios de ellos intervinieron en la elaboraci\u00f3n del proyecto de presupuesto para el a\u00f1o pr\u00f3ximo, el m\u00e1s grande de la historia: m\u00e1s de 23 mil 757 millones de pesos.<\/span><\/p>\n<p class=\"p1\"><span style=\"font-size: 14pt;\">Cifra de esc\u00e1ndalo para muchos y contraria al discurso de austeridad del Presidente en tiempos de Lorenzo C\u00f3rdova y Ciro Murayama.<\/span><\/p>\n<p class=\"p1\"><span style=\"font-size: 14pt;\">Hab\u00eda odio hacia ellos, pero las cr\u00edticas se acabaron en cuanto llegaron -v\u00eda t\u00f3mbola como propuso Ad\u00e1n Augusto L\u00f3pez como secretario de Gobernaci\u00f3n- Guadalupe Taddei, Rita Bell, Arturo Castillo y Jorge Monta\u00f1o.<\/span><\/p>\n<p class=\"p1\"><span style=\"font-size: 14pt;\">Mucho dinero pero insuficiente porque diez mil 444 millones de pesos ir\u00e1n a partidos y quedar\u00e1 poco para labores ordinarias del INE, como detallaremos en otra entrega.<\/span><\/p>\n<p>&nbsp;<\/p>\n<p class=\"p1\"><span style=\"font-size: 18pt; color: #e42d33;\"><strong>BEATRIZ A UN LADO<\/strong><\/span><\/p>\n<p class=\"p1\"><span style=\"font-size: 14pt;\">De mucha trascendencia es la decisi\u00f3n de la c\u00fapula priista.<\/span><\/p>\n<p class=\"p1\"><span style=\"font-size: 14pt;\">Alejandro Moreno, Alito, no cedi\u00f3 a la tentaci\u00f3n sugerida por viejos cuadros a fin de imponer a Beatriz Paredes sobre la popularidad de X\u00f3chitl G\u00e1lvez.<\/span><\/p>\n<p class=\"p1\"><span style=\"font-size: 14pt;\">Con esta acci\u00f3n vuelve a salvar al Frente opositor, cuyas vicisitudes son crecientes y todav\u00eda tiene muchos retos por atender para transitar hacia una postulaci\u00f3n tersa.<\/span><\/p>\n<p class=\"p1\"><span style=\"font-size: 14pt;\">La vez anterior fue cuando Claudio X. Gonz\u00e1lez compar\u00f3 a este r\u00e9gimen con lo peor del viejo PRI, y tanto las dirigencias panista y perredista, as\u00ed como organizaciones sociales, vieron un distanciamiento.<\/span><\/p>\n<p class=\"p1\"><span style=\"font-size: 14pt;\">Alito habl\u00f3 con el empresario, \u00e9ste pidi\u00f3 disculpas y fue posible dar oportunidad a 33 y culminar con dos mujeres.<\/span><\/p>\n<p class=\"p1\"><span style=\"font-size: 14pt;\">Ahora el reto es hacer una encuesta incuestionable, organizar la instalaci\u00f3n de casillas m\u00f3viles -reto tambi\u00e9n del morenismo- y facilitar la participaci\u00f3n de dos millones de ciudadanos con derecho a voto.<\/span><\/p>\n<p class=\"p1\"><span style=\"font-size: 14pt;\">Porque sigue la depuraci\u00f3n y se estima rechazar a un mill\u00f3n de inscritos con errores o de plano fraudes a la plataforma.<\/span><\/p>\n<p>&nbsp;<\/p>\n<hr \/>\n<p>&nbsp;<\/p>\n<p class=\"p3\"><strong><span style=\"font-size: 18pt;\"><span class=\"s2\">Twitter: <a href=\"https:\/\/twitter.com\/urenajose1\">@urenajose1<\/a><\/span><\/span><\/strong><\/p>\n<p>&nbsp;<\/p>\n<p><img loading=\"lazy\" decoding=\"async\" class=\"aligncenter wp-image-11449\" src=\"http:\/\/noticiasveracruz.com\/wp-content\/uploads\/2023\/01\/FIRMA-EDITORIAL-NV-300x37.png\" alt=\"\" width=\"1000\" height=\"122\" srcset=\"https:\/\/noticiasveracruz.com\/wp-content\/uploads\/2023\/01\/FIRMA-EDITORIAL-NV-300x37.png 300w, https:\/\/noticiasveracruz.com\/wp-content\/uploads\/2023\/01\/FIRMA-EDITORIAL-NV-1024x125.png 1024w, https:\/\/noticiasveracruz.com\/wp-content\/uploads\/2023\/01\/FIRMA-EDITORIAL-NV-768x94.png 768w, https:\/\/noticiasveracruz.com\/wp-content\/uploads\/2023\/01\/FIRMA-EDITORIAL-NV-1536x188.png 1536w, https:\/\/noticiasveracruz.com\/wp-content\/uploads\/2023\/01\/FIRMA-EDITORIAL-NV-2048x250.png 2048w\" sizes=\"auto, (max-width: 1000px) 100vw, 1000px\" \/><\/p>\n<p>&nbsp;<\/p>\n<p>&nbsp;<\/p>\n<p>&nbsp;<\/p>\n<p>&nbsp;<\/p>\n","protected":false},"excerpt":{"rendered":"<p>&nbsp; Por Jos\u00e9 Ure\u00f1a Es una toma sigilosa. Impulsada desde el Gobierno y su aparato pol\u00edtico, el Movimiento de Regeneraci\u00f3n<\/p>\n","protected":false},"author":4,"featured_media":3258,"comment_status":"closed","ping_status":"closed","sticky":false,"template":"","format":"standard","meta":{"colormag_page_container_layout":"default_layout","colormag_page_sidebar_layout":"default_layout","_jetpack_memberships_contains_paid_content":false,"footnotes":"","jetpack_publicize_message":"","jetpack_publicize_feature_enabled":true,"jetpack_social_post_already_shared":true,"jetpack_social_options":{"image_generator_settings":{"template":"highway","default_image_id":0,"font":"","enabled":false},"version":2}},"categories":[6],"tags":[],"class_list":["post-18452","post","type-post","status-publish","format-standard","has-post-thumbnail","hentry","category-columnistas"],"jetpack_publicize_connections":[],"jetpack_featured_media_url":"https:\/\/noticiasveracruz.com\/wp-content\/uploads\/2022\/04\/JOSE\u0301-UREN\u0303A.png","jetpack_sharing_enabled":true,"publishpress_future_action":{"enabled":false,"date":"2026-05-09 06:05:48","action":"change-status","newStatus":"draft","terms":[],"taxonomy":"category","extraData":[]},"publishpress_future_workflow_manual_trigger":{"enabledWorkflows":[]},"_links":{"self":[{"href":"https:\/\/noticiasveracruz.com\/index.php\/wp-json\/wp\/v2\/posts\/18452","targetHints":{"allow":["GET"]}}],"collection":[{"href":"https:\/\/noticiasveracruz.com\/index.php\/wp-json\/wp\/v2\/posts"}],"about":[{"href":"https:\/\/noticiasveracruz.com\/index.php\/wp-json\/wp\/v2\/types\/post"}],"author":[{"embeddable":true,"href":"https:\/\/noticiasveracruz.com\/index.php\/wp-json\/wp\/v2\/users\/4"}],"replies":[{"embeddable":true,"href":"https:\/\/noticiasveracruz.com\/index.php\/wp-json\/wp\/v2\/comments?post=18452"}],"version-history":[{"count":0,"href":"https:\/\/noticiasveracruz.com\/index.php\/wp-json\/wp\/v2\/posts\/18452\/revisions"}],"wp:featuredmedia":[{"embeddable":true,"href":"https:\/\/noticiasveracruz.com\/index.php\/wp-json\/wp\/v2\/media\/3258"}],"wp:attachment":[{"href":"https:\/\/noticiasveracruz.com\/index.php\/wp-json\/wp\/v2\/media?parent=18452"}],"wp:term":[{"taxonomy":"category","embeddable":true,"href":"https:\/\/noticiasveracruz.com\/index.php\/wp-json\/wp\/v2\/categories?post=18452"},{"taxonomy":"post_tag","embeddable":true,"href":"https:\/\/noticiasveracruz.com\/index.php\/wp-json\/wp\/v2\/tags?post=18452"}],"curies":[{"name":"wp","href":"https:\/\/api.w.org\/{rel}","templated":true}]}}