{"id":18398,"date":"2023-08-24T07:41:51","date_gmt":"2023-08-24T12:41:51","guid":{"rendered":"https:\/\/noticiasveracruz.com\/?p=18398"},"modified":"2023-08-24T07:41:51","modified_gmt":"2023-08-24T12:41:51","slug":"sin-trump-se-presenta-el-tenso-primer-debate-republicano","status":"publish","type":"post","link":"https:\/\/noticiasveracruz.com\/index.php\/2023\/08\/24\/sin-trump-se-presenta-el-tenso-primer-debate-republicano\/","title":{"rendered":"\u00a1Sin Trump! se presenta el tenso primer debate republicano"},"content":{"rendered":"<p>&nbsp;<\/p>\n<p class=\"p1\"><span style=\"font-size: 14pt;\"><em><strong>WASHINGTON, EU.<\/strong><\/em> Los dos precandidatos que encabezan las preferencias para ser el aspirante presidencial del Partido Republicano reiteraron su amenaza de emplear la fuerza militar estadounidense en territorio mexicano para combatir a los c\u00e1rteles.<\/span><\/p>\n<p class=\"p1\"><span style=\"font-size: 14pt;\">El ex presidente Donald Trump no se present\u00f3 al primer debate entre los precandidatos republicanos realizado este mi\u00e9rcoles en Milwaukee, pero irrumpi\u00f3 en la noche difundiendo proclamaciones sobre sus propuestas pol\u00edticas, entre ellas declarando \u201cuna guerra contra los c\u00e1rteles\u201d en M\u00e9xico. Al detallar su plan de acci\u00f3n, mucho ya previamente filtrado, subray\u00f3 que utilizar\u00e1 la fuerza militar para \u201cimponer un embargo naval pleno sobre los c\u00e1rteles\u201d, ordenar\u00e1 el \u201cuso de fuerzas especiales\u2026 y otras acciones encubiertas y abiertas\u201d para imponer \u201cm\u00e1ximo da\u00f1o\u201d sobre las operaciones de los c\u00e1rteles, los cuales ser\u00e1n designados como \u201corganizaciones terroristas\u201d, y obtener plena cooperaci\u00f3n de gobiernos vecinos contra los c\u00e1rteles \u201co si no plenamente exponer los sobornos y corrupci\u00f3n que protegen a estas redes criminales\u201d.<\/span><\/p>\n<p class=\"p1\"><span style=\"font-size: 14pt;\">En una entrevista que difundi\u00f3 v\u00eda Twitter a la misma hora del debate, Trump reafirm\u00f3 que el control de la frontera con M\u00e9xico es su prioridad n\u00famero uno, pero no mencion\u00f3 a M\u00e9xico ni a los c\u00e1rteles.<\/span><\/p>\n<p>&nbsp;<\/p>\n<p>&nbsp;<\/p>\n","protected":false},"excerpt":{"rendered":"<p>&nbsp; WASHINGTON, EU. Los dos precandidatos que encabezan las preferencias para ser el aspirante presidencial del Partido Republicano reiteraron su<\/p>\n","protected":false},"author":4,"featured_media":18399,"comment_status":"closed","ping_status":"closed","sticky":false,"template":"","format":"standard","meta":{"colormag_page_container_layout":"default_layout","colormag_page_sidebar_layout":"default_layout","_jetpack_memberships_contains_paid_content":false,"footnotes":"","jetpack_publicize_message":"","jetpack_publicize_feature_enabled":true,"jetpack_social_post_already_shared":true,"jetpack_social_options":{"image_generator_settings":{"template":"highway","default_image_id":0,"font":"","enabled":false},"version":2}},"categories":[355],"tags":[],"class_list":["post-18398","post","type-post","status-publish","format-standard","has-post-thumbnail","hentry","category-internacional"],"jetpack_publicize_connections":[],"jetpack_featured_media_url":"https:\/\/noticiasveracruz.com\/wp-content\/uploads\/2023\/08\/P-REPUBLICANOS.png","jetpack_sharing_enabled":true,"publishpress_future_action":{"enabled":false,"date":"2026-05-09 01:19:38","action":"change-status","newStatus":"draft","terms":[],"taxonomy":"category","extraData":[]},"publishpress_future_workflow_manual_trigger":{"enabledWorkflows":[]},"_links":{"self":[{"href":"https:\/\/noticiasveracruz.com\/index.php\/wp-json\/wp\/v2\/posts\/18398","targetHints":{"allow":["GET"]}}],"collection":[{"href":"https:\/\/noticiasveracruz.com\/index.php\/wp-json\/wp\/v2\/posts"}],"about":[{"href":"https:\/\/noticiasveracruz.com\/index.php\/wp-json\/wp\/v2\/types\/post"}],"author":[{"embeddable":true,"href":"https:\/\/noticiasveracruz.com\/index.php\/wp-json\/wp\/v2\/users\/4"}],"replies":[{"embeddable":true,"href":"https:\/\/noticiasveracruz.com\/index.php\/wp-json\/wp\/v2\/comments?post=18398"}],"version-history":[{"count":0,"href":"https:\/\/noticiasveracruz.com\/index.php\/wp-json\/wp\/v2\/posts\/18398\/revisions"}],"wp:featuredmedia":[{"embeddable":true,"href":"https:\/\/noticiasveracruz.com\/index.php\/wp-json\/wp\/v2\/media\/18399"}],"wp:attachment":[{"href":"https:\/\/noticiasveracruz.com\/index.php\/wp-json\/wp\/v2\/media?parent=18398"}],"wp:term":[{"taxonomy":"category","embeddable":true,"href":"https:\/\/noticiasveracruz.com\/index.php\/wp-json\/wp\/v2\/categories?post=18398"},{"taxonomy":"post_tag","embeddable":true,"href":"https:\/\/noticiasveracruz.com\/index.php\/wp-json\/wp\/v2\/tags?post=18398"}],"curies":[{"name":"wp","href":"https:\/\/api.w.org\/{rel}","templated":true}]}}