{"id":18365,"date":"2023-08-23T08:36:53","date_gmt":"2023-08-23T13:36:53","guid":{"rendered":"https:\/\/noticiasveracruz.com\/?p=18365"},"modified":"2023-08-23T08:36:53","modified_gmt":"2023-08-23T13:36:53","slug":"chiapas-para-una-mujer","status":"publish","type":"post","link":"https:\/\/noticiasveracruz.com\/index.php\/2023\/08\/23\/chiapas-para-una-mujer\/","title":{"rendered":"Chiapas para una mujer"},"content":{"rendered":"<p>&nbsp;<\/p>\n<p class=\"p1\"><span style=\"font-size: 18pt;\"><strong>Por \u00c1ngel \u00c1lvaro Pe\u00f1a<\/strong><\/span><\/p>\n<p class=\"p1\"><span style=\"font-size: 14pt;\">La mara\u00f1a de intereses que s\u00f3lo ocurri\u00f3 en los medios, el supuesto rechazo al director general del IMSS, por un elevador asesino, o las preferencias del Presidente por parientes y amigos, est\u00e1n fuera de todo debate sobre la candidatura de Morena a la gubernatura de Chiapas.<\/span><\/p>\n<p class=\"p1\"><span style=\"font-size: 14pt;\">Acostumbrados los medios, a crear conflictos antes, durante y despu\u00e9s de las elecciones, crean un problema adicional al que ya existe habitualmente en esa entidad que no deja de ser noticia.<\/span><\/p>\n<p class=\"p1\"><span style=\"font-size: 18pt;\"><strong>La sencillez casi simple, de algunos autodenominados analistas, que al ver que alg\u00fan funcionario del gabinete es de alg\u00fan estado donde cambiar\u00e1 de gobernador, es suficiente para colocarlo como posible abanderado de Morena.<\/strong><\/span><\/p>\n<p class=\"p1\"><span style=\"font-size: 18pt; color: #e42d33;\"><strong>As\u00ed ha sido toda la vida y los pron\u00f3sticos err\u00f3neos suelen ser m\u00e1s que los aciertos, pero la especulaci\u00f3n se apodera de los medios ahora m\u00e1s que nunca. De esta manera la l\u00f3gica llevaba a los que ni a tener sentido com\u00fan llegan, a ver en el director general del\u00a0IMSS,\u00a0Zo\u00e9 Robledo,\u00a0el aspirante ideal para suceder a Rutilio Escand\u00f3n.<\/strong><\/span><\/p>\n<p class=\"p1\"><span style=\"font-size: 14pt;\">Pero la l\u00f3gica debe basarse en el conocimiento pol\u00edtico, de las leyes, y, sobre todo, estar actualizado con lo que sucede en el presente, que tiene cambios sustanciales con el pasado.<\/span><\/p>\n<p class=\"p1\"><span style=\"font-size: 18pt;\"><strong>La declinaci\u00f3n de Zo\u00e9 Robledo a una candidatura que nunca busc\u00f3 p\u00fablicamente coronar con m\u00e1s cr\u00edticas que logros a un periodismo que se qued\u00f3 en el pasado, donde todo era tenebroso y mal intencionado. Ahora los \u00fanicos malpensados son los medios, que no se dan cuenta de la l\u00f3gica en este caso, donde la candidata debe ser mujer y en esto radica todo el proyecto pol\u00edtico para Chiapas.<\/strong><\/span><\/p>\n<p>&nbsp;<\/p>\n<p><img loading=\"lazy\" decoding=\"async\" class=\"aligncenter wp-image-23373 size-large\" src=\"https:\/\/politicosaldesnudo.com.mx\/wp-content\/uploads\/2023\/08\/P-ZOE-ROBLEDO-1024x573.png\" alt=\"\" width=\"800\" height=\"448\" \/><\/p>\n<p>&nbsp;<\/p>\n<p class=\"p1\"><span style=\"font-size: 14pt;\">Robledo argument\u00f3 que es un acto de congruencia para materializar la encomienda de implementar el proyecto tit\u00e1nico del IMSS Bienestar. Aunque no deja de reconocer que uno de los objetivos de su ingreso a la pol\u00edtica fue gobernar su estado natal.<\/span><\/p>\n<p class=\"p1\"><span style=\"font-size: 14pt;\">Su paso por la subsecretar\u00eda de Gobernaci\u00f3n, fue un lugar de aprendizaje muy importante y le sirvi\u00f3 para combinar proyectos personales con las prioridades comunes de la poblaci\u00f3n, que son, al fin y al cabo, el foco de atenci\u00f3n del movimiento del que forma parte y esencia del servicio p\u00fablico.<\/span><\/p>\n<p class=\"p1\"><span style=\"font-size: 18pt; color: #e42d33;\"><strong>Robledo Aburto, coment\u00f3,\u00a0que su padre,\u00a0Eduardo Robledo Rinc\u00f3n,\u00a0exgobernador de\u00a0Chiapas, lo felicit\u00f3 por su decisi\u00f3n. porque la\u00a0gubernatura\u00a0de su estado natal no es un\u00a0sue\u00f1o\u00a0que pueda cancelarse de manera definitiva.<\/strong><\/span><\/p>\n<p class=\"p1\"><span style=\"font-size: 14pt;\">En esta decisi\u00f3n no estuvo ausente alg\u00fan medio que formaba que la clase pol\u00edtica en Chiapas se \u201cconvulsion\u00f3\u201d ante la noticia de que se bajaba Z\u00f3e Robledo de la contienda. Cuando en realidad nadie se baja de un lugar al que nunca se ha subido.<\/span><\/p>\n<p class=\"p1\"><span style=\"font-size: 18pt;\"><strong>La aparente injerencia del Presidente de anunciar que no va a la candidatura por Chiapas Zo\u00e9 Robledo, no fue otra cosa que anunciar que si bien no se sabe el nombre de la candidata, s\u00ed se conoce el que no es el abanderado. Desde luego que el hecho de apostar por una mujer por la gubernatura de esa entidad, es un asunto sabido si se conoce la pol\u00edtica actual, si se revisan las leyes, si hay un inter\u00e9s aut\u00e9ntico por informar, pero en M\u00e9xico prevalece el odio y el rencor ante la objetividad en lo que se difunde.<\/strong><\/span><\/p>\n<p class=\"p1\"><span style=\"font-size: 14pt;\">El lugar de la mujer en el M\u00e9xico contempor\u00e1neo pareciera ser un asunto menor para algunos medios y ciertos periodistas, pero debe ser tomado en cuenta como uno de los aspectos m\u00e1s relevantes de la vida p\u00fablica de un pa\u00eds que, aunque algunos no lo reconozcan, cambia. Ya si cambia para bien o para mal es otra cosa, pero de que cambia, cambia.<\/span><\/p>\n<p>&nbsp;<\/p>\n<p class=\"p1\"><span style=\"font-size: 18pt; color: #e42d33;\"><strong>PEGA Y CORRE<\/strong><\/span><\/p>\n<p class=\"p1\"><span style=\"font-size: 14pt;\">Mario Delgado Carrillo, dirigente nacional de Morena, asegur\u00f3 que Marcelo Ebrard no present\u00f3 al partido pruebas de los presuntos acarreos, utilizaci\u00f3n de la estructura de la Secretar\u00eda del Bienestar y derroche de recursos a favor de Claudia Sheinbaum que denunci\u00f3.<\/span><\/p>\n<p>&nbsp;<\/p>\n<p><em><span style=\"font-size: 18pt;\"><strong>Esta columna se publica los lunes, mi\u00e9rcoles y viernes<\/strong><\/span><\/em><\/p>\n<p>&nbsp;<\/p>\n<hr \/>\n<p>&nbsp;<\/p>\n<p><img loading=\"lazy\" decoding=\"async\" class=\"aligncenter wp-image-11449\" src=\"http:\/\/noticiasveracruz.com\/wp-content\/uploads\/2023\/01\/FIRMA-EDITORIAL-NV-300x37.png\" alt=\"\" width=\"1000\" height=\"122\" srcset=\"https:\/\/noticiasveracruz.com\/wp-content\/uploads\/2023\/01\/FIRMA-EDITORIAL-NV-300x37.png 300w, https:\/\/noticiasveracruz.com\/wp-content\/uploads\/2023\/01\/FIRMA-EDITORIAL-NV-1024x125.png 1024w, https:\/\/noticiasveracruz.com\/wp-content\/uploads\/2023\/01\/FIRMA-EDITORIAL-NV-768x94.png 768w, https:\/\/noticiasveracruz.com\/wp-content\/uploads\/2023\/01\/FIRMA-EDITORIAL-NV-1536x188.png 1536w, https:\/\/noticiasveracruz.com\/wp-content\/uploads\/2023\/01\/FIRMA-EDITORIAL-NV-2048x250.png 2048w\" sizes=\"auto, (max-width: 1000px) 100vw, 1000px\" \/><\/p>\n<p>&nbsp;<\/p>\n<p>&nbsp;<\/p>\n<p>&nbsp;<\/p>\n<p>&nbsp;<\/p>\n","protected":false},"excerpt":{"rendered":"<p>&nbsp; Por \u00c1ngel \u00c1lvaro Pe\u00f1a La mara\u00f1a de intereses que s\u00f3lo ocurri\u00f3 en los medios, el supuesto rechazo al director<\/p>\n","protected":false},"author":4,"featured_media":3187,"comment_status":"closed","ping_status":"closed","sticky":false,"template":"","format":"standard","meta":{"colormag_page_container_layout":"default_layout","colormag_page_sidebar_layout":"default_layout","_jetpack_memberships_contains_paid_content":false,"footnotes":"","jetpack_publicize_message":"","jetpack_publicize_feature_enabled":true,"jetpack_social_post_already_shared":true,"jetpack_social_options":{"image_generator_settings":{"template":"highway","default_image_id":0,"font":"","enabled":false},"version":2}},"categories":[6],"tags":[117,566],"class_list":["post-18365","post","type-post","status-publish","format-standard","has-post-thumbnail","hentry","category-columnistas","tag-chiapas","tag-zoe-robledo"],"jetpack_publicize_connections":[],"jetpack_featured_media_url":"https:\/\/noticiasveracruz.com\/wp-content\/uploads\/2022\/04\/A\u0301NGEL-A\u0301LVARO-PEN\u0303A.png","jetpack_sharing_enabled":true,"publishpress_future_action":{"enabled":false,"date":"2026-05-08 23:44:10","action":"change-status","newStatus":"draft","terms":[],"taxonomy":"category","extraData":[]},"publishpress_future_workflow_manual_trigger":{"enabledWorkflows":[]},"_links":{"self":[{"href":"https:\/\/noticiasveracruz.com\/index.php\/wp-json\/wp\/v2\/posts\/18365","targetHints":{"allow":["GET"]}}],"collection":[{"href":"https:\/\/noticiasveracruz.com\/index.php\/wp-json\/wp\/v2\/posts"}],"about":[{"href":"https:\/\/noticiasveracruz.com\/index.php\/wp-json\/wp\/v2\/types\/post"}],"author":[{"embeddable":true,"href":"https:\/\/noticiasveracruz.com\/index.php\/wp-json\/wp\/v2\/users\/4"}],"replies":[{"embeddable":true,"href":"https:\/\/noticiasveracruz.com\/index.php\/wp-json\/wp\/v2\/comments?post=18365"}],"version-history":[{"count":0,"href":"https:\/\/noticiasveracruz.com\/index.php\/wp-json\/wp\/v2\/posts\/18365\/revisions"}],"wp:featuredmedia":[{"embeddable":true,"href":"https:\/\/noticiasveracruz.com\/index.php\/wp-json\/wp\/v2\/media\/3187"}],"wp:attachment":[{"href":"https:\/\/noticiasveracruz.com\/index.php\/wp-json\/wp\/v2\/media?parent=18365"}],"wp:term":[{"taxonomy":"category","embeddable":true,"href":"https:\/\/noticiasveracruz.com\/index.php\/wp-json\/wp\/v2\/categories?post=18365"},{"taxonomy":"post_tag","embeddable":true,"href":"https:\/\/noticiasveracruz.com\/index.php\/wp-json\/wp\/v2\/tags?post=18365"}],"curies":[{"name":"wp","href":"https:\/\/api.w.org\/{rel}","templated":true}]}}