{"id":18353,"date":"2023-08-22T08:40:16","date_gmt":"2023-08-22T13:40:16","guid":{"rendered":"https:\/\/noticiasveracruz.com\/?p=18353"},"modified":"2023-08-22T08:40:57","modified_gmt":"2023-08-22T13:40:57","slug":"unos-menos-del-fam-santiago-creel-se-baja-de-la-contienda","status":"publish","type":"post","link":"https:\/\/noticiasveracruz.com\/index.php\/2023\/08\/22\/unos-menos-del-fam-santiago-creel-se-baja-de-la-contienda\/","title":{"rendered":"\u00a1Unos menos del FAM! Santiago Creel se baja de la contienda"},"content":{"rendered":"<p>&nbsp;<\/p>\n<p class=\"p1\"><span style=\"font-size: 14pt;\"><em><strong>CIUDAD DE M\u00c9XICO.<\/strong> <\/em><strong>Santiago Creel<\/strong> anunci\u00f3 que se baja de la contienda del <em><strong>Frente Amplio por M\u00e9xico<\/strong><\/em>, con el <strong>objetivo de apoyar a X\u00f3chitl G\u00e1lvez<\/strong> para que la senadora sea la candidata presidencial de la oposici\u00f3n.<\/span><\/p>\n<p class=\"p1\"><span style=\"font-size: 14pt;\">A trav\u00e9s de un video publicado en sus redes sociales, el diputado con licencia se\u00f1al\u00f3 que la mejor alternativa es \u201cmantenernos unidos en torno a X\u00f3chitl\u201d. La declinaci\u00f3n de Creel Miranda se produce a unas horas de que se realice el tercer foro regional del <em>Frente Amplio por M\u00e9xico<\/em> en Le\u00f3n, Guanajuato.<\/span><\/p>\n<p>&nbsp;<\/p>\n<blockquote class=\"twitter-tweet\" data-width=\"550\" data-dnt=\"true\">\n<p lang=\"es\" dir=\"ltr\">Mi amor por M\u00e9xico ha sido, es y ser\u00e1 siempre lo m\u00e1s importante. <a href=\"https:\/\/t.co\/ezbNwR22PT\">pic.twitter.com\/ezbNwR22PT<\/a><\/p>\n<p>&mdash; \ud83c\uddf2\ud83c\uddfdSantiago Creel (@SantiagoCreelM) <a href=\"https:\/\/twitter.com\/SantiagoCreelM\/status\/1693798178817032265?ref_src=twsrc%5Etfw\">August 22, 2023<\/a><\/p><\/blockquote>\n<p><script async src=\"https:\/\/platform.twitter.com\/widgets.js\" charset=\"utf-8\"><\/script><\/p>\n<p>&nbsp;<\/p>\n<p class=\"p1\"><span style=\"font-size: 14pt;\">Cabe recordar que en los foros regionales celebrados en Durango y Monterrey afirm\u00f3 que se mantendr\u00eda hasta el final del proceso.<\/span><\/p>\n<p class=\"p1\"><span style=\"font-size: 18pt;\"><strong>Previamente, el dirigente nacional del PRI, Alejandro Moreno, anunci\u00f3 que ser\u00e1 X\u00f3chitl G\u00e1lvez o Beatriz Paredes, la encargada de encabezar la alianza opositora que se enfrentar\u00e1 a Morena en los comicios de 2024.<\/strong><\/span><\/p>\n<p>&nbsp;<\/p>\n<blockquote>\n<p class=\"p1\"><span style=\"font-size: 14pt;\">Ha quedado claro que ser\u00e1 una mujer la responsable de construir el Frente Amplio por M\u00e9xico\u201d, dijo a medios de comunicaci\u00f3n.<\/span><\/p>\n<\/blockquote>\n<p>&nbsp;<\/p>\n<p class=\"p1\"><span style=\"font-size: 14pt;\">Adem\u00e1s, simpatizantes y militantes del PAN, pidieron a Creel bajarse de la contienda para apoyar a G\u00e1lvez Ruiz, con firme prop\u00f3sito de no fragmentar al partido en la consulta que definir\u00e1 a la candidatura de oposici\u00f3n en las elecciones de 2024.<\/span><\/p>\n<p>&nbsp;<\/p>\n<blockquote>\n<p class=\"p1\"><span style=\"font-size: 14pt;\">Cientos de panistas m\u00e1s all\u00e1 de los liderazgos, hemos acompa\u00f1ado a la senadora G\u00e1lvez en su recorrido por nuestros estados (&#8230;) Apelamos a su generosidad pol\u00edtica y le pedimos, respetuosamente, se sume a la consolidaci\u00f3n del liderazgo que ha logrado conjuntar a miles de habitantes que, desde sus espacios, han demostrado que el FAM tiene la posibilidad real de cambiar nuestro rumbo en la persona de X\u00f3chitl G\u00e1lvez\u201d, expresaron.<\/span><\/p>\n<\/blockquote>\n<p>&nbsp;<\/p>\n<p class=\"p1\"><span style=\"font-size: 14pt;\">Con este escenario, X\u00f3chitl G\u00e1lvez y Beatriz Paredes, son las dos finalistas quienes se disputar\u00e1n la candidatura en una segunda encuesta que se realizar\u00e1 del 27 al 30 de agosto, as\u00ed como la elecci\u00f3n primaria a realizarse el pr\u00f3ximo 3 de septiembre.<\/span><\/p>\n<p>&nbsp;<\/p>\n<p>&nbsp;<\/p>\n","protected":false},"excerpt":{"rendered":"<p>&nbsp; CIUDAD DE M\u00c9XICO. Santiago Creel anunci\u00f3 que se baja de la contienda del Frente Amplio por M\u00e9xico, con el<\/p>\n","protected":false},"author":4,"featured_media":18348,"comment_status":"closed","ping_status":"closed","sticky":false,"template":"","format":"standard","meta":{"colormag_page_container_layout":"default_layout","colormag_page_sidebar_layout":"default_layout","_jetpack_memberships_contains_paid_content":false,"footnotes":"","jetpack_publicize_message":"","jetpack_publicize_feature_enabled":true,"jetpack_social_post_already_shared":true,"jetpack_social_options":{"image_generator_settings":{"template":"highway","default_image_id":0,"font":"","enabled":false},"version":2}},"categories":[4],"tags":[2911,2782,74,1455,2012],"class_list":["post-18353","post","type-post","status-publish","format-standard","has-post-thumbnail","hentry","category-nacional","tag-fam","tag-frente-amplio","tag-pan","tag-santiago-creel","tag-xochitl-galvez"],"jetpack_publicize_connections":[],"jetpack_featured_media_url":"https:\/\/noticiasveracruz.com\/wp-content\/uploads\/2023\/08\/P-SANTIAGO-CREEL.png","jetpack_sharing_enabled":true,"publishpress_future_action":{"enabled":false,"date":"2026-05-07 22:54:21","action":"change-status","newStatus":"draft","terms":[],"taxonomy":"category","extraData":[]},"publishpress_future_workflow_manual_trigger":{"enabledWorkflows":[]},"_links":{"self":[{"href":"https:\/\/noticiasveracruz.com\/index.php\/wp-json\/wp\/v2\/posts\/18353","targetHints":{"allow":["GET"]}}],"collection":[{"href":"https:\/\/noticiasveracruz.com\/index.php\/wp-json\/wp\/v2\/posts"}],"about":[{"href":"https:\/\/noticiasveracruz.com\/index.php\/wp-json\/wp\/v2\/types\/post"}],"author":[{"embeddable":true,"href":"https:\/\/noticiasveracruz.com\/index.php\/wp-json\/wp\/v2\/users\/4"}],"replies":[{"embeddable":true,"href":"https:\/\/noticiasveracruz.com\/index.php\/wp-json\/wp\/v2\/comments?post=18353"}],"version-history":[{"count":0,"href":"https:\/\/noticiasveracruz.com\/index.php\/wp-json\/wp\/v2\/posts\/18353\/revisions"}],"wp:featuredmedia":[{"embeddable":true,"href":"https:\/\/noticiasveracruz.com\/index.php\/wp-json\/wp\/v2\/media\/18348"}],"wp:attachment":[{"href":"https:\/\/noticiasveracruz.com\/index.php\/wp-json\/wp\/v2\/media?parent=18353"}],"wp:term":[{"taxonomy":"category","embeddable":true,"href":"https:\/\/noticiasveracruz.com\/index.php\/wp-json\/wp\/v2\/categories?post=18353"},{"taxonomy":"post_tag","embeddable":true,"href":"https:\/\/noticiasveracruz.com\/index.php\/wp-json\/wp\/v2\/tags?post=18353"}],"curies":[{"name":"wp","href":"https:\/\/api.w.org\/{rel}","templated":true}]}}