{"id":18347,"date":"2023-08-22T08:37:10","date_gmt":"2023-08-22T13:37:10","guid":{"rendered":"https:\/\/noticiasveracruz.com\/?p=18347"},"modified":"2023-08-22T08:41:15","modified_gmt":"2023-08-22T13:41:15","slug":"por-lluvias-gobierno-federal-declaran-municipios-de-veracruz-zonas-de-desastre","status":"publish","type":"post","link":"https:\/\/noticiasveracruz.com\/index.php\/2023\/08\/22\/por-lluvias-gobierno-federal-declaran-municipios-de-veracruz-zonas-de-desastre\/","title":{"rendered":"Por lluvias, Gobierno federal declara municipios de Veracruz zonas de desastre"},"content":{"rendered":"<p>&nbsp;<\/p>\n<p class=\"p1\"><span style=\"font-size: 14pt;\"><em><strong>CIUDAD DE M\u00c9XICO.<\/strong> <\/em><strong>El gobierno federal<\/strong> ha declarado como<strong> zona de desastre a siete municipios de Veracruz<\/strong> afectados por lluvias severas y deslaves de laderas.<\/span><\/p>\n<p class=\"p1\"><span style=\"font-size: 18pt;\"><strong>Los municipios afectados son Coetzala, Mixtla de Altamira no, Tequila, Naranjal, Omealca, Zongolica y Los Reyes.<\/strong><\/span><\/p>\n<p class=\"p1\"><span style=\"font-size: 14pt;\">Esta declaratoria de desastre natural permite a los municipios afectados recibir apoyo federal para atender los da\u00f1os causados por las lluvias.<\/span><\/p>\n<p>&nbsp;<\/p>\n<p><img loading=\"lazy\" decoding=\"async\" class=\"aligncenter wp-image-23351 size-large\" src=\"https:\/\/politicosaldesnudo.com.mx\/wp-content\/uploads\/2023\/08\/P-ZONGOLICA-2-1024x573.png\" alt=\"\" width=\"800\" height=\"448\" \/><\/p>\n<p>&nbsp;<\/p>\n<p class=\"p1\"><span style=\"font-size: 18pt;\"><strong>Las autoridades han se\u00f1alado que lluvias y los deslaves han causado da\u00f1os a viviendas, carreteras, socavones y \u00e1rboles ca\u00eddos.<\/strong><\/span><\/p>\n<p class=\"p1\"><span style=\"font-size: 14pt;\">Por otro lado, la zona sur de Veracruz ha sido la m\u00e1s afectada, con da\u00f1os a m\u00e1s de mil casas en Minatitl\u00e1n, Cosoleacaque e Ixtaczoquitl\u00e1n.<\/span><\/p>\n<p class=\"p1\"><span style=\"font-size: 14pt;\">Por su parte, el gobierno federal ha implementado el Plan DN-III de la Secretar\u00eda de la Defensa Nacional y el Plan Taj\u00edn de la Secretar\u00eda de Seguridad P\u00fablica estatal para brindar ayuda a los afectados.<\/span><\/p>\n<p class=\"p1\"><span style=\"font-size: 14pt;\">Y se\u00f1alaron que se est\u00e1 trabajando para asegurar que los municipios afectados tengan el apoyo que necesitan para recuperarse de las lluvias y los deslaves.<\/span><\/p>\n<p>&nbsp;<\/p>\n<p>&nbsp;<\/p>\n<p>&nbsp;<\/p>\n","protected":false},"excerpt":{"rendered":"<p>&nbsp; CIUDAD DE M\u00c9XICO. El gobierno federal ha declarado como zona de desastre a siete municipios de Veracruz afectados por<\/p>\n","protected":false},"author":4,"featured_media":18349,"comment_status":"closed","ping_status":"closed","sticky":false,"template":"","format":"standard","meta":{"colormag_page_container_layout":"default_layout","colormag_page_sidebar_layout":"default_layout","_jetpack_memberships_contains_paid_content":false,"footnotes":"","jetpack_publicize_message":"","jetpack_publicize_feature_enabled":true,"jetpack_social_post_already_shared":true,"jetpack_social_options":{"image_generator_settings":{"template":"highway","default_image_id":0,"font":"","enabled":false},"version":2}},"categories":[356],"tags":[2910,844,73],"class_list":["post-18347","post","type-post","status-publish","format-standard","has-post-thumbnail","hentry","category-veracruz","tag-desastre","tag-lluvias","tag-veracruz"],"jetpack_publicize_connections":[],"jetpack_featured_media_url":"https:\/\/noticiasveracruz.com\/wp-content\/uploads\/2023\/08\/P-ZONGOLICA-1.png","jetpack_sharing_enabled":true,"publishpress_future_action":{"enabled":false,"date":"2026-05-07 23:42:01","action":"change-status","newStatus":"draft","terms":[],"taxonomy":"category","extraData":[]},"publishpress_future_workflow_manual_trigger":{"enabledWorkflows":[]},"_links":{"self":[{"href":"https:\/\/noticiasveracruz.com\/index.php\/wp-json\/wp\/v2\/posts\/18347","targetHints":{"allow":["GET"]}}],"collection":[{"href":"https:\/\/noticiasveracruz.com\/index.php\/wp-json\/wp\/v2\/posts"}],"about":[{"href":"https:\/\/noticiasveracruz.com\/index.php\/wp-json\/wp\/v2\/types\/post"}],"author":[{"embeddable":true,"href":"https:\/\/noticiasveracruz.com\/index.php\/wp-json\/wp\/v2\/users\/4"}],"replies":[{"embeddable":true,"href":"https:\/\/noticiasveracruz.com\/index.php\/wp-json\/wp\/v2\/comments?post=18347"}],"version-history":[{"count":0,"href":"https:\/\/noticiasveracruz.com\/index.php\/wp-json\/wp\/v2\/posts\/18347\/revisions"}],"wp:featuredmedia":[{"embeddable":true,"href":"https:\/\/noticiasveracruz.com\/index.php\/wp-json\/wp\/v2\/media\/18349"}],"wp:attachment":[{"href":"https:\/\/noticiasveracruz.com\/index.php\/wp-json\/wp\/v2\/media?parent=18347"}],"wp:term":[{"taxonomy":"category","embeddable":true,"href":"https:\/\/noticiasveracruz.com\/index.php\/wp-json\/wp\/v2\/categories?post=18347"},{"taxonomy":"post_tag","embeddable":true,"href":"https:\/\/noticiasveracruz.com\/index.php\/wp-json\/wp\/v2\/tags?post=18347"}],"curies":[{"name":"wp","href":"https:\/\/api.w.org\/{rel}","templated":true}]}}