{"id":18342,"date":"2023-08-22T08:15:35","date_gmt":"2023-08-22T13:15:35","guid":{"rendered":"https:\/\/noticiasveracruz.com\/?p=18342"},"modified":"2023-08-22T08:15:35","modified_gmt":"2023-08-22T13:15:35","slug":"hoy-inauguracion-del-la-expo-internacional-gastronomica-y-cultural-tuxpan-2023","status":"publish","type":"post","link":"https:\/\/noticiasveracruz.com\/index.php\/2023\/08\/22\/hoy-inauguracion-del-la-expo-internacional-gastronomica-y-cultural-tuxpan-2023\/","title":{"rendered":"\u00a1Hoy! Inauguraci\u00f3n del la Expo Internacional Gastron\u00f3mica y Cultural Tuxpan 2023"},"content":{"rendered":"<p>&nbsp;<\/p>\n<p class=\"p2\"><span style=\"font-size: 14pt;\"><em><strong>TUXPAN, VERACRUZ.<\/strong> <\/em>El Ayuntamiento de Tuxpan hace una cordial invitaci\u00f3n a los ciudadanos para que asista a la <strong>Expo Internacional Gastron\u00f3mica y Cultural Tuxpan 2023<\/strong>.<\/span><\/p>\n<p class=\"p2\"><span style=\"font-size: 18pt;\"><strong>Esta expo se llevar\u00e1 a cabo del martes 22 al domingo 27 de agosto de 09:00 de 20:00 horas.<\/strong><\/span><\/p>\n<p class=\"p2\"><span style=\"font-size: 18pt;\"><strong>Los asistentes podr\u00e1n probar platillos y bebidas de pa\u00edses como Cuba, Uruguay, Guatemala, Ecuador, Camer\u00fan, Togo, Argelia, Azerbaiy\u00e1n, Per\u00fa, T\u00fanez, Egipto, Marruecos y Corea; as\u00ed como comidas t\u00edpicas de varios estados de M\u00e9xico.<span class=\"Apple-converted-space\">\u00a0 \u00a0<\/span><\/strong><\/span><\/p>\n<p class=\"p2\"><span style=\"font-size: 14pt;\">Tambi\u00e9n conocer\u00e1n diferentes culturas mediante artesan\u00edas elaboradas con materiales como barro, madera y cuero, entre otros. <\/span><\/p>\n<p class=\"p2\"><span style=\"font-size: 14pt;\">Asimismo tendr\u00e1n la posibilidad de adquirir una gran variedad de souvenirs: playeras, gorras, joyer\u00eda, carteras de piel, vinos, sombreros, ropa de alpaca, ropa de algod\u00f3n, cosm\u00e9ticos y mucho m\u00e1s. <\/span><\/p>\n<p class=\"p2\"><span style=\"font-size: 14pt;\">\u00a1No faltes!<\/span><\/p>\n<p>&nbsp;<\/p>\n<p><img loading=\"lazy\" decoding=\"async\" class=\"aligncenter wp-image-23233 size-large\" src=\"https:\/\/politicosaldesnudo.com.mx\/wp-content\/uploads\/2023\/08\/P-EXPO-CULTURA-2-791x1024.png\" alt=\"\" width=\"791\" height=\"1024\" \/><\/p>\n<p>&nbsp;<\/p>\n<p>&nbsp;<\/p>\n","protected":false},"excerpt":{"rendered":"<p>&nbsp; TUXPAN, VERACRUZ. El Ayuntamiento de Tuxpan hace una cordial invitaci\u00f3n a los ciudadanos para que asista a la Expo<\/p>\n","protected":false},"author":4,"featured_media":18343,"comment_status":"closed","ping_status":"closed","sticky":false,"template":"","format":"standard","meta":{"colormag_page_container_layout":"default_layout","colormag_page_sidebar_layout":"default_layout","_jetpack_memberships_contains_paid_content":false,"footnotes":"","jetpack_publicize_message":"","jetpack_publicize_feature_enabled":true,"jetpack_social_post_already_shared":true,"jetpack_social_options":{"image_generator_settings":{"template":"highway","default_image_id":0,"font":"","enabled":false},"version":2}},"categories":[356],"tags":[2909,72,73],"class_list":["post-18342","post","type-post","status-publish","format-standard","has-post-thumbnail","hentry","category-veracruz","tag-expo-internacional","tag-tuxpan","tag-veracruz"],"jetpack_publicize_connections":[],"jetpack_featured_media_url":"https:\/\/noticiasveracruz.com\/wp-content\/uploads\/2023\/08\/P-EXPO-INTERNACIONAL.png","jetpack_sharing_enabled":true,"publishpress_future_action":{"enabled":false,"date":"2026-05-08 00:36:28","action":"change-status","newStatus":"draft","terms":[],"taxonomy":"category","extraData":[]},"publishpress_future_workflow_manual_trigger":{"enabledWorkflows":[]},"_links":{"self":[{"href":"https:\/\/noticiasveracruz.com\/index.php\/wp-json\/wp\/v2\/posts\/18342","targetHints":{"allow":["GET"]}}],"collection":[{"href":"https:\/\/noticiasveracruz.com\/index.php\/wp-json\/wp\/v2\/posts"}],"about":[{"href":"https:\/\/noticiasveracruz.com\/index.php\/wp-json\/wp\/v2\/types\/post"}],"author":[{"embeddable":true,"href":"https:\/\/noticiasveracruz.com\/index.php\/wp-json\/wp\/v2\/users\/4"}],"replies":[{"embeddable":true,"href":"https:\/\/noticiasveracruz.com\/index.php\/wp-json\/wp\/v2\/comments?post=18342"}],"version-history":[{"count":0,"href":"https:\/\/noticiasveracruz.com\/index.php\/wp-json\/wp\/v2\/posts\/18342\/revisions"}],"wp:featuredmedia":[{"embeddable":true,"href":"https:\/\/noticiasveracruz.com\/index.php\/wp-json\/wp\/v2\/media\/18343"}],"wp:attachment":[{"href":"https:\/\/noticiasveracruz.com\/index.php\/wp-json\/wp\/v2\/media?parent=18342"}],"wp:term":[{"taxonomy":"category","embeddable":true,"href":"https:\/\/noticiasveracruz.com\/index.php\/wp-json\/wp\/v2\/categories?post=18342"},{"taxonomy":"post_tag","embeddable":true,"href":"https:\/\/noticiasveracruz.com\/index.php\/wp-json\/wp\/v2\/tags?post=18342"}],"curies":[{"name":"wp","href":"https:\/\/api.w.org\/{rel}","templated":true}]}}