{"id":18330,"date":"2023-08-22T05:40:04","date_gmt":"2023-08-22T10:40:04","guid":{"rendered":"https:\/\/noticiasveracruz.com\/?p=18330"},"modified":"2023-08-22T07:27:57","modified_gmt":"2023-08-22T12:27:57","slug":"xochitl-ante-fuegos-del-frente-palacio-morena","status":"publish","type":"post","link":"https:\/\/noticiasveracruz.com\/index.php\/2023\/08\/22\/xochitl-ante-fuegos-del-frente-palacio-morena\/","title":{"rendered":"X\u00f3chitl ante fuegos del Frente, Palacio, Morena\u2026"},"content":{"rendered":"<p class=\"p1\">\n<p>&nbsp;<\/p>\n<p class=\"p1\"><span style=\"font-size: 18pt;\"><strong>Por Jos\u00e9 Ure\u00f1a<\/strong><\/span><\/p>\n<p class=\"p1\"><span style=\"font-size: 14pt;\">Recibir\u00e1 fuego de varios lados.<\/span><\/p>\n<p class=\"p1\"><span style=\"font-size: 14pt;\">Desde enfrente, bajo el comando de Palacio Nacional, una gran campa\u00f1a en contra multiplicada en redes sociales y los medios bajo control del Gobierno.<\/span><\/p>\n<p class=\"p1\"><span style=\"font-size: 14pt;\">De\u00a0 grupos de la llamada sociedad civil contrarios a su ideolog\u00eda, entre ella su respeto al homosexualismo, el lesbianismo y al aborto en los t\u00e9rminos de las constituciones federal y estatales.<\/span><\/p>\n<p class=\"p1\"><span style=\"font-size: 14pt;\">Y desde dentro porque no se han roto las resistencias del panismo tradicional ni de los n\u00facleos priistas y perredistas tan contrarios y lejanos al PAN.<\/span><\/p>\n<p class=\"p1\"><span style=\"font-size: 14pt;\">En ese mar de oposiciones deber\u00e1 navegar\u00a0X\u00f3chitl G\u00e1lvez\u00a0para ser candidata presidencial contra el r\u00e9gimen antes de enfrentar la terrible campa\u00f1a de Estado en ciernes.<\/span><\/p>\n<p class=\"p1\"><span style=\"font-size: 14pt;\">Porque lo visto hasta ahora es apenas un asomo de cuanto le espera una vez ungida, si gana al aparato tricolor y a\u00a0Beatriz Paredes, por parte del<em> Frente Amplio por M\u00e9xico.<\/em><\/span><\/p>\n<p class=\"p1\"><span style=\"font-size: 14pt;\">Adentro ser\u00e1, es previsible, una lucha m\u00e1s intensa y fratricida a la esperada por el poder federal ante la\u00a0corcholata\u00a0escogida por el\u00a0dedazo\u00a0presidencial en septiembre para la alianza oficial.<\/span><\/p>\n<p class=\"p1\">\n<p class=\"p1\"><span style=\"font-size: 18pt; color: #e42d33;\"><strong>\u00a0PAN VS. PRI<\/strong><\/span><\/p>\n<p class=\"p1\"><span style=\"font-size: 14pt;\">\u00a0El Frente registra una lucha inesperada y destructiva.<\/span><\/p>\n<p class=\"p1\"><span style=\"font-size: 14pt;\">Uno:\u00a0<\/span><\/p>\n<p class=\"p1\"><span style=\"font-size: 14pt;\">Nunca se previ\u00f3, o no se anunci\u00f3, una competencia entre partidos para ganar la abanderada de oposici\u00f3n y hoy quedan dos personalidades frente a frente, la panista\u00a0X\u00f3chitl G\u00e1lvez\u00a0y la priista\u00a0Beatriz Paredes.<\/span><\/p>\n<p class=\"p1\"><span style=\"font-size: 14pt;\">Dos:<\/span><\/p>\n<p class=\"p1\"><span style=\"font-size: 14pt;\">Entra a contienda una estructura partidista a favor de\u00a0Beatriz Paredes\u00a0contra una personalidad,\u00a0X\u00f3chitl G\u00e1lvez, sin organizaci\u00f3n pol\u00edtica propia y rechazo de grupos tradicionales panistas presuntamente aliados.<\/span><\/p>\n<p class=\"p1\"><span style=\"font-size: 14pt;\">Reto aparte pero decisivo es penetrar en las capas populares del pa\u00eds, afines por voluntad propia o manipulaci\u00f3n de un r\u00e9gimen dado a repartir el erario con fines electorales.<\/span><\/p>\n<p class=\"p1\"><span style=\"font-size: 14pt;\">X\u00f3chitl\u00a0ha sido fen\u00f3meno en las \u00faltimas semanas, pero necesitar\u00e1 ampliar alianzas, renovar su discurso, asesorarse con especialistas en todos los temas y esgrimir proyectos estructurados en lugar de respuestas ingeniosas pero espont\u00e1neas.<\/span><\/p>\n<p>&nbsp;<\/p>\n<p class=\"p1\"><span style=\"font-size: 18pt; color: #e42d33;\"><strong>DIGNIDAD<\/strong><\/span><\/p>\n<p class=\"p1\"><span style=\"font-size: 14pt;\">La primera decisi\u00f3n la tom\u00f3\u00a0Santiago Creel.\u00a0<\/span><\/p>\n<p class=\"p1\"><span style=\"font-size: 14pt;\">Anoche, al momento de redactar este texto, \u00e9l declin\u00f3 sus aspiraciones a favor de\u00a0X\u00f3chitl G\u00e1lvez\u00a0y prometi\u00f3 luchar a su lado por cristalizar ideas y proyectos para un M\u00e9xico distinto al actual.<\/span><\/p>\n<p class=\"p1\"><span style=\"font-size: 14pt;\">Por la ma\u00f1ana le dijeron 15 exgobernadores panistas:<\/span><\/p>\n<p class=\"p1\"><span style=\"font-size: 14pt;\">\u201cLos n\u00fameros que todos conocemos indican que\u00a0X\u00f3chitl G\u00e1lvez\u00a0tiene la mayor\u00eda de las preferencias\u2026 Es momento de cerrar filas y asegurar el triunfo no s\u00f3lo en el <em>Frente Amplio<\/em>, sino en las elecciones constitucionales\u2026\u201d.<\/span><\/p>\n<p class=\"p1\"><span style=\"font-size: 14pt;\">\u201c\u2026Con la amistad y confianza que nos dan las batallas que juntos hemos dado, es que te pedimos ahora que declines a favor de\u00a0X\u00f3chitl G\u00e1lvez\u00a0tu noble y leg\u00edtima aspiraci\u00f3n\u2026\u201d.<\/span><\/p>\n<p class=\"p1\"><span style=\"font-size: 14pt;\">Al redactar esta nota\u00a0Creel\u00a0anunci\u00f3 su \u201ctotal apoyo\u201d a la senadora y el escenario est\u00e1 montado:\u00a0X\u00f3chitl\u00a0contra\u00a0Beatriz, humillada en dos elecciones sucesivas -2006 y 2012- en el entonces Distrito Federal y hoy Ciudad de M\u00e9xico.<\/span><\/p>\n<p class=\"p1\"><span style=\"font-size: 14pt;\">Creel\u00a0atendi\u00f3, sirva el listado, el llamado de exgobernadores como\u00a0Marco Antonio Adame,\u00a0Vicente Fox,\u00a0Francisco Ram\u00edrez Acu\u00f1a,\u00a0Fernando Canales\u00a0y para qu\u00e9 citar a los once restantes.<\/span><\/p>\n<p class=\"p1\"><span style=\"font-size: 14pt;\">Pero falta, como dijimos arriba, si el PAN de\u00a0Marko Cort\u00e9s\u00a0da todo por la candidata m\u00e1s competitiva para enfrentar al aparato de Estado en junio de 2024.<\/span><\/p>\n<p>&nbsp;<\/p>\n<hr \/>\n<p>&nbsp;<\/p>\n<p class=\"p3\"><strong><span style=\"font-size: 18pt;\"><span class=\"s2\">Twitter: <a href=\"https:\/\/twitter.com\/urenajose1\">@urenajose1<\/a><\/span><\/span><\/strong><\/p>\n<p>&nbsp;<\/p>\n<p><img loading=\"lazy\" decoding=\"async\" class=\"aligncenter wp-image-11449\" src=\"http:\/\/noticiasveracruz.com\/wp-content\/uploads\/2023\/01\/FIRMA-EDITORIAL-NV-300x37.png\" alt=\"\" width=\"1000\" height=\"122\" srcset=\"https:\/\/noticiasveracruz.com\/wp-content\/uploads\/2023\/01\/FIRMA-EDITORIAL-NV-300x37.png 300w, https:\/\/noticiasveracruz.com\/wp-content\/uploads\/2023\/01\/FIRMA-EDITORIAL-NV-1024x125.png 1024w, https:\/\/noticiasveracruz.com\/wp-content\/uploads\/2023\/01\/FIRMA-EDITORIAL-NV-768x94.png 768w, https:\/\/noticiasveracruz.com\/wp-content\/uploads\/2023\/01\/FIRMA-EDITORIAL-NV-1536x188.png 1536w, https:\/\/noticiasveracruz.com\/wp-content\/uploads\/2023\/01\/FIRMA-EDITORIAL-NV-2048x250.png 2048w\" sizes=\"auto, (max-width: 1000px) 100vw, 1000px\" \/><\/p>\n<p>&nbsp;<\/p>\n<p>&nbsp;<\/p>\n<p>&nbsp;<\/p>\n<p>&nbsp;<\/p>\n","protected":false},"excerpt":{"rendered":"<p>&nbsp; Por Jos\u00e9 Ure\u00f1a Recibir\u00e1 fuego de varios lados. Desde enfrente, bajo el comando de Palacio Nacional, una gran campa\u00f1a<\/p>\n","protected":false},"author":4,"featured_media":3258,"comment_status":"closed","ping_status":"closed","sticky":false,"template":"","format":"standard","meta":{"colormag_page_container_layout":"default_layout","colormag_page_sidebar_layout":"default_layout","_jetpack_memberships_contains_paid_content":false,"footnotes":"","jetpack_publicize_message":"","jetpack_publicize_feature_enabled":true,"jetpack_social_post_already_shared":true,"jetpack_social_options":{"image_generator_settings":{"template":"highway","default_image_id":0,"font":"","enabled":false},"version":2}},"categories":[6],"tags":[],"class_list":["post-18330","post","type-post","status-publish","format-standard","has-post-thumbnail","hentry","category-columnistas"],"jetpack_publicize_connections":[],"jetpack_featured_media_url":"https:\/\/noticiasveracruz.com\/wp-content\/uploads\/2022\/04\/JOSE\u0301-UREN\u0303A.png","jetpack_sharing_enabled":true,"publishpress_future_action":{"enabled":false,"date":"2026-05-08 01:15:35","action":"change-status","newStatus":"draft","terms":[],"taxonomy":"category","extraData":[]},"publishpress_future_workflow_manual_trigger":{"enabledWorkflows":[]},"_links":{"self":[{"href":"https:\/\/noticiasveracruz.com\/index.php\/wp-json\/wp\/v2\/posts\/18330","targetHints":{"allow":["GET"]}}],"collection":[{"href":"https:\/\/noticiasveracruz.com\/index.php\/wp-json\/wp\/v2\/posts"}],"about":[{"href":"https:\/\/noticiasveracruz.com\/index.php\/wp-json\/wp\/v2\/types\/post"}],"author":[{"embeddable":true,"href":"https:\/\/noticiasveracruz.com\/index.php\/wp-json\/wp\/v2\/users\/4"}],"replies":[{"embeddable":true,"href":"https:\/\/noticiasveracruz.com\/index.php\/wp-json\/wp\/v2\/comments?post=18330"}],"version-history":[{"count":0,"href":"https:\/\/noticiasveracruz.com\/index.php\/wp-json\/wp\/v2\/posts\/18330\/revisions"}],"wp:featuredmedia":[{"embeddable":true,"href":"https:\/\/noticiasveracruz.com\/index.php\/wp-json\/wp\/v2\/media\/3258"}],"wp:attachment":[{"href":"https:\/\/noticiasveracruz.com\/index.php\/wp-json\/wp\/v2\/media?parent=18330"}],"wp:term":[{"taxonomy":"category","embeddable":true,"href":"https:\/\/noticiasveracruz.com\/index.php\/wp-json\/wp\/v2\/categories?post=18330"},{"taxonomy":"post_tag","embeddable":true,"href":"https:\/\/noticiasveracruz.com\/index.php\/wp-json\/wp\/v2\/tags?post=18330"}],"curies":[{"name":"wp","href":"https:\/\/api.w.org\/{rel}","templated":true}]}}