{"id":18292,"date":"2023-08-21T02:15:45","date_gmt":"2023-08-21T07:15:45","guid":{"rendered":"https:\/\/noticiasveracruz.com\/?p=18292"},"modified":"2023-08-21T03:05:16","modified_gmt":"2023-08-21T08:05:16","slug":"voto-inteligenteun-bien-para-nacion","status":"publish","type":"post","link":"https:\/\/noticiasveracruz.com\/index.php\/2023\/08\/21\/voto-inteligenteun-bien-para-nacion\/","title":{"rendered":"Voto inteligente\u2026un bien para la naci\u00f3n\u00a0"},"content":{"rendered":"<p>&nbsp;<\/p>\n<p class=\"p1\"><span style=\"font-size: 18pt;\"><b>Por Carlos O. Silva Bandala<\/b><\/span><\/p>\n<p class=\"p1\"><span style=\"font-size: 14pt;\">ESTRATEGIA. Serie de acciones muy meditadas encaminadas hacia un fin determinado.<\/span><\/p>\n<p class=\"p1\"><span style=\"font-size: 14pt;\">POL\u00cdTICA. Actividad de los que gobiernan o aspiran a gobernar los asuntos que afectan a la sociedad o al pa\u00eds. La pol\u00edtica es el objetivo macro, en cambio las estrategias son las formas de llegar a cumplir con esa pol\u00edtica. <\/span><\/p>\n<p class=\"p1\"><span style=\"font-size: 14pt;\">A la candidatura presidencial en la alianza <i>Va por M\u00e9xico<\/i>, al final llegan solo tres de los m\u00e1s de una docena de aspirantes, Beatriz Paredes, X\u00f3chitl G\u00e1lvez y Santiago Creel. Los tres son militantes de partidos pol\u00edticos, PAN y PRI. De acuerdo con el calendario que llevan a cabo, el candidato\/a se dar\u00e1 a conocer el 03 de septiembre. En Morena\/PT\/VE, igualmente est\u00e1n en la fase final de precampa\u00f1a y sobresalen de entre seis de ellos, solamente dos, Claudia Sheinbaum y Marcelo Ebrard. Entre estas dos personalidades est\u00e1 la real competencia por la candidatura presidencial. El d\u00eda 06 de septiembre se conocer\u00e1 quien habr\u00e1 de ser su candidato.<\/span><\/p>\n<p class=\"p1\"><span style=\"font-size: 18pt;\"><strong>Mientras que en <i>Va por M\u00e9xico<\/i> se confrontan dos partidos pol\u00edticos, en Morena no hay tal, dado que, son del mismo instituto. Si bien, en ambas precampa\u00f1as los precandidatos destacan por ellos mismos, la fuerza de los partidos pol\u00edticos como organizaci\u00f3n, s\u00ed cuenta y en mucho para la determinaci\u00f3n de quien los representar\u00e1; as\u00ed sucede con las simpat\u00edas mostradas de manera m\u00e1s copiosa en los m\u00edtines de Morena en favor de Claudia Sheinbaum, y todo lleva a considerar que habr\u00e1 de ser ella la candidata al caso, pues el Movimiento Regeneraci\u00f3n Nacional est\u00e1 operando.<\/strong><\/span><\/p>\n<p class=\"p1\"><span style=\"font-size: 14pt;\"> Lo que est\u00e1 en el juego del poder y fuerza real, pol\u00edtico partidista, es en los tres de <i>Va por M\u00e9xico<\/i>, al pertenecer a partidos pol\u00edticos supuestamente contrarios, desde su fundaci\u00f3n. Son las organizaciones pol\u00edtico-partidarias m\u00e1s antiguas, Acci\u00f3n Nacional desde 1939, mientras que el PRI toca las puertas centenarias en sus tres etapas constitutivas: PNR\/PRM\/PRI.<span class=\"Apple-converted-space\">\u00a0 <\/span>Hoy caminan de la mano. El PAN es un partido de derecha, conservador. El PRI es de centro izquierda- centro derecha (neoliberal). Durante todo ese tiempo el PAN ha logrado en dos ocasiones la Presidencia de la Rep\u00fablica; el PRI casi siempre, con la excepci\u00f3n del actual r\u00e9gimen presidencial morenista.<span class=\"Apple-converted-space\">\u00a0 <\/span>A partir de Miguel de la Madrid y su heredero Carlos Salinas que fueron Presidentes de la Rep\u00fablica, esas diferencias ideol\u00f3gicas se camuflajearon y m\u00e1s bien pasaron a ser afinidades. La filosof\u00eda plasmada en las declaraciones de principios de estos partidos qued\u00f3 en letra muerta. Domin\u00f3 el poder del dinero, el despojo del patrimonio nacional, el contubernio pol\u00edtico, la impunidad y la corrupci\u00f3n en todo lo que tocaban. La frase Hankista de \u201cpol\u00edtico pobre, es un pobre pol\u00edtico\u201d fue corolario del hacer de la responsabilidad p\u00fablica desde entonces hasta el \u00faltimo pri\u00edsta como Presidente: Enrique Pe\u00f1a Nieto. <\/span><\/p>\n<p class=\"p1\"><span style=\"font-size: 18pt;\"><strong>Circunstancialmente estos partidos pol\u00edticos est\u00e1n en el sentir del pueblo como instituciones non gratas. Si revisamos la historia, la generaci\u00f3n de 1968\/70 libr\u00f3 un combate abierto contra el poder pol\u00edtico imperante y los convencionalismos del orden moral burgu\u00e9s. Un movimiento tras m\u00e1s de medio siglo de universidades p\u00fablicas, bachilleratos, preparatorias y tecnol\u00f3gicos (hoy por centenares en el territorio nacional), formaron parte de un gremio generacional que rechazaban a los partidos PRI y PAN, desde entonces. Las nuevas generaciones, que vemos en las manifestaciones sociales multitudinarias, que no est\u00e1n de acuerdo con la forma de gobernar del Presiente AMLO, se identifican como un movimiento social apartidista, representados por ellos mismos y por los colectivos ciudadanos. Es en esas grandes movilizaciones sociales donde las dirigencias del PRI y el PAN: Alejandro Moreno y Marko Cort\u00e9s, se han hecho ver, con el se\u00f1uelo de hacer creer que tales, son simpatizantes de los mencionados partidos. Nada m\u00e1s falso que eso. <\/strong><\/span><\/p>\n<p class=\"p1\"><span style=\"font-size: 14pt;\">VERDAD. Es la coincidencia entre una afirmaci\u00f3n y los hechos, o la realidad a la que dicha afirmaci\u00f3n se refiere. Vivimos momentos pol\u00edticos donde los hechos importan, y deben importar. Si se repiten los nombres, recurrentemente, sin molestarnos en comprobar si es cierto su historial, importante y v\u00e1lido para la trascendencia de representar al Gobierno de la Rep\u00fablica, al no hacerlo, estaremos ayudando a construir un M\u00e9xico, donde la mentira y la verdad es f\u00e1cil de confundir. Por eso se dice que el repetir una mentira con suficiente frecuencia, se puede convertir en verdad. En cuanto afirmaciones que son reales o ficticias, conocidas o desconocidas, la repetici\u00f3n hace que todas parezcan m\u00e1s cre\u00edbles. El PAN y el PRI afirman constantemente que son organizaciones donde simpatizan y militan millones de ciudadanos. \u00bfser\u00e1?<\/span><\/p>\n<p>&nbsp;<\/p>\n<p class=\"p1\"><span style=\"font-size: 18pt; color: #e42d33;\"><b>PRUEBA DE FUEGO<\/b><\/span><\/p>\n<p class=\"p1\"><span style=\"font-size: 14pt;\">Se entiende como prueba de fuego, la demostraci\u00f3n dif\u00edcil y de car\u00e1cter decisivo. El PRI y el PAN est\u00e1n de frente al entredicho de la verdad o mentira de su realidad num\u00e9rica de representaci\u00f3n social, pues al ser solamente tres los precandidatos, dos de Acci\u00f3n Nacional y una del PRI y ning\u00fan otro m\u00e1s surgido de los colectivos ciudadanos o de los independientes (apartidistas), lo que les queda, es echar andar a sus militancias y estructura territorial (estrategia), para conseguir el mayor n\u00famero de simpat\u00edas. Ser\u00e1 muy ilustrativo saber con certeza, cuantos votos tuvo cada uno, en virtud que dicha informaci\u00f3n ser\u00e1 el referente de que tan cierto es, que, en esos partidos, est\u00e1n afiliados y simpatizan millones de ciudadanos, dado que la suma de votos de los tres, al pasar a la segunda etapa, no son significativos como fuerza pol\u00edtica electoral a la que se encaminan. Sin duda este ejercicio llamado primario, es una aut\u00e9ntica elecci\u00f3n entre dos partidos pol\u00edticos: PRI y PAN, que ahora aparentan ser lo mismo. Ese es el kit.<\/span><\/p>\n<p class=\"p1\"><span style=\"font-size: 18pt;\"><strong>De los precandidatos al comento, el perfil profesional, pol\u00edtico y personal contrastan notablemente entre uno y otras. Es innegable que el curr\u00edculo de Beatriz Paredes es el m\u00e1s consistente, por su experiencia en responsabilidades p\u00fablicas de gobierno estatal y nacional; en materia legislativa y en representaci\u00f3n de M\u00e9xico en el exterior. De igual manera por su militancia y dirigencia (CEN del PRI) partidista desde su juventud (MNJR) hasta la fecha. Son datos duros de un historial con un extraordinario soporte para merecer la candidatura presidencial de<i> Va por M\u00e9xico<\/i>. Ah\u00ed est\u00e1 el detalle. Santiago Creel, habiendo sido Secretario de Gobernaci\u00f3n y miembro del Congreso de la Uni\u00f3n, viejo y experimentado pol\u00edtico panista, se ubicar\u00eda en segunda opci\u00f3n y la se\u00f1ora X\u00f3chitl G\u00e1lvez, como exalcaldesa de Miguel Hidalgo\/ CdMx y Senadora de la Rep\u00fablica se queda muy atr\u00e1s de ellos. Los hechos, las historias, hablan por s\u00ed mismo para uno y para otras. Son datos insoslayables para la importancia de lo que est\u00e1 en juego del poder pol\u00edtico y el futuro de la naci\u00f3n, por lo que las clases medias, \u00e9stas que se identifican y simpatizan m\u00e1s con el PRI y el PAN, debieran razonar su voto.<\/strong><\/span><\/p>\n<p>&nbsp;<\/p>\n<p class=\"p1\"><span style=\"font-size: 18pt; color: #e42d33;\"><b>CONTRAINDICACI\u00d3N<\/b><\/span><\/p>\n<p class=\"p1\"><span style=\"font-size: 14pt;\">La publicidad que promueve cualidades que no se comprueban, que se sobre impone a los hechos e historias pol\u00edticas, induce al error, a la confusi\u00f3n sobre las verdaderas caracter\u00edsticas al m\u00e9rito republicano de aspirar a la candidatura presidencial. No somos sabios en t\u00e9rminos absolutos; lo que s\u00ed debemos demostrar, es que no somos tontos. Conformamos una naci\u00f3n con cientos de universidades y tecnol\u00f3gicos, de los cuales han emanado millones de profesionistas y t\u00e9cnicos, es por ello por lo que no nos asiste el derecho a equivocarnos o dejarnos embaucar. M\u00e9xico es el hogar territorial m\u00e1s grande de nuestra existencia. Bien vale un minuto de reflexi\u00f3n.<span class=\"Apple-converted-space\">\u00a0 \u00a0 \u00a0<\/span><\/span><\/p>\n<p>&nbsp;<\/p>\n<hr \/>\n<p>&nbsp;<\/p>\n<p><strong><span style=\"font-size: 18pt;\">Correo: <span class=\"s1\"><a href=\"mailto:flormarcc2@gmail.com\">flormarcc2@gmail.com<\/a><\/span><\/span><\/strong><\/p>\n<p>&nbsp;<\/p>\n<p><img loading=\"lazy\" decoding=\"async\" class=\"aligncenter wp-image-11449\" src=\"http:\/\/noticiasveracruz.com\/wp-content\/uploads\/2023\/01\/FIRMA-EDITORIAL-NV-300x37.png\" alt=\"\" width=\"1000\" height=\"122\" srcset=\"https:\/\/noticiasveracruz.com\/wp-content\/uploads\/2023\/01\/FIRMA-EDITORIAL-NV-300x37.png 300w, https:\/\/noticiasveracruz.com\/wp-content\/uploads\/2023\/01\/FIRMA-EDITORIAL-NV-1024x125.png 1024w, https:\/\/noticiasveracruz.com\/wp-content\/uploads\/2023\/01\/FIRMA-EDITORIAL-NV-768x94.png 768w, https:\/\/noticiasveracruz.com\/wp-content\/uploads\/2023\/01\/FIRMA-EDITORIAL-NV-1536x188.png 1536w, https:\/\/noticiasveracruz.com\/wp-content\/uploads\/2023\/01\/FIRMA-EDITORIAL-NV-2048x250.png 2048w\" sizes=\"auto, (max-width: 1000px) 100vw, 1000px\" \/><\/p>\n<p>&nbsp;<\/p>\n<p>&nbsp;<\/p>\n<p>&nbsp;<\/p>\n<p>&nbsp;<\/p>\n","protected":false},"excerpt":{"rendered":"<p>&nbsp; Por Carlos O. Silva Bandala ESTRATEGIA. Serie de acciones muy meditadas encaminadas hacia un fin determinado. POL\u00cdTICA. Actividad de<\/p>\n","protected":false},"author":4,"featured_media":7039,"comment_status":"closed","ping_status":"closed","sticky":false,"template":"","format":"standard","meta":{"colormag_page_container_layout":"default_layout","colormag_page_sidebar_layout":"default_layout","_jetpack_memberships_contains_paid_content":false,"footnotes":"","jetpack_publicize_message":"","jetpack_publicize_feature_enabled":true,"jetpack_social_post_already_shared":true,"jetpack_social_options":{"image_generator_settings":{"template":"highway","default_image_id":0,"font":"","enabled":false},"version":2}},"categories":[6],"tags":[],"class_list":["post-18292","post","type-post","status-publish","format-standard","has-post-thumbnail","hentry","category-columnistas"],"jetpack_publicize_connections":[],"jetpack_featured_media_url":"https:\/\/noticiasveracruz.com\/wp-content\/uploads\/2022\/08\/NV-CARLOS-SILVA2.png","jetpack_sharing_enabled":true,"publishpress_future_action":{"enabled":false,"date":"2026-05-08 07:36:28","action":"change-status","newStatus":"draft","terms":[],"taxonomy":"category","extraData":[]},"publishpress_future_workflow_manual_trigger":{"enabledWorkflows":[]},"_links":{"self":[{"href":"https:\/\/noticiasveracruz.com\/index.php\/wp-json\/wp\/v2\/posts\/18292","targetHints":{"allow":["GET"]}}],"collection":[{"href":"https:\/\/noticiasveracruz.com\/index.php\/wp-json\/wp\/v2\/posts"}],"about":[{"href":"https:\/\/noticiasveracruz.com\/index.php\/wp-json\/wp\/v2\/types\/post"}],"author":[{"embeddable":true,"href":"https:\/\/noticiasveracruz.com\/index.php\/wp-json\/wp\/v2\/users\/4"}],"replies":[{"embeddable":true,"href":"https:\/\/noticiasveracruz.com\/index.php\/wp-json\/wp\/v2\/comments?post=18292"}],"version-history":[{"count":0,"href":"https:\/\/noticiasveracruz.com\/index.php\/wp-json\/wp\/v2\/posts\/18292\/revisions"}],"wp:featuredmedia":[{"embeddable":true,"href":"https:\/\/noticiasveracruz.com\/index.php\/wp-json\/wp\/v2\/media\/7039"}],"wp:attachment":[{"href":"https:\/\/noticiasveracruz.com\/index.php\/wp-json\/wp\/v2\/media?parent=18292"}],"wp:term":[{"taxonomy":"category","embeddable":true,"href":"https:\/\/noticiasveracruz.com\/index.php\/wp-json\/wp\/v2\/categories?post=18292"},{"taxonomy":"post_tag","embeddable":true,"href":"https:\/\/noticiasveracruz.com\/index.php\/wp-json\/wp\/v2\/tags?post=18292"}],"curies":[{"name":"wp","href":"https:\/\/api.w.org\/{rel}","templated":true}]}}