{"id":18289,"date":"2023-08-21T02:12:13","date_gmt":"2023-08-21T07:12:13","guid":{"rendered":"https:\/\/noticiasveracruz.com\/?p=18289"},"modified":"2023-08-21T02:12:37","modified_gmt":"2023-08-21T07:12:37","slug":"berrinche-marcelista","status":"publish","type":"post","link":"https:\/\/noticiasveracruz.com\/index.php\/2023\/08\/21\/berrinche-marcelista\/","title":{"rendered":"Berrinche marcelista"},"content":{"rendered":"<p>&nbsp;<\/p>\n<p class=\"p1\"><span style=\"font-size: 18pt;\"><b>Por Jos\u00e9 Garc\u00eda S\u00e1nchez<\/b><\/span><\/p>\n<p class=\"p1\"><span style=\"font-size: 14pt;\">La falta de identidad ideol\u00f3gica de Marcelo Ebrard anunci\u00f3, desde meses atr\u00e1s, su rompimiento con su partido, a partir de una serie de descontentos que desde la perspectiva de los mexicanos estaba no s\u00f3lo lejos sino fuera de la Cuarta Transformaci\u00f3n. Con se\u00f1ales que eran inconfundibles de coqueteo con la oposici\u00f3n y rechazo abierto a Morena, la disidencia del ex secretario estaba telegrafiada.<\/span><\/p>\n<p class=\"p1\"><span style=\"font-size: 18pt;\"><strong>Ahora Marcelo Ebrard pasa de estar inconforme a la disidencia de su partido, a saboteador del proceso de selecci\u00f3n y finalmente un golpista con intereses particulares oscuros.<\/strong><\/span><\/p>\n<p class=\"p1\"><span style=\"font-size: 18pt;\"><strong>Su campa\u00f1a en busca de la candidatura estuvo basada en las redes y en la visita a ciudades grandes, sobre todo en lugares cerrados y, de preferencia salones de hoteles de cinco estrellas. Los pueblitos no se incluyeron en su proyecto en busca de la campa\u00f1a. Mala se\u00f1al.<\/strong><\/span><\/p>\n<p class=\"p1\"><span style=\"font-size: 14pt;\">Al verse sin avances en las preferencias internas para la candidatura a la Presidencia dela rep\u00fablica, y que se encontraba en tercer lugar de las encuestas se mostr\u00f3 tal cual es en una conferencia de prensa donde quiso aparecer como h\u00e9roe y result\u00f3 ser un villano. Quiso mostrar congruencia y se vio incongruente, intento ser leal y se mostr\u00f3 como un traidor.<\/span><\/p>\n<p>&nbsp;<\/p>\n<p class=\"p1\"><span style=\"font-size: 18pt; color: #e42d33;\"><b>TODO CONTRA CLAUDIA<\/b><\/span><\/p>\n<p class=\"p1\"><span style=\"font-size: 14pt;\">De no resultar ciertas las acusaciones que Ebrard imputa a la campa\u00f1a de Claudia Sheinbaum podr\u00eda ser denunciado por violencia pol\u00edtica de g\u00e9nero. Hay testimonios tambi\u00e9n del otro lado, acusando tambi\u00e9n de acarreo en actos a Marcelo.<\/span><\/p>\n<p class=\"p1\"><span style=\"font-size: 14pt;\">El golpe de Ebrard contra Claudia no es contra ella sino contra el Presidente Andr\u00e9s Manuel L\u00f3pez Obrador, su berrinche no es contra el l\u00edder del partido sino contra L\u00f3pez Obrador, su inconformidad mostrada, desde el principio, no es s\u00f3lo la b\u00fasqueda de piso parejo sino exhibir a Andr\u00e9s Manuel L\u00f3pez Obrador. As\u00ed capitaliza con claridad la inconformidad social contra el presidente de forma sutil pero contundente y disfraza su tradici\u00f3n con la b\u00fasqueda de equidad entre las partes e igualdad de circunstancias para competir.<\/span><\/p>\n<p class=\"p1\"><span style=\"font-size: 14pt;\">As\u00ed Marcelo tuvo buenos guardianes de sus secretos m\u00e1s oscuros, con los de Morena porque no pod\u00edan atentar contra la unidad en Morena y descubrirlo; los de la oposici\u00f3n, siempre abrigaron la esperanza de tenerlo como l\u00edder o candidato y no iban a escupir para arriba denunciando aun futuro correligionario.<\/span><\/p>\n<p class=\"p1\"><span style=\"font-size: 14pt;\">Su lado oscuro hasta ahora fue resguardado tanto por morenistas como por opositores. Cada uno ten\u00eda sus razones, los primeros porque pod\u00eda ser su candidato y los segundos, por las msimas causas.<\/span><\/p>\n<p class=\"p1\"><span style=\"font-size: 18pt;\"><strong>La falta de respeto por los compa\u00f1eros para los que tambi\u00e9n ped\u00eda piso parejo en un principio, fueron evidente, su perorata era parte de un discurso para erigirse como ganador de la encuesta. Como cuando Luis XIV dec\u00eda, hace 350 a\u00f1os, el Estado soy yo. O sea, Marcelo se adelant\u00f3 a decir el Presidente soy yo.<\/strong><\/span><\/p>\n<p class=\"p1\"><span style=\"font-size: 14pt;\">Marcelo pens\u00f3 que despu\u00e9s de la conferencia con los medios tradicionales iba a haber una desbandada de legisladores morenistas. Nadie se movi\u00f3. La apabullante respuesta de la poblaci\u00f3n en los medios impidi\u00f3 una salida masiva de senadores y diputados hacia otro partido o hacia el limbo partidista que les sirviera de puente para llegar juntos a MC.<\/span><\/p>\n<p class=\"p1\"><span style=\"font-size: 18pt;\"><strong>Esta misma reacci\u00f3n puede impedir que Marcelo busque afuera lo que no pudo obtener adentro y se quede en Morena ante la inminente derrota. Crey\u00f3 Ebrard que la gente acudir\u00eda, de manera espont\u00e1nea e inmediata a las calles para apoyar sus cr\u00edticas al sistema de selecci\u00f3n de candidato de Morena. Nadie se movi\u00f3. Los l\u00edderes de las diferentes avanzadas se paralizaron mostrando su novatez pol\u00edtica que les caracteriz\u00f3 desde un principio, y Marcelo se reconoci\u00f3 solo.<\/strong><\/span><\/p>\n<p class=\"p1\"><span style=\"font-size: 14pt;\">Al ver Marcelo que no prendi\u00f3 la furia de sus huestes, y s\u00f3lo lo siguieron algunos diputados y no los 80 que hab\u00eda asegurado contar con ellos, decidi\u00f3 interponer una denuncia por delitos electorales, con Pio L\u00f3pez Obrador a la cabeza, para azuzar a la gente a que tome las calles. Lo cual no sucede. Los legisladores no tienen gente tras de s\u00ed, no s\u00f3lo se quedan solos son que son calificados de traidores.<\/span><\/p>\n<p class=\"p1\"><span style=\"font-size: 18pt;\"><strong>La parte beligerante de Ebrard fue realizada con tanta torpeza como su campa\u00f1a donde nunca encabez\u00f3 actos multitudinarios, y sin ensuciarse los zapatos.<\/strong><\/span><\/p>\n<p class=\"p1\"><span style=\"font-size: 14pt;\">La t\u00f3nica de sus palabras, el momento, el tiempo, el espacio, el discurso de Ebrard tienen la intenci\u00f3n de hacer da\u00f1o, no pueden adjudicarse intentos aut\u00e9nticos de transparencia cuando la diatriba antecede a los argumentos.<\/span><\/p>\n<div><\/div>\n<div>\n<hr \/>\n<p>&nbsp;<\/p>\n<p><span style=\"font-size: 18pt;\"><strong>Twitter:\u00a0<a href=\"https:\/\/twitter.com\/Josangasa3\">@Josangasa3<\/a><\/strong><\/span><\/p>\n<p>&nbsp;<\/p>\n<p><img loading=\"lazy\" decoding=\"async\" class=\"aligncenter wp-image-11449\" src=\"http:\/\/noticiasveracruz.com\/wp-content\/uploads\/2023\/01\/FIRMA-EDITORIAL-NV-300x37.png\" alt=\"\" width=\"1000\" height=\"122\" srcset=\"https:\/\/noticiasveracruz.com\/wp-content\/uploads\/2023\/01\/FIRMA-EDITORIAL-NV-300x37.png 300w, https:\/\/noticiasveracruz.com\/wp-content\/uploads\/2023\/01\/FIRMA-EDITORIAL-NV-1024x125.png 1024w, https:\/\/noticiasveracruz.com\/wp-content\/uploads\/2023\/01\/FIRMA-EDITORIAL-NV-768x94.png 768w, https:\/\/noticiasveracruz.com\/wp-content\/uploads\/2023\/01\/FIRMA-EDITORIAL-NV-1536x188.png 1536w, https:\/\/noticiasveracruz.com\/wp-content\/uploads\/2023\/01\/FIRMA-EDITORIAL-NV-2048x250.png 2048w\" sizes=\"auto, (max-width: 1000px) 100vw, 1000px\" \/><\/p>\n<\/div>\n<p>&nbsp;<\/p>\n<p>&nbsp;<\/p>\n<p>&nbsp;<\/p>\n","protected":false},"excerpt":{"rendered":"<p>&nbsp; Por Jos\u00e9 Garc\u00eda S\u00e1nchez La falta de identidad ideol\u00f3gica de Marcelo Ebrard anunci\u00f3, desde meses atr\u00e1s, su rompimiento con<\/p>\n","protected":false},"author":4,"featured_media":3183,"comment_status":"closed","ping_status":"closed","sticky":false,"template":"","format":"standard","meta":{"colormag_page_container_layout":"default_layout","colormag_page_sidebar_layout":"default_layout","_jetpack_memberships_contains_paid_content":false,"footnotes":"","jetpack_publicize_message":"","jetpack_publicize_feature_enabled":true,"jetpack_social_post_already_shared":true,"jetpack_social_options":{"image_generator_settings":{"template":"highway","default_image_id":0,"font":"","enabled":false},"version":2}},"categories":[6],"tags":[499],"class_list":["post-18289","post","type-post","status-publish","format-standard","has-post-thumbnail","hentry","category-columnistas","tag-marcelo-ebrard"],"jetpack_publicize_connections":[],"jetpack_featured_media_url":"https:\/\/noticiasveracruz.com\/wp-content\/uploads\/2022\/04\/NV-JOSE\u0301-GARCI\u0301A.png","jetpack_sharing_enabled":true,"publishpress_future_action":{"enabled":false,"date":"2026-05-08 08:30:18","action":"change-status","newStatus":"draft","terms":[],"taxonomy":"category","extraData":[]},"publishpress_future_workflow_manual_trigger":{"enabledWorkflows":[]},"_links":{"self":[{"href":"https:\/\/noticiasveracruz.com\/index.php\/wp-json\/wp\/v2\/posts\/18289","targetHints":{"allow":["GET"]}}],"collection":[{"href":"https:\/\/noticiasveracruz.com\/index.php\/wp-json\/wp\/v2\/posts"}],"about":[{"href":"https:\/\/noticiasveracruz.com\/index.php\/wp-json\/wp\/v2\/types\/post"}],"author":[{"embeddable":true,"href":"https:\/\/noticiasveracruz.com\/index.php\/wp-json\/wp\/v2\/users\/4"}],"replies":[{"embeddable":true,"href":"https:\/\/noticiasveracruz.com\/index.php\/wp-json\/wp\/v2\/comments?post=18289"}],"version-history":[{"count":0,"href":"https:\/\/noticiasveracruz.com\/index.php\/wp-json\/wp\/v2\/posts\/18289\/revisions"}],"wp:featuredmedia":[{"embeddable":true,"href":"https:\/\/noticiasveracruz.com\/index.php\/wp-json\/wp\/v2\/media\/3183"}],"wp:attachment":[{"href":"https:\/\/noticiasveracruz.com\/index.php\/wp-json\/wp\/v2\/media?parent=18289"}],"wp:term":[{"taxonomy":"category","embeddable":true,"href":"https:\/\/noticiasveracruz.com\/index.php\/wp-json\/wp\/v2\/categories?post=18289"},{"taxonomy":"post_tag","embeddable":true,"href":"https:\/\/noticiasveracruz.com\/index.php\/wp-json\/wp\/v2\/tags?post=18289"}],"curies":[{"name":"wp","href":"https:\/\/api.w.org\/{rel}","templated":true}]}}