{"id":18172,"date":"2023-08-16T03:30:54","date_gmt":"2023-08-16T08:30:54","guid":{"rendered":"https:\/\/noticiasveracruz.com\/?p=18172"},"modified":"2023-08-17T07:27:50","modified_gmt":"2023-08-17T12:27:50","slug":"detencion-y-carcel-al-fiscal-de-morelos-por-vigilar-a-claudia","status":"publish","type":"post","link":"https:\/\/noticiasveracruz.com\/index.php\/2023\/08\/16\/detencion-y-carcel-al-fiscal-de-morelos-por-vigilar-a-claudia\/","title":{"rendered":"Detenci\u00f3n y c\u00e1rcel al fiscal de Morelos por vigilar a Claudia"},"content":{"rendered":"<p>&nbsp;<\/p>\n<p class=\"p3\"><span style=\"font-size: 18pt;\"><b>Por Jos\u00e9 Ure\u00f1a<\/b><\/span><\/p>\n<p class=\"p1\"><span style=\"font-size: 14pt;\">En la pol\u00edtica hay errores de muerte. <\/span><span style=\"font-size: 14pt;\">O de libertad cuando la persecuci\u00f3n se disfraza con la ley.<\/span><\/p>\n<p class=\"p1\"><span style=\"font-size: 14pt;\">Debi\u00f3 saberlo\u00a0Uriel Carmona G\u00e1ndara, el fiscal de Morelos designado en el gobierno de\u00a0Graco Ram\u00edrez\u00a0y heredado por\u00a0Cuauht\u00e9moc Blanco.<\/span><\/p>\n<p class=\"p1\"><span style=\"font-size: 14pt;\">Pero tuvo un error craso: <\/span><span style=\"font-size: 14pt;\">Cuando a fines de junio -los registros refieren el d\u00eda 26- la ahora exjefa de Gobierno visit\u00f3 Morelos y los militares comisionados a su servicio de protecci\u00f3n dieron la voz de alerta:<\/span><\/p>\n<p class=\"p1\"><span style=\"font-size: 14pt;\">-Nos siguen, jefa.<\/span><\/p>\n<p class=\"p1\"><span style=\"font-size: 14pt;\">Y entonces se mont\u00f3 un operativo militar para vigilar a los vigilantes y la conclusi\u00f3n fue llevada por la propia\u00a0Claudia\u00a0a Palacio Nacional:<\/span><\/p>\n<p class=\"p1\"><span style=\"font-size: 14pt;\">-Me persiguieron no nada m\u00e1s polic\u00edas judiciales a cargo del fiscal\u00a0Uriel Carmona, sino tambi\u00e9n presuntos integrantes del crimen organizado que operan en esa entidad y al norte de Guerrero.<\/span><\/p>\n<p class=\"p1\"><span style=\"font-size: 14pt;\">\u00bfGuerreros Unidos\u00a0o de los otros grupos criminales con plena libertad para operar en la entidad, de norte a sur y de este a oeste?<\/span><\/p>\n<p class=\"p1\"><span style=\"font-size: 14pt;\">Presumiblemente s\u00ed: esa fue la conclusi\u00f3n, con un dato adicional:<\/span><\/p>\n<p class=\"p1\"><span style=\"font-size: 14pt;\">-El fiscal est\u00e1 aliado con ellos y es investigaci\u00f3n adicional para acusarlo de crimen organizado.<\/span><\/p>\n<p>&nbsp;<\/p>\n<p class=\"p1\"><span style=\"font-size: 18pt; color: #e42d33;\"><strong>OPERATIVO DE ESTADO<\/strong><\/span><\/p>\n<p class=\"p1\"><span style=\"font-size: 14pt;\">Tras la queja, comenz\u00f3 el operativo.<\/span><\/p>\n<p class=\"p1\"><span style=\"font-size: 14pt;\">Cuatro semanas de investigaci\u00f3n, de integrar los expedientes, de coordinar fuerzas de todo orden: la Secretar\u00eda de Seguridad Ciudadana de\u00a0Cuauht\u00e9moc Blanco, de la Guardia Nacional del comisario\u00a0David C\u00f3rdova Campos, del secretario de Marina\u00a0Jos\u00e9 Rafael Ojeda\u2026<\/span><\/p>\n<p class=\"p1\"><span style=\"font-size: 14pt;\">Un operativo con m\u00e1s de cien efectivos como si se tratara de un criminal de fama y peligro como\u00a0Joaqu\u00edn\u00a0El Chapo\u00a0Guzm\u00e1n\u00a0para demostrarle todo el peso del \u00e1guila nacional plantada en la bandera mexicana.<\/span><\/p>\n<p class=\"p1\"><span style=\"font-size: 14pt;\">De nada sirvieron los esfuerzos de los abogados de\u00a0Uriel Carmona\u00a0por conseguir un amparo, pues los juzgados estaban cerrados por amenaza de bomba y no trabajaron.<\/span><\/p>\n<p class=\"p1\"><span style=\"font-size: 14pt;\">Operativo de Estado, pues.<\/span><\/p>\n<p class=\"p1\"><span style=\"font-size: 14pt;\">Nadie protest\u00f3.<\/span><\/p>\n<p class=\"p1\"><span style=\"font-size: 14pt;\">S\u00f3lo el exgobernador\u00a0Graco Ram\u00edrez\u00a0denunci\u00f3 acci\u00f3n inconstitucional, violatoria del fuero de un funcionario local no respetado por el federal.<\/span><\/p>\n<p class=\"p1\"><span style=\"font-size: 14pt;\">De inmediato tuvo la respuesta: <\/span><span style=\"font-size: 14pt;\">\u2013Cuauht\u00e9moc Blanco\u00a0es mejor gobernador que\u00a0Graco Ram\u00edrez.<\/span><\/p>\n<p class=\"p1\"><span style=\"font-size: 14pt;\">Hoy\u00a0Uriel\u00a0va solo hacia su destino.<\/span><\/p>\n<p class=\"p1\"><span style=\"font-size: 14pt;\">Pero queda claro con esta acci\u00f3n:\u00a0Claudia\u00a0es la\u00a0corcholata\u00a0favorita y v\u00e9alo quien quiera a partir de la protecci\u00f3n lopezobradorista.<\/span><\/p>\n<p>&nbsp;<\/p>\n<p class=\"p1\"><span style=\"font-size: 18pt; color: #e42d33;\"><strong>OTRO \u00c9XITO DE TELEVISA<\/strong><\/span><\/p>\n<p class=\"p1\"><span style=\"font-size: 14pt;\">Los reality shows parec\u00edan olvidados.<\/span><\/p>\n<p class=\"p1\"><span style=\"font-size: 14pt;\">Pero la sociedad\u00a0TelevisaUnivision\u00a0estableci\u00f3 una nueva marca mundial con\u00a0La Casa de los Famosos M\u00e9xico: 133 millones de votos.<\/span><\/p>\n<p class=\"p1\"><span style=\"font-size: 14pt;\">Los datos son elocuentes: 21 millones de personas sintonizaron\u00a0Las Estrellas\u00a0para verla en televisi\u00f3n abierta, cinco millones en\u00a0VIX\u00a0para seguir la transmisi\u00f3n y 40 millones de votos digitales.<\/span><\/p>\n<p class=\"p1\"><span style=\"font-size: 14pt;\">Dice la informaci\u00f3n del consorcio de\u00a0Emilio Azc\u00e1rraga Jean\u00a0difundido por\u00a0Jaime Aguilar, director de Programaci\u00f3n y Adquisiciones de TelevisaUnivision:<\/span><\/p>\n<p class=\"p1\"><span style=\"font-size: 14pt;\">\u201cEl reality gener\u00f3. Un\u00a0engagement\u00a0multiplataforma como nunca se hab\u00eda visto en M\u00e9xico gracias a la popularidad del formato de\u00a0EndemolShine Boomdog, al talento de los conductores del programa y por supuesto a los 14 famosos que participaron\u201d.<\/span><\/p>\n<p class=\"p1\"><span style=\"font-size: 14pt;\">El trabajo fue de m\u00e1s de 530 personas, se extendi\u00f3 durante diez semanas y cont\u00f3 con una audiencia \u00e1vida de diversi\u00f3n.<\/span><\/p>\n<p class=\"p1\"><span style=\"font-size: 14pt;\">No todo es grilla en este pa\u00eds.<\/span><\/p>\n<p>&nbsp;<\/p>\n<hr \/>\n<p>&nbsp;<\/p>\n<p class=\"p3\"><strong><span style=\"font-size: 18pt;\"><span class=\"s2\">Twitter: <a href=\"https:\/\/twitter.com\/urenajose1\">@urenajose1<\/a><\/span><\/span><\/strong><\/p>\n<p>&nbsp;<\/p>\n<p><img loading=\"lazy\" decoding=\"async\" class=\"aligncenter wp-image-11449\" src=\"http:\/\/noticiasveracruz.com\/wp-content\/uploads\/2023\/01\/FIRMA-EDITORIAL-NV-300x37.png\" alt=\"\" width=\"1000\" height=\"122\" srcset=\"https:\/\/noticiasveracruz.com\/wp-content\/uploads\/2023\/01\/FIRMA-EDITORIAL-NV-300x37.png 300w, https:\/\/noticiasveracruz.com\/wp-content\/uploads\/2023\/01\/FIRMA-EDITORIAL-NV-1024x125.png 1024w, https:\/\/noticiasveracruz.com\/wp-content\/uploads\/2023\/01\/FIRMA-EDITORIAL-NV-768x94.png 768w, https:\/\/noticiasveracruz.com\/wp-content\/uploads\/2023\/01\/FIRMA-EDITORIAL-NV-1536x188.png 1536w, https:\/\/noticiasveracruz.com\/wp-content\/uploads\/2023\/01\/FIRMA-EDITORIAL-NV-2048x250.png 2048w\" sizes=\"auto, (max-width: 1000px) 100vw, 1000px\" \/><\/p>\n<p>&nbsp;<\/p>\n<p>&nbsp;<\/p>\n<p>&nbsp;<\/p>\n<p>&nbsp;<\/p>\n","protected":false},"excerpt":{"rendered":"<p>&nbsp; Por Jos\u00e9 Ure\u00f1a En la pol\u00edtica hay errores de muerte. O de libertad cuando la persecuci\u00f3n se disfraza con<\/p>\n","protected":false},"author":4,"featured_media":3258,"comment_status":"closed","ping_status":"closed","sticky":false,"template":"","format":"standard","meta":{"colormag_page_container_layout":"default_layout","colormag_page_sidebar_layout":"default_layout","_jetpack_memberships_contains_paid_content":false,"footnotes":"","jetpack_publicize_message":"","jetpack_publicize_feature_enabled":true,"jetpack_social_post_already_shared":true,"jetpack_social_options":{"image_generator_settings":{"template":"highway","default_image_id":0,"font":"","enabled":false},"version":2}},"categories":[6],"tags":[],"class_list":["post-18172","post","type-post","status-publish","format-standard","has-post-thumbnail","hentry","category-columnistas"],"jetpack_publicize_connections":[],"jetpack_featured_media_url":"https:\/\/noticiasveracruz.com\/wp-content\/uploads\/2022\/04\/JOSE\u0301-UREN\u0303A.png","jetpack_sharing_enabled":true,"publishpress_future_action":{"enabled":false,"date":"2026-05-06 15:34:33","action":"change-status","newStatus":"draft","terms":[],"taxonomy":"category","extraData":[]},"publishpress_future_workflow_manual_trigger":{"enabledWorkflows":[]},"_links":{"self":[{"href":"https:\/\/noticiasveracruz.com\/index.php\/wp-json\/wp\/v2\/posts\/18172","targetHints":{"allow":["GET"]}}],"collection":[{"href":"https:\/\/noticiasveracruz.com\/index.php\/wp-json\/wp\/v2\/posts"}],"about":[{"href":"https:\/\/noticiasveracruz.com\/index.php\/wp-json\/wp\/v2\/types\/post"}],"author":[{"embeddable":true,"href":"https:\/\/noticiasveracruz.com\/index.php\/wp-json\/wp\/v2\/users\/4"}],"replies":[{"embeddable":true,"href":"https:\/\/noticiasveracruz.com\/index.php\/wp-json\/wp\/v2\/comments?post=18172"}],"version-history":[{"count":0,"href":"https:\/\/noticiasveracruz.com\/index.php\/wp-json\/wp\/v2\/posts\/18172\/revisions"}],"wp:featuredmedia":[{"embeddable":true,"href":"https:\/\/noticiasveracruz.com\/index.php\/wp-json\/wp\/v2\/media\/3258"}],"wp:attachment":[{"href":"https:\/\/noticiasveracruz.com\/index.php\/wp-json\/wp\/v2\/media?parent=18172"}],"wp:term":[{"taxonomy":"category","embeddable":true,"href":"https:\/\/noticiasveracruz.com\/index.php\/wp-json\/wp\/v2\/categories?post=18172"},{"taxonomy":"post_tag","embeddable":true,"href":"https:\/\/noticiasveracruz.com\/index.php\/wp-json\/wp\/v2\/tags?post=18172"}],"curies":[{"name":"wp","href":"https:\/\/api.w.org\/{rel}","templated":true}]}}