{"id":18166,"date":"2023-08-16T03:00:10","date_gmt":"2023-08-16T08:00:10","guid":{"rendered":"https:\/\/noticiasveracruz.com\/?p=18166"},"modified":"2023-08-16T12:40:03","modified_gmt":"2023-08-16T17:40:03","slug":"mancera-puede-colapsar-el-frente","status":"publish","type":"post","link":"https:\/\/noticiasveracruz.com\/index.php\/2023\/08\/16\/mancera-puede-colapsar-el-frente\/","title":{"rendered":"Mancera puede colapsar el Frente"},"content":{"rendered":"<p>&nbsp;<\/p>\n<p class=\"p1\"><span style=\"font-size: 18pt;\"><b>Por \u00c1ngel \u00c1lvaro Pe\u00f1a<\/b><\/span><\/p>\n<p class=\"p1\"><span style=\"font-size: 14pt;\">El miedo por la divisi\u00f3n en los partidos pol\u00edticos fue superado por todo el escenario electoral para 2024 que supo anteponer la democracia interna en su selecci\u00f3n de candidatos. La democracia tiene avances significativos y esto debe honrar a todos los mexicanos sin importar sus preferencias electorales.<\/span><\/p>\n<p class=\"p1\"><span style=\"font-size: 18pt;\"><strong>La falta de costumbre de algunos militantes con aspiraciones a nuevos niveles de poder mostr\u00f3 su nostalgia por el pasado y se inconformaron por los m\u00e9todos y en algunos partidos los m\u00e9todos no fueron lo suficientemente imparciales para designar, con claridad, a sus candidatos, sobre todo en el caso de la Presidencia de la Rep\u00fablica.<\/strong><\/span><\/p>\n<p class=\"p1\"><span style=\"font-size: 18pt; color: #e42d33;\"><strong>Todos los partidos se debilitaron con la nueva forma de seleccionar a su candidato a la Presidencia; sin embargo, fue un paso definitivo y sin vuelta atr\u00e1s. Tendr\u00e1n que acostumbrarse a esta pr\u00e1ctica donde todos los mexicanos sean protagonistas y testigos de la manera en que escogen a su candidato.<\/strong><\/span><\/p>\n<p class=\"p1\"><span style=\"font-size: 14pt;\">Las cuentas y el objetivo de mostrar transparencia en algunos partidos y alianzas no pasaron de ser una buena intenci\u00f3n socialmente aceptada. El Frente Amplio por M\u00e9xico, destituy\u00f3, de manera poco clara, a los \u00fanicos dos perredistas en la carrera por la candidatura a la Presidencia de la Rep\u00fablica, al ex gobernador de Michoac\u00e1n, Silvano Aureoles y al ex jefe de gobierno de la CdMx, Miguel \u00c1ngel Mancera, quien denunci\u00f3 falta de imparcialidad en la designaci\u00f3n de los candidatos a la segunda etapa de selecci\u00f3n, por lo que present\u00f3 un documento ante el Tribunal Electoral.<\/span><\/p>\n<p class=\"p1\"><span style=\"font-size: 18pt;\"><strong>El Comit\u00e9 Organizador anunci\u00f3 que las senadoras X\u00f3chitl G\u00e1lvez, del PAN, y Beatriz Paredes, de PRI, al panista Santiago Creel y a Enrique de la Madrid para pasar a la siguiente fase. Ahora s\u00f3lo quedan los tres primeros, ante la falta de simpat\u00edas del priista.<\/strong><\/span><\/p>\n<p>&nbsp;<\/p>\n<p><img loading=\"lazy\" decoding=\"async\" class=\"aligncenter wp-image-23130 size-large\" src=\"https:\/\/politicosaldesnudo.com.mx\/wp-content\/uploads\/2023\/08\/P-FRENTE-AMPLIO-3-1024x573.png\" alt=\"\" width=\"800\" height=\"448\" \/><\/p>\n<p>&nbsp;<\/p>\n<p class=\"p1\"><span style=\"font-size: 14pt;\">Mancera interpuso queja, primero, ante el Comit\u00e9 Organizador, y luego ante las autoridades electorales. Aleg\u00f3 \u201cla omisi\u00f3n del Comit\u00e9 Organizador del Proceso de Selecci\u00f3n de la Persona Responsable para la Construcci\u00f3n del <em>Frente Amplio por M\u00e9xico<\/em>, consistente en la supuesta no entrega de los resultados de la recolecci\u00f3n de firmas para continuar en la segunda etapa del proceso\u201d.<\/span><\/p>\n<p class=\"p1\"><span style=\"font-size: 18pt;\"><strong>Afirm\u00f3 que existieron omisiones del Comit\u00e9 sobre la entrega de los resultados de la recolecci\u00f3n de firmas, as\u00ed como en los elementos conforme a los que tom\u00f3 la determinaci\u00f3n del presunto incumplimiento de los requisitos de calificaci\u00f3n para continuar en el proceso de selecci\u00f3n. Mancera declar\u00f3 que el Comit\u00e9 Organizador del <em>Frente Amplio por M\u00e9xico<\/em> le anul\u00f3 27 mil firmas supuestamente verificadas de las 150 mil, en 17 estados diferentes, que solicit\u00f3 la coalici\u00f3n para pasar a la segunda etapa.<\/strong><\/span><\/p>\n<p class=\"p1\"><span style=\"font-size: 14pt;\">Los l\u00edderes de los partidos trataron de comprar a mancera dici\u00e9ndole que le dar\u00edan un premio de consolaci\u00f3n, a lo que respondi\u00f3 Mancera positivamente, y alcanz\u00f3 a platicar con Santiago Creel y Enrique de la Madrid, pero tanto Beatriz como X\u00f3chitl, dijeron estar muy ocupadas para tocar el tema.<\/span><\/p>\n<p class=\"p1\"><span style=\"font-size: 18pt;\"><strong>La reacci\u00f3n de Mancera viene a irrumpir dentro de su partido, porque su l\u00edder nacional Jes\u00fas Zambrano hab\u00eda roto con el Comit\u00e9 Organizador, pero no as\u00ed con el <em>Frente Amplio por M\u00e9xico<\/em>. Pero al acudir Mancera al tribunal divide a su partido y empieza el desmoronamiento de la alianza.<\/strong><\/span><\/p>\n<p class=\"p1\"><span style=\"font-size: 14pt;\">Mancera puede convertirse en el gran destructor del Frente, porque la unidad de los tres partidos es fr\u00e1gil. Las diferencias ideol\u00f3gicas que de origen tienen el PAN, el PRI y el PRD, de pronto cobran m\u00e1s importancia que el triunfo electoral o la conservaci\u00f3n de su registro, a ver que tienen pocas posibilidades de triunfar porque Movimiento Ciudadano siempre fue rotundo al rechazar unirse.<\/span><\/p>\n<p class=\"p1\"><span style=\"font-size: 18pt; color: #e42d33;\"><b>PEGA Y CORRE<\/b><\/span><\/p>\n<p class=\"p1\"><span style=\"font-size: 14pt;\">Creel aguant\u00f3 hasta donde pudo para dejar la Presidencia de la mesa Directiva de la C\u00e1mara de Diputados. Dej\u00f3 un pleito a muerte. Al PAN le quedan 14 d\u00edas para presidir esa mesa. El espect\u00e1culo circense en lugar delas propuestas vuelve a imperar entre los extraviados.<\/span><\/p>\n<p>&nbsp;<\/p>\n<p><em><span style=\"font-size: 18pt;\"><strong>Esta columna se publica los lunes, mi\u00e9rcoles y viernes<\/strong><\/span><\/em><\/p>\n<p>&nbsp;<\/p>\n<hr \/>\n<p>&nbsp;<\/p>\n<p><img loading=\"lazy\" decoding=\"async\" class=\"aligncenter wp-image-11449\" src=\"http:\/\/noticiasveracruz.com\/wp-content\/uploads\/2023\/01\/FIRMA-EDITORIAL-NV-300x37.png\" alt=\"\" width=\"1000\" height=\"122\" srcset=\"https:\/\/noticiasveracruz.com\/wp-content\/uploads\/2023\/01\/FIRMA-EDITORIAL-NV-300x37.png 300w, https:\/\/noticiasveracruz.com\/wp-content\/uploads\/2023\/01\/FIRMA-EDITORIAL-NV-1024x125.png 1024w, https:\/\/noticiasveracruz.com\/wp-content\/uploads\/2023\/01\/FIRMA-EDITORIAL-NV-768x94.png 768w, https:\/\/noticiasveracruz.com\/wp-content\/uploads\/2023\/01\/FIRMA-EDITORIAL-NV-1536x188.png 1536w, https:\/\/noticiasveracruz.com\/wp-content\/uploads\/2023\/01\/FIRMA-EDITORIAL-NV-2048x250.png 2048w\" sizes=\"auto, (max-width: 1000px) 100vw, 1000px\" \/><\/p>\n<p>&nbsp;<\/p>\n<p>&nbsp;<\/p>\n<p>&nbsp;<\/p>\n<p>&nbsp;<\/p>\n","protected":false},"excerpt":{"rendered":"<p>&nbsp; Por \u00c1ngel \u00c1lvaro Pe\u00f1a El miedo por la divisi\u00f3n en los partidos pol\u00edticos fue superado por todo el escenario<\/p>\n","protected":false},"author":4,"featured_media":3187,"comment_status":"closed","ping_status":"closed","sticky":false,"template":"","format":"standard","meta":{"colormag_page_container_layout":"default_layout","colormag_page_sidebar_layout":"default_layout","_jetpack_memberships_contains_paid_content":false,"footnotes":"","jetpack_publicize_message":"","jetpack_publicize_feature_enabled":true,"jetpack_social_post_already_shared":true,"jetpack_social_options":{"image_generator_settings":{"template":"highway","default_image_id":0,"font":"","enabled":false},"version":2}},"categories":[6],"tags":[2782,2897],"class_list":["post-18166","post","type-post","status-publish","format-standard","has-post-thumbnail","hentry","category-columnistas","tag-frente-amplio","tag-mancera"],"jetpack_publicize_connections":[],"jetpack_featured_media_url":"https:\/\/noticiasveracruz.com\/wp-content\/uploads\/2022\/04\/A\u0301NGEL-A\u0301LVARO-PEN\u0303A.png","jetpack_sharing_enabled":true,"publishpress_future_action":{"enabled":false,"date":"2026-05-06 14:49:07","action":"change-status","newStatus":"draft","terms":[],"taxonomy":"category","extraData":[]},"publishpress_future_workflow_manual_trigger":{"enabledWorkflows":[]},"_links":{"self":[{"href":"https:\/\/noticiasveracruz.com\/index.php\/wp-json\/wp\/v2\/posts\/18166","targetHints":{"allow":["GET"]}}],"collection":[{"href":"https:\/\/noticiasveracruz.com\/index.php\/wp-json\/wp\/v2\/posts"}],"about":[{"href":"https:\/\/noticiasveracruz.com\/index.php\/wp-json\/wp\/v2\/types\/post"}],"author":[{"embeddable":true,"href":"https:\/\/noticiasveracruz.com\/index.php\/wp-json\/wp\/v2\/users\/4"}],"replies":[{"embeddable":true,"href":"https:\/\/noticiasveracruz.com\/index.php\/wp-json\/wp\/v2\/comments?post=18166"}],"version-history":[{"count":0,"href":"https:\/\/noticiasveracruz.com\/index.php\/wp-json\/wp\/v2\/posts\/18166\/revisions"}],"wp:featuredmedia":[{"embeddable":true,"href":"https:\/\/noticiasveracruz.com\/index.php\/wp-json\/wp\/v2\/media\/3187"}],"wp:attachment":[{"href":"https:\/\/noticiasveracruz.com\/index.php\/wp-json\/wp\/v2\/media?parent=18166"}],"wp:term":[{"taxonomy":"category","embeddable":true,"href":"https:\/\/noticiasveracruz.com\/index.php\/wp-json\/wp\/v2\/categories?post=18166"},{"taxonomy":"post_tag","embeddable":true,"href":"https:\/\/noticiasveracruz.com\/index.php\/wp-json\/wp\/v2\/tags?post=18166"}],"curies":[{"name":"wp","href":"https:\/\/api.w.org\/{rel}","templated":true}]}}