{"id":18161,"date":"2023-08-15T08:30:05","date_gmt":"2023-08-15T13:30:05","guid":{"rendered":"https:\/\/noticiasveracruz.com\/?p=18161"},"modified":"2023-08-15T09:00:03","modified_gmt":"2023-08-15T14:00:03","slug":"en-sesion-ordinaria-de-cabildo-se-aprueba-corte-de-caja-de-julio","status":"publish","type":"post","link":"https:\/\/noticiasveracruz.com\/index.php\/2023\/08\/15\/en-sesion-ordinaria-de-cabildo-se-aprueba-corte-de-caja-de-julio\/","title":{"rendered":"En sesi\u00f3n ordinaria de cabildo se aprueba corte de caja de julio"},"content":{"rendered":"<p>&nbsp;<\/p>\n<p class=\"p1\"><span style=\"font-size: 14pt;\"><em><strong>TUXPAN, VERACRUZ.<\/strong> <\/em><strong>Los integrantes del cuerpo edilicio analizaron y aprobaron por unanimidad el Corte de Caja correspondiente al mes de julio<\/strong> del ejercicio fiscal 2023, en Sesi\u00f3n Ordinaria de Cabildo celebrada este lunes. <\/span><\/p>\n<p class=\"p1\"><span style=\"font-size: 18pt;\"><strong>Asimismo en una segunda Sesi\u00f3n Ordinaria, sometieron a an\u00e1lisis y fueron aprobadas de manera un\u00e1nime las modificaciones presupuestales, los estados financieros, y el reporte de Obra P\u00fablica que corresponden al mes de julio del ejercicio fiscal 2023. <\/strong><\/span><\/p>\n<p class=\"p1\"><span style=\"font-size: 14pt;\">En ambas sesiones participaron el presidente municipal Jos\u00e9 Manuel Pozos Castro; la sindica \u00fanica Beatriz Pi\u00f1a Vergara; las regidoras y los regidores Amado Guti\u00e9rrez Lima, Mar\u00eda del Pilar Mart\u00ednez Matesanz, Maryanela Monroy Flores, Anah\u00ed Aguilar L\u00f3pez, Juan G\u00f3mez Garc\u00eda, Lucero Res\u00e9ndis Ambrocio, Luis Demetrio L\u00f3pez Mar\u00edn, Axel Bernal Herrera y Luciano Folgueras Pioli; as\u00ed como el secretario del Ayuntamiento, Lic. Jos\u00e9 Armando Huesca Ovando.<\/span><\/p>\n<p>&nbsp;<\/p>\n<p>&nbsp;<\/p>\n<p>&nbsp;<\/p>\n","protected":false},"excerpt":{"rendered":"<p>&nbsp; TUXPAN, VERACRUZ. Los integrantes del cuerpo edilicio analizaron y aprobaron por unanimidad el Corte de Caja correspondiente al mes<\/p>\n","protected":false},"author":4,"featured_media":18162,"comment_status":"closed","ping_status":"closed","sticky":false,"template":"","format":"standard","meta":{"colormag_page_container_layout":"default_layout","colormag_page_sidebar_layout":"default_layout","_jetpack_memberships_contains_paid_content":false,"footnotes":"","jetpack_publicize_message":"","jetpack_publicize_feature_enabled":true,"jetpack_social_post_already_shared":true,"jetpack_social_options":{"image_generator_settings":{"template":"highway","default_image_id":0,"font":"","enabled":false},"version":2}},"categories":[356],"tags":[2896,72,73],"class_list":["post-18161","post","type-post","status-publish","format-standard","has-post-thumbnail","hentry","category-veracruz","tag-sesion-cabildo","tag-tuxpan","tag-veracruz"],"jetpack_publicize_connections":[],"jetpack_featured_media_url":"https:\/\/noticiasveracruz.com\/wp-content\/uploads\/2023\/08\/P-TUXPAN-CABILDO-AGOSTO.png","jetpack_sharing_enabled":true,"publishpress_future_action":{"enabled":false,"date":"2026-05-06 14:08:42","action":"change-status","newStatus":"draft","terms":[],"taxonomy":"category","extraData":[]},"publishpress_future_workflow_manual_trigger":{"enabledWorkflows":[]},"_links":{"self":[{"href":"https:\/\/noticiasveracruz.com\/index.php\/wp-json\/wp\/v2\/posts\/18161","targetHints":{"allow":["GET"]}}],"collection":[{"href":"https:\/\/noticiasveracruz.com\/index.php\/wp-json\/wp\/v2\/posts"}],"about":[{"href":"https:\/\/noticiasveracruz.com\/index.php\/wp-json\/wp\/v2\/types\/post"}],"author":[{"embeddable":true,"href":"https:\/\/noticiasveracruz.com\/index.php\/wp-json\/wp\/v2\/users\/4"}],"replies":[{"embeddable":true,"href":"https:\/\/noticiasveracruz.com\/index.php\/wp-json\/wp\/v2\/comments?post=18161"}],"version-history":[{"count":0,"href":"https:\/\/noticiasveracruz.com\/index.php\/wp-json\/wp\/v2\/posts\/18161\/revisions"}],"wp:featuredmedia":[{"embeddable":true,"href":"https:\/\/noticiasveracruz.com\/index.php\/wp-json\/wp\/v2\/media\/18162"}],"wp:attachment":[{"href":"https:\/\/noticiasveracruz.com\/index.php\/wp-json\/wp\/v2\/media?parent=18161"}],"wp:term":[{"taxonomy":"category","embeddable":true,"href":"https:\/\/noticiasveracruz.com\/index.php\/wp-json\/wp\/v2\/categories?post=18161"},{"taxonomy":"post_tag","embeddable":true,"href":"https:\/\/noticiasveracruz.com\/index.php\/wp-json\/wp\/v2\/tags?post=18161"}],"curies":[{"name":"wp","href":"https:\/\/api.w.org\/{rel}","templated":true}]}}