{"id":18157,"date":"2023-08-14T23:17:40","date_gmt":"2023-08-15T04:17:40","guid":{"rendered":"https:\/\/noticiasveracruz.com\/?p=18157"},"modified":"2023-08-15T08:25:08","modified_gmt":"2023-08-15T13:25:08","slug":"sabado-19-de-agosto-invita-gobierno-de-tuxpan-a-la-rodada-por-la-salud-15-km","status":"publish","type":"post","link":"https:\/\/noticiasveracruz.com\/index.php\/2023\/08\/14\/sabado-19-de-agosto-invita-gobierno-de-tuxpan-a-la-rodada-por-la-salud-15-km\/","title":{"rendered":"S\u00e1bado 19 de agosto, Invita Gobierno de Tuxpan a la \u201cRodada por la Salud 15 Km\u201d"},"content":{"rendered":"<p>&nbsp;<\/p>\n<p class=\"p2\"><span style=\"font-size: 14pt;\"><em><strong>TUXPAN, VERACRUZ.<\/strong> <\/em>Para incentivar a la ciudadan\u00eda a realizar una actividad f\u00edsica que les permita tener una mejor salud, <strong>el Ayuntamiento de Tuxpan y la Secretar\u00eda de Salud y Servicios de Salud de Veracruz invitan a participar en la \u201cRodada por la Salud 15 km\u201d, que se realizar\u00e1 el pr\u00f3ximo s\u00e1bado 19 de agosto.<\/strong><\/span><\/p>\n<p class=\"p2\"><span style=\"font-size: 18pt;\"><strong>La salida es a las 09:00 horas, teniendo como punto de partida y meta la Unidad Deportiva. Los ciclistas pedalear\u00e1n por todo el bulevar, retornando en la esquina del Blvd. Maples Arce con la calle D\u00edaz Mir\u00f3n. <\/strong><\/span><\/p>\n<p class=\"p2\"><span style=\"font-size: 14pt;\">El registro se realizar\u00e1 en el orden en que los participantes vayan llegando, en las mesas de inscripci\u00f3n que estar\u00e1n instaladas en la unidad deportiva, donde deber\u00e1n llenar un formato con su nombre completo y datos generales. Pueden participar personas de 15 a\u00f1os en adelante.<\/span><\/p>\n<p class=\"p2\"><span style=\"font-size: 14pt;\">Se recomienda a los participantes desayunar m\u00ednimo 2 horas antes, hidratarse bien antes y durante la rodada, realizar calentamiento antes salir a rodar, revisar el funcionamiento de la bicicleta, usar casco de manera obligatoria, as\u00ed como ropa y calzado deportivo, y utilizar protector solar.<\/span><\/p>\n<p>&nbsp;<\/p>\n<p><img loading=\"lazy\" decoding=\"async\" class=\"aligncenter wp-image-23121 size-large\" src=\"https:\/\/politicosaldesnudo.com.mx\/wp-content\/uploads\/2023\/08\/P-RODADA-TUXPAN-2-662x1024.png\" alt=\"\" width=\"662\" height=\"1024\" \/><\/p>\n<p>&nbsp;<\/p>\n<p>&nbsp;<\/p>\n<p>&nbsp;<\/p>\n<p>&nbsp;<\/p>\n","protected":false},"excerpt":{"rendered":"<p>&nbsp; TUXPAN, VERACRUZ. Para incentivar a la ciudadan\u00eda a realizar una actividad f\u00edsica que les permita tener una mejor salud,<\/p>\n","protected":false},"author":4,"featured_media":18158,"comment_status":"closed","ping_status":"closed","sticky":false,"template":"","format":"standard","meta":{"colormag_page_container_layout":"default_layout","colormag_page_sidebar_layout":"default_layout","_jetpack_memberships_contains_paid_content":false,"footnotes":"","jetpack_publicize_message":"","jetpack_publicize_feature_enabled":true,"jetpack_social_post_already_shared":true,"jetpack_social_options":{"image_generator_settings":{"template":"highway","default_image_id":0,"font":"","enabled":false},"version":2}},"categories":[356],"tags":[2895,72,73],"class_list":["post-18157","post","type-post","status-publish","format-standard","has-post-thumbnail","hentry","category-veracruz","tag-jornada-por-la-salud","tag-tuxpan","tag-veracruz"],"jetpack_publicize_connections":[],"jetpack_featured_media_url":"https:\/\/noticiasveracruz.com\/wp-content\/uploads\/2023\/08\/P-RODADA-TUXPAN-1.png","jetpack_sharing_enabled":true,"publishpress_future_action":{"enabled":false,"date":"2026-05-06 10:16:20","action":"change-status","newStatus":"draft","terms":[],"taxonomy":"category","extraData":[]},"publishpress_future_workflow_manual_trigger":{"enabledWorkflows":[]},"_links":{"self":[{"href":"https:\/\/noticiasveracruz.com\/index.php\/wp-json\/wp\/v2\/posts\/18157","targetHints":{"allow":["GET"]}}],"collection":[{"href":"https:\/\/noticiasveracruz.com\/index.php\/wp-json\/wp\/v2\/posts"}],"about":[{"href":"https:\/\/noticiasveracruz.com\/index.php\/wp-json\/wp\/v2\/types\/post"}],"author":[{"embeddable":true,"href":"https:\/\/noticiasveracruz.com\/index.php\/wp-json\/wp\/v2\/users\/4"}],"replies":[{"embeddable":true,"href":"https:\/\/noticiasveracruz.com\/index.php\/wp-json\/wp\/v2\/comments?post=18157"}],"version-history":[{"count":0,"href":"https:\/\/noticiasveracruz.com\/index.php\/wp-json\/wp\/v2\/posts\/18157\/revisions"}],"wp:featuredmedia":[{"embeddable":true,"href":"https:\/\/noticiasveracruz.com\/index.php\/wp-json\/wp\/v2\/media\/18158"}],"wp:attachment":[{"href":"https:\/\/noticiasveracruz.com\/index.php\/wp-json\/wp\/v2\/media?parent=18157"}],"wp:term":[{"taxonomy":"category","embeddable":true,"href":"https:\/\/noticiasveracruz.com\/index.php\/wp-json\/wp\/v2\/categories?post=18157"},{"taxonomy":"post_tag","embeddable":true,"href":"https:\/\/noticiasveracruz.com\/index.php\/wp-json\/wp\/v2\/tags?post=18157"}],"curies":[{"name":"wp","href":"https:\/\/api.w.org\/{rel}","templated":true}]}}