{"id":18145,"date":"2023-08-12T13:00:18","date_gmt":"2023-08-12T18:00:18","guid":{"rendered":"https:\/\/noticiasveracruz.com\/?p=18145"},"modified":"2023-08-15T08:03:48","modified_gmt":"2023-08-15T13:03:48","slug":"secretaria-de-marina-y-gobierno-de-tuxpan-realizan-jornada-de-limpieza-de-playas","status":"publish","type":"post","link":"https:\/\/noticiasveracruz.com\/index.php\/2023\/08\/12\/secretaria-de-marina-y-gobierno-de-tuxpan-realizan-jornada-de-limpieza-de-playas\/","title":{"rendered":"Secretar\u00eda de Marina y Gobierno de Tuxpan realizan \u201cJornada de Limpieza de playas\u201d"},"content":{"rendered":"<p class=\"p1\">\n<p>&nbsp;<\/p>\n<p class=\"p1\" style=\"text-align: center;\"><span style=\"font-size: 18pt;\"><em><strong>&lt;&lt;El alcalde Jos\u00e9 Manuel Pozos Castro hizo un llamado a prestadores de servicios y a los turistas, a ser corresponsables en el cuidado y limpieza de nuestras playas&gt;&gt;<\/strong><\/em><\/span><\/p>\n<p>&nbsp;<\/p>\n<p>&nbsp;<\/p>\n<p class=\"p1\"><span style=\"font-size: 14pt;\"><em><strong>TUXPAN, VERACRUZ.<\/strong> <\/em><strong>El alcalde Jos\u00e9 Manuel Pozos Castro,<\/strong> ediles y personal de varias dependencias del Gobierno Municipal participaron en la <strong>\u201cJornada de Limpieza de Playas\u201d<\/strong>, que en esta ocasi\u00f3n fue una iniciativa de la Secretar\u00eda de Marina. <\/span><\/p>\n<p>&nbsp;<\/p>\n<blockquote>\n<p class=\"p1\"><span style=\"font-size: 14pt;\">Me da much\u00edsimo gusto ver que en nuestro municipio cada d\u00eda existe m\u00e1s conciencia ambiental, mayor responsabilidad y mayor cuidado de los recursos naturales\u201d, se\u00f1al\u00f3 el Alcalde Jos\u00e9 Manuel Pozos. <\/span><\/p>\n<\/blockquote>\n<p>&nbsp;<\/p>\n<p><img loading=\"lazy\" decoding=\"async\" class=\"aligncenter wp-image-23110 size-large\" src=\"https:\/\/politicosaldesnudo.com.mx\/wp-content\/uploads\/2023\/08\/P-PLAYAS-SEMAR-3-1024x573.png\" alt=\"\" width=\"800\" height=\"448\" \/><\/p>\n<p>&nbsp;<\/p>\n<p class=\"p1\"><span style=\"font-size: 18pt;\"><strong>Jos\u00e9 Manuel Pozos reconoci\u00f3 que la iniciativa de la Secretar\u00eda de Marina de trabajar de manera coordinada con el Gobierno Municipal en el cuidado y la protecci\u00f3n de las playas de Tuxpan.<\/strong><\/span><\/p>\n<p>&nbsp;<\/p>\n<blockquote>\n<p class=\"p1\"><span style=\"font-size: 14pt;\">\u201cLa conservaci\u00f3n de nuestras hermosas playas siempre ser\u00e1 una tarea prioritaria, por ello mantendremos una limpieza permanente, para que sigan siendo las m\u00e1s bonitas y limpias del pa\u00eds\u201d<\/span><\/p>\n<\/blockquote>\n<p>&nbsp;<\/p>\n<p class=\"p1\"><span style=\"font-size: 18pt;\"><strong>Jos\u00e9 Manuel Pozos agradeci\u00f3 a los prestadores de servicios tur\u00edsticos, a quienes les solicit\u00f3 su apoyo para mantener las playas limpias. Asimismo, anunci\u00f3 que se estar\u00e1n dotando m\u00e1s contenedores para basura. <\/strong><\/span><\/p>\n<p>&nbsp;<\/p>\n<p><img loading=\"lazy\" decoding=\"async\" class=\"aligncenter wp-image-23108 size-large\" src=\"https:\/\/politicosaldesnudo.com.mx\/wp-content\/uploads\/2023\/08\/P-PLAYAS-SEMAR-1-1024x573.png\" alt=\"\" width=\"800\" height=\"448\" \/><\/p>\n<p>&nbsp;<\/p>\n<p class=\"p1\"><span style=\"font-size: 14pt;\">Tambi\u00e9n exhort\u00f3 a los turistas que nos visitan a que sean corresponsables en el cuidado de nuestros ecosistemas, depositando la basura en su lugar.<\/span><\/p>\n<p class=\"p1\"><span style=\"font-size: 18pt;\"><strong>El mandatario Jos\u00e9 Manuel Pozos hizo un llamado a las dependencias de los tres niveles de Gobierno, principalmente las relacionadas con el sector tur\u00edstico, a participar en estas actividades.<\/strong><\/span><\/p>\n<p>&nbsp;<\/p>\n<p><img loading=\"lazy\" decoding=\"async\" class=\"aligncenter wp-image-23111 size-large\" src=\"https:\/\/politicosaldesnudo.com.mx\/wp-content\/uploads\/2023\/08\/P-PLAYAS-SEMAR-4-1024x573.png\" alt=\"\" width=\"800\" height=\"448\" \/><\/p>\n<p>&nbsp;<\/p>\n<blockquote>\n<p class=\"p1\"><span style=\"font-size: 14pt;\">\u201cTener las playas m\u00e1s limpias en todo el pa\u00eds no ha sido una tarea f\u00e1cil, ha sido compromiso de todos; por eso agradezco a quienes de manera voluntaria se suman, principalmente a la Secretar\u00eda de Marina\u201d.<\/span><\/p>\n<\/blockquote>\n<p>&nbsp;<\/p>\n<p><img loading=\"lazy\" decoding=\"async\" class=\"aligncenter wp-image-23109 size-large\" src=\"https:\/\/politicosaldesnudo.com.mx\/wp-content\/uploads\/2023\/08\/P-PLAYAS-SEMAR-2-1024x573.png\" alt=\"\" width=\"800\" height=\"448\" \/><\/p>\n<p>&nbsp;<\/p>\n<p class=\"p1\"><span style=\"font-size: 14pt;\">En las labores de limpieza participaron Polic\u00eda Municipal, Tr\u00e1nsito Municipal, Protecci\u00f3n Civil, Cuerpo de Bomberos de la Secretar\u00eda de Seguridad P\u00fablica Municipal; la Secretar\u00eda de Marina, docentes de diversas instituciones educativas; cuadrillas de las direcciones de Limpia P\u00fablica y de la Coordinaci\u00f3n de Ornatos, Parques y Jardines, y voluntarios de la sociedad civil. <\/span><\/p>\n<p class=\"p1\"><span style=\"font-size: 14pt;\">En el arranque de esta jornada estuvieron presentes el Vicealmirante CG DEM Juan Carlos Vera Salinas, comandante de la Quinta Zona Naval; On\u00e9simo P\u00e9rez Ramos, delegado regional de la SEV en Tuxpan; la regidora Lucero Res\u00e9ndis Ambrocio; el regidor Axel Bernal Herrera; y el agente municipal de Barra Norte, Gabriel G\u00f3mez Ruiz.<\/span><\/p>\n<p class=\"p1\"><span style=\"font-size: 14pt;\">Estuvieron presentes Carlos Alberto G\u00f3mez de la Luz, coordinador de Medio Ambiente; el Tte. de Fragata Raymundo Torres Cruz, director de Polic\u00eda Municipal; Jorge Arturo Garc\u00eda Robles, director de Educaci\u00f3n; Nicol\u00e1s Rodr\u00edguez Merino, coordinador de Ornato, Parques y Jardines; y directores de diversas \u00e1reas del Ayuntamiento.<\/span><\/p>\n<p>&nbsp;<\/p>\n<p>&nbsp;<\/p>\n<p>&nbsp;<\/p>\n<p>&nbsp;<\/p>\n","protected":false},"excerpt":{"rendered":"<p>&nbsp; &lt;&lt;El alcalde Jos\u00e9 Manuel Pozos Castro hizo un llamado a prestadores de servicios y a los turistas, a ser<\/p>\n","protected":false},"author":4,"featured_media":18150,"comment_status":"closed","ping_status":"closed","sticky":false,"template":"","format":"standard","meta":{"colormag_page_container_layout":"default_layout","colormag_page_sidebar_layout":"default_layout","_jetpack_memberships_contains_paid_content":false,"footnotes":"","jetpack_publicize_message":"","jetpack_publicize_feature_enabled":true,"jetpack_social_post_already_shared":true,"jetpack_social_options":{"image_generator_settings":{"template":"highway","default_image_id":0,"font":"","enabled":false},"version":2}},"categories":[356],"tags":[701,2893,1911,2526,72,73],"class_list":["post-18145","post","type-post","status-publish","format-standard","has-post-thumbnail","hentry","category-veracruz","tag-jose-manuel-pozos","tag-limpieza-de-playas","tag-playas","tag-secretaria-de-marina","tag-tuxpan","tag-veracruz"],"jetpack_publicize_connections":[],"jetpack_featured_media_url":"https:\/\/noticiasveracruz.com\/wp-content\/uploads\/2023\/08\/P-PLAYAS-SEMAR-5.png","jetpack_sharing_enabled":true,"publishpress_future_action":{"enabled":false,"date":"2026-05-06 08:54:54","action":"change-status","newStatus":"draft","terms":[],"taxonomy":"category","extraData":[]},"publishpress_future_workflow_manual_trigger":{"enabledWorkflows":[]},"_links":{"self":[{"href":"https:\/\/noticiasveracruz.com\/index.php\/wp-json\/wp\/v2\/posts\/18145","targetHints":{"allow":["GET"]}}],"collection":[{"href":"https:\/\/noticiasveracruz.com\/index.php\/wp-json\/wp\/v2\/posts"}],"about":[{"href":"https:\/\/noticiasveracruz.com\/index.php\/wp-json\/wp\/v2\/types\/post"}],"author":[{"embeddable":true,"href":"https:\/\/noticiasveracruz.com\/index.php\/wp-json\/wp\/v2\/users\/4"}],"replies":[{"embeddable":true,"href":"https:\/\/noticiasveracruz.com\/index.php\/wp-json\/wp\/v2\/comments?post=18145"}],"version-history":[{"count":0,"href":"https:\/\/noticiasveracruz.com\/index.php\/wp-json\/wp\/v2\/posts\/18145\/revisions"}],"wp:featuredmedia":[{"embeddable":true,"href":"https:\/\/noticiasveracruz.com\/index.php\/wp-json\/wp\/v2\/media\/18150"}],"wp:attachment":[{"href":"https:\/\/noticiasveracruz.com\/index.php\/wp-json\/wp\/v2\/media?parent=18145"}],"wp:term":[{"taxonomy":"category","embeddable":true,"href":"https:\/\/noticiasveracruz.com\/index.php\/wp-json\/wp\/v2\/categories?post=18145"},{"taxonomy":"post_tag","embeddable":true,"href":"https:\/\/noticiasveracruz.com\/index.php\/wp-json\/wp\/v2\/tags?post=18145"}],"curies":[{"name":"wp","href":"https:\/\/api.w.org\/{rel}","templated":true}]}}