{"id":18139,"date":"2023-08-11T20:39:58","date_gmt":"2023-08-12T01:39:58","guid":{"rendered":"https:\/\/noticiasveracruz.com\/?p=18139"},"modified":"2023-08-15T07:50:03","modified_gmt":"2023-08-15T12:50:03","slug":"ayuntamiento-y-dif-tuxpan-con-desarrollo-a-la-vivienda-benefician-a-140-familias","status":"publish","type":"post","link":"https:\/\/noticiasveracruz.com\/index.php\/2023\/08\/11\/ayuntamiento-y-dif-tuxpan-con-desarrollo-a-la-vivienda-benefician-a-140-familias\/","title":{"rendered":"Ayuntamiento y DIF Tuxpan con Desarrollo a la Vivienda benefician a 140 familias"},"content":{"rendered":"<p>&nbsp;<\/p>\n<p class=\"p1\"><span style=\"font-size: 14pt;\"><em><strong>TUXPAN, VERACRUZ.<\/strong><\/em> Con el objetivo de mejorar la calidad de vida y generar bienestar a familias en situaci\u00f3n de vulnerabilidad, <strong>el Gobierno de Tuxpan y el DIF Municipal entregaron refrigeradores, paquetes de l\u00e1minas, estufas ecol\u00f3gicas y tinacos a familias vulnerables de colonias y comunidades.<\/strong><\/span><\/p>\n<p class=\"p1\"><span style=\"font-size: 18pt;\"><strong>Fueron beneficiadas familias de Juana Moza, Banderas, Higueral, Loma Alta, El Ed\u00e9n, Cobos, Chalahuite, Lindero, El Muro, El Coyol, La Victoria, Zapote Domingo, Boca del Monte, Banco de Calichar, Nicol\u00e1s Bravo, Pe\u00f1a de Afuera, Pa\u00edses Bajos; as\u00ed como de las colonias Ni\u00f1os H\u00e9roes, M\u00e9xico Lindo, Los Mangos, Las Granjas, La Joya y Alto Lucero. <\/strong><\/span><\/p>\n<p>&nbsp;<\/p>\n<blockquote>\n<p class=\"p1\"><span style=\"font-size: 14pt;\">A trav\u00e9s del Programa de Desarrollo a la Vivienda y la Comunidad estamos transformando la realidad y la vida de familias vulnerables\u2026 Desde el primer a\u00f1o de nuestra administraci\u00f3n emprendimos una gran cruzada para abatir la desigualdad, para hacer realidad la justicia social y atender a los que m\u00e1s lo necesitan\u201d, se\u00f1al\u00f3 el alcalde Jos\u00e9 Manuel Pozos<\/span><\/p>\n<\/blockquote>\n<p>&nbsp;<\/p>\n<p class=\"p1\"><span style=\"font-size: 18pt;\"><strong>Detall\u00f3 que estos apoyos benefician a m\u00e1s de 140 familias de comunidades y colonias populares, haciendo efectivo el derecho que tienen a una vivienda habitable y sustentable, para una mejor calidad de vida.<\/strong><\/span><\/p>\n<p>&nbsp;<\/p>\n<p><img loading=\"lazy\" decoding=\"async\" class=\"aligncenter wp-image-23102 size-large\" src=\"https:\/\/politicosaldesnudo.com.mx\/wp-content\/uploads\/2023\/08\/P-VIVIENDA-DIF-2-1024x573.png\" alt=\"\" width=\"800\" height=\"448\" \/><\/p>\n<p>&nbsp;<\/p>\n<p class=\"p1\"><span style=\"font-size: 14pt;\">Jos\u00e9 Manuel Pozos agradeci\u00f3 el respaldo brindado por el Gobernador Cuitl\u00e1huac Garc\u00eda Jim\u00e9nez y por la presidenta del DIF Estatal, Rebeca Quintanar Barcel\u00f3: \u201cHemos estado trabajando de manera muy coordinada, para que con acciones podamos mejorar cientos de viviendas y equiparlas con bienes de primera necesidad\u201d.<\/span><\/p>\n<p>&nbsp;<\/p>\n<blockquote>\n<p class=\"p1\"><span style=\"font-size: 14pt;\">El primer compromiso que hicimos fue apoyar a donde m\u00e1s hace falta que llegue la justicia social. S\u00e9 que falta mucho por hacer, pero si trabajamos de manera coordinada y seguimos contando con el respaldo del Gobierno del Estado, estoy seguro de que seguiremos avanzando\u201d<\/span><\/p>\n<\/blockquote>\n<p>&nbsp;<\/p>\n<p><img loading=\"lazy\" decoding=\"async\" class=\"aligncenter wp-image-23103 size-large\" src=\"https:\/\/politicosaldesnudo.com.mx\/wp-content\/uploads\/2023\/08\/P-VIVIENDA-DIF-3-1024x573.png\" alt=\"\" width=\"800\" height=\"448\" \/><\/p>\n<p>&nbsp;<\/p>\n<p class=\"p1\"><span style=\"font-size: 18pt;\"><strong>Reafirm\u00f3 Jos\u00e9 Manuel Pozos que en Tuxpan la transformaci\u00f3n se ve y se vive con m\u00e1s seguridad, con el nuevo alumbrado p\u00fablico y grandes obras de infraestructura que est\u00e1n en marcha.<\/strong><\/span><\/p>\n<p>&nbsp;<\/p>\n<blockquote>\n<p class=\"p1\"><span style=\"font-size: 14pt;\">Tuxpan tiene que brillar con justicia social, Tuxpan tiene que brillar en las colonias populares y en las comunidades rurales que llevaban tantos a\u00f1os de abandono. Nuestro gobierno es diferente, porque sirve al pueblo con honestidad, con principios justos y con un verdadero sentido humano\u201d<\/span><\/p>\n<\/blockquote>\n<p>&nbsp;<\/p>\n<p><img loading=\"lazy\" decoding=\"async\" class=\"aligncenter wp-image-23104 size-large\" src=\"https:\/\/politicosaldesnudo.com.mx\/wp-content\/uploads\/2023\/08\/P-VIVIENDA-DIF-4-1024x573.png\" alt=\"\" width=\"800\" height=\"448\" \/><\/p>\n<p>&nbsp;<\/p>\n<p class=\"p1\"><span style=\"font-size: 14pt;\">La Sra. Ciria Cruz Antonio, beneficiaria de este programa, agradeci\u00f3 al alcalde y a la presidenta del DIF por las gestiones realizadas para lograr estos apoyos: \u201cRepresento a todas estas personas que hemos sido beneficiadas. Su labor a lo largo de esta administraci\u00f3n marca una diferencia apoy\u00e1ndonos, y nos anima a continuar comprometidos para alcanzar nuestras metas, muchas gracias\u201d.<\/span><\/p>\n<p class=\"p1\"><span style=\"font-size: 14pt;\">Presidieron en la entrega el alcalde Jos\u00e9 Manuel Pozos Castro; la presidenta del DIF Tuxpan, Pamela Morales Huesca y Eliseo Reyes Melchor, director del DIF Municipal.<\/span><\/p>\n<p class=\"p1\"><span style=\"font-size: 14pt;\">En el evento estuvieron presentes Graciela Mercado, en representaci\u00f3n de la regidur\u00eda tercera; la coordinadora de Desarrollo Comunitario y Asistencia Alimentaria; Mar\u00eda Rosa Escamilla Cadena; y Agentes Municipales de las comunidades beneficiadas.<\/span><\/p>\n<p>&nbsp;<\/p>\n<p>&nbsp;<\/p>\n<p>&nbsp;<\/p>\n","protected":false},"excerpt":{"rendered":"<p>&nbsp; TUXPAN, VERACRUZ. Con el objetivo de mejorar la calidad de vida y generar bienestar a familias en situaci\u00f3n de<\/p>\n","protected":false},"author":4,"featured_media":18140,"comment_status":"closed","ping_status":"closed","sticky":false,"template":"","format":"standard","meta":{"colormag_page_container_layout":"default_layout","colormag_page_sidebar_layout":"default_layout","_jetpack_memberships_contains_paid_content":false,"footnotes":"","jetpack_publicize_message":"","jetpack_publicize_feature_enabled":true,"jetpack_social_post_already_shared":true,"jetpack_social_options":{"image_generator_settings":{"template":"highway","default_image_id":0,"font":"","enabled":false},"version":2}},"categories":[356],"tags":[701,72,73],"class_list":["post-18139","post","type-post","status-publish","format-standard","has-post-thumbnail","hentry","category-veracruz","tag-jose-manuel-pozos","tag-tuxpan","tag-veracruz"],"jetpack_publicize_connections":[],"jetpack_featured_media_url":"https:\/\/noticiasveracruz.com\/wp-content\/uploads\/2023\/08\/P-VIVIENDA-DIF-1.png","jetpack_sharing_enabled":true,"publishpress_future_action":{"enabled":false,"date":"2026-05-06 09:40:46","action":"change-status","newStatus":"draft","terms":[],"taxonomy":"category","extraData":[]},"publishpress_future_workflow_manual_trigger":{"enabledWorkflows":[]},"_links":{"self":[{"href":"https:\/\/noticiasveracruz.com\/index.php\/wp-json\/wp\/v2\/posts\/18139","targetHints":{"allow":["GET"]}}],"collection":[{"href":"https:\/\/noticiasveracruz.com\/index.php\/wp-json\/wp\/v2\/posts"}],"about":[{"href":"https:\/\/noticiasveracruz.com\/index.php\/wp-json\/wp\/v2\/types\/post"}],"author":[{"embeddable":true,"href":"https:\/\/noticiasveracruz.com\/index.php\/wp-json\/wp\/v2\/users\/4"}],"replies":[{"embeddable":true,"href":"https:\/\/noticiasveracruz.com\/index.php\/wp-json\/wp\/v2\/comments?post=18139"}],"version-history":[{"count":0,"href":"https:\/\/noticiasveracruz.com\/index.php\/wp-json\/wp\/v2\/posts\/18139\/revisions"}],"wp:featuredmedia":[{"embeddable":true,"href":"https:\/\/noticiasveracruz.com\/index.php\/wp-json\/wp\/v2\/media\/18140"}],"wp:attachment":[{"href":"https:\/\/noticiasveracruz.com\/index.php\/wp-json\/wp\/v2\/media?parent=18139"}],"wp:term":[{"taxonomy":"category","embeddable":true,"href":"https:\/\/noticiasveracruz.com\/index.php\/wp-json\/wp\/v2\/categories?post=18139"},{"taxonomy":"post_tag","embeddable":true,"href":"https:\/\/noticiasveracruz.com\/index.php\/wp-json\/wp\/v2\/tags?post=18139"}],"curies":[{"name":"wp","href":"https:\/\/api.w.org\/{rel}","templated":true}]}}