{"id":18100,"date":"2023-08-14T03:26:30","date_gmt":"2023-08-14T08:26:30","guid":{"rendered":"https:\/\/noticiasveracruz.com\/?p=18100"},"modified":"2023-08-14T03:26:30","modified_gmt":"2023-08-14T08:26:30","slug":"primera-mochada-al-frente-amplio","status":"publish","type":"post","link":"https:\/\/noticiasveracruz.com\/index.php\/2023\/08\/14\/primera-mochada-al-frente-amplio\/","title":{"rendered":"Primera mochada al Frente Amplio"},"content":{"rendered":"<p class=\"p1\">\n<p>&nbsp;<\/p>\n<p class=\"p1\"><span style=\"font-size: 18pt;\"><b>Por Francisco Blanco Calder\u00f3n<\/b><\/span><\/p>\n<p>&nbsp;<\/p>\n<p class=\"p1\"><span style=\"font-size: 18pt;\">Parte 1 de 5<\/span><\/p>\n<p class=\"p1\"><span style=\"font-size: 14pt;\"><i>S\u00ed por M\u00e9xico<\/i>, se convirti\u00f3 en<i> Vamos por M\u00e9xico<\/i> que a su vez se transform\u00f3 en Unid@s y finalmente qued\u00f3 como <i>Frente Amplio<\/i>, por ocurrencias del financista, gerente, due\u00f1o y gestor de ese engrudo: Claudio Equis. <\/span><\/p>\n<p class=\"p1\"><span style=\"font-size: 14pt;\">Grupo partidista opositor que obedece al <b>Retorno de los Brujos<\/b> del grupo compacto<span class=\"Apple-converted-space\">\u00a0 <\/span>Salinista, los beneficiarios con m\u00e1s de un cuarto del territorio nacional para sus mineras: Grupos M\u00e9xico y Pe\u00f1oles, ex banqueros, due\u00f1os de televisoras y complejos radiof\u00f3nicos y sobre todo de la mayor\u00eda de la prensa convencional, encabezada por <i>Reforma<\/i>, <i>El Universal <\/i>y <i>El Financiero<\/i> asimismo las revistas <i>Proceso<\/i> y <i>Siempre<\/i>, sumados a ellos, a la expectativa los grandes capitales de consorcios trasnacionales que deambulan para continuar con el saqueo de los recursos naturales, energ\u00e9ticos, alimentarios, pesqueros, acu\u00edferos, madereros entre los principales. <\/span><\/p>\n<p class=\"p1\"><span style=\"font-size: 18pt;\"><strong>Los partidos pol\u00edticos antag\u00f3nicos en su declaraci\u00f3n de principios, pero asociados en complicidad con otros poderes: el legislativo, el de justicia el medi\u00e1tico, encauzados por los seis ex presidentes del periodo neoliberal: De la Madrid-Salinas de Gortari a Pe\u00f1a Nieto, bajo la conducci\u00f3n del PRI-PAN y sumando al deplorable PRD o lo que queda de eso.<\/strong><\/span><\/p>\n<p class=\"p1\"><span style=\"font-size: 14pt;\">Grupo opositor que establece como meta recuperar la presidencia y sus privilegios presupuestales para que sus allegados evadan impuestos y adem\u00e1s se los devuelvan v\u00eda la condonaci\u00f3n total en dinero o especie. Oposici\u00f3n aferrada en rescatar el poder pol\u00edtico para beneficio de esa minor\u00eda que antes fue due\u00f1a del pa\u00eds en detrimento de las grandes mayor\u00edas de la sociedad mexicana, explotada, desescolarizada, desatendida en salud, empleo y vivienda, misma que representa m\u00e1s del 90% del total de la poblaci\u00f3n nacional.<\/span><\/p>\n<p class=\"p1\"><span style=\"font-size: 18pt; color: #e42d33;\"><strong>En este proceso electoral, donde se renovar\u00e1n la presidencia de la rep\u00fablica, todo el congreso federal, nueve gubernaturas con sus congresos locales, alcald\u00edas, sindicaturas y regidur\u00edas sumados a todo el aparato de secretarias de estado y la amplia burocracia que las sostienen.<\/strong><\/span><\/p>\n<p>&nbsp;<\/p>\n<p class=\"p1\"><span style=\"font-size: 18pt; color: #e42d33;\"><b>LOS ELEGIDOS<\/b><\/span><\/p>\n<p class=\"p1\"><span style=\"font-size: 18pt;\"><strong>Por el PAN, X\u00f3chitl G\u00e1lvez y Santiago Creel, por el PRI Beatriz Paredes y Enrique de la Madrid, lograron recabar las firmas requeridas para avanzar en el proceso de selecci\u00f3n. Aunque la precandidata del PAN, X\u00f3chitl G\u00e1lvez, cuestion\u00f3 la forma en que sus compa\u00f1eros recaudaron firmas de simpatizantes: \u201cEste proceso se da en medio de la pol\u00e9mica que han generado las declaraciones de la senadora G\u00e1lvez, aspirante presidencial del <i>Frente Amplio por M\u00e9xico<\/i>, quien pidi\u00f3 al Comit\u00e9 Organizador del Frente revisar el proceso de recolecci\u00f3n de firmas al denunciar posibles irregularidades\u201d\u2014El Universal. <\/strong><\/span><\/p>\n<p class=\"p1\"><span style=\"font-size: 14pt;\">Sospechosas firmas atribuidas a sus compa\u00f1eros del Frente, adquiridas v\u00eda fideicomisos, burocracia sobreviviente, Ongs c\u00f3mplices, acarreados con d\u00e1divas, zombis resucitadables o en contubernio con la experimentada mancuerna: Zavala-Calder\u00f3n en su fallido registro del M\u00e9xico libre, sin Bacardi, en donde inventaron, inflaron impresionantemente firmas al por mayor. <\/span><\/p>\n<p class=\"p1\"><span style=\"font-size: 14pt;\">A ello se sumaron las declaraciones de Claudio equis autor y financista del Frente: Los comentarios no cayeron bien en el Partido Revolucionario Institucional. \u201cMorena no nada m\u00e1s est\u00e1 repleto de ex priistas, es la peor versi\u00f3n del PRI\u201d, se\u00f1al\u00f3 en sus redes sociales. Las cr\u00edticas y comparaciones provocaron que el l\u00edder tricolor, Alejandro Alito Moreno, y el diputado Rub\u00e9n Moreira le pidieran que se retractara. Claudio equis recul\u00f3 parcialmente un par de horas m\u00e1s tarde, aunque no ofreci\u00f3 disculpas. Moreira calific\u00f3 los dichos como \u201cimprudentes e inaceptables. Nos ofenden tus comparaciones. Tus palabras son una falta de respeto\u201d. El legislador priista exigi\u00f3 una disculpa y dijo que, de lo contrario, el di\u00e1logo era \u201cimposible\u201d. Alito Moreno se hizo eco de los reclamos. \u201cTu comparaci\u00f3n es pendenciera y muy desafortunada\u2026Hay priistas calificados, profesionales y eficientes, que le dieron y le siguen dando a M\u00e9xico grandes d\u00e9cadas de trabajo, desarrollo y crecimiento\u201d \u2014El Pa\u00eds.<\/span><\/p>\n<p>&nbsp;<\/p>\n<p class=\"p1\"><span style=\"font-size: 18pt; color: #e42d33;\"><b>LOS DECEPCIONADOS<\/b><\/span><\/p>\n<p class=\"p1\"><span style=\"font-size: 14pt;\">Adem\u00e1s, Jorge Luis Preciado, aspirante presidencial de la alianza Va por M\u00e9xico, anunci\u00f3 su renuncia al Partido Acci\u00f3n Nacional (PAN) por presuntas irregularidades en el proceso interno para elegir al candidato a la Presidencia en 2024. \u201cVoy a dejar atr\u00e1s 29 a\u00f1os de militancia\u2026es probable que el a\u00f1o que viene desaparezca el PRI y el PAN sea arrastrado con \u00e9l\u201d. Preciado asegur\u00f3 que el proceso del Frente Amplio se ha convertido en una farsa. \u201cYa est\u00e1 cantado que queda X\u00f3chitl\u201d. Al se sumaron protestas de Mancera y Aureoles del PRD y Cabeza de Vaca, desde el exilio, del PAN. <\/span><\/p>\n<p class=\"p1\"><span style=\"font-size: 18pt;\"><strong>Pero Silvano Aureoles, ya envalentonado, sostuvo que el PRD puede ir solo al 2024, que rechaza el manejo preferencial de los organizadores (l\u00e9ase Claudio),<span class=\"Apple-converted-space\">\u00a0 <\/span>pero sin el frente de seguro perder\u00e1n como partido el registro nacional, por lo que sus ma\u00f1oser\u00edas y complicidades como gobernador de Michoac\u00e1n saldr\u00e1n a flote ipso facto y tendr\u00e1 que hacer compa\u00f1\u00eda a Garc\u00eda Cabeza de Baca, (ex de Tamaulipas) que registr\u00f3 sus firmas v\u00eda zoom desde la clandestinidad.<\/strong><\/span><\/p>\n<p class=\"p1\"><span style=\"font-size: 14pt;\">Fabrizio Mej\u00eda en X expuso: \u201cEl mismo personaje que fue a la Embajada de EU a anunciar el -triunfo- de Calder\u00f3n dos semanas antes de la elecci\u00f3n, es el que dio la lista de los finalistas del PRIAN sin PRD\u201d.<\/span><\/p>\n<p class=\"p1\"><span style=\"font-size: 14pt;\">Mas por intereses que por prudencia la calma tomo sus cauces, ante las imprudencias de la a\u00fan senadora y del empresario Pers\u00e9, con la inminente intervenci\u00f3n conciliadora del dirigente del PAN: \u201cEl Frente Amplio por M\u00e9xico cerr\u00f3 el plazo para que los aspirantes a su candidatura presidencial recauden firmas de apoyo entre los ciudadanos, en medio de pol\u00e9micas por el proceso de recolecci\u00f3n y en el que se recortar\u00e1n a dos finalistas, uno de cada partido, PAN y PRI, ambas mujeres\u201d\u2014Forbes.<\/span><\/p>\n<p class=\"p1\"><span style=\"font-size: 14pt;\">Si fuera una oposici\u00f3n seria, propositiva con un programa de naci\u00f3n, escrito con inteligencia para determinar su candidatura por capacidad, experiencia, probidad, honestidad y congruencia institucional ser\u00eda el PRI qui\u00e9n encabece la contienda por el Frente,<span class=\"Apple-converted-space\">\u00a0 <\/span>a trav\u00e9s de la senadora Beatriz Paredes, ex gobernadora de Tlaxcala, ex c\u00f3nsul de Cuba y de Brasil, dirigente de la CNC, ex presidenta del PRI y diputada y senadora, una tribuna h\u00e1bil y capaz y sobre todo honesta. Pero como estamos en la fase de la manipulaci\u00f3n, la mentira, el enga\u00f1o y sobre todo los intereses mezquinos ser\u00e1 dif\u00edcil su arribo. Esto se despejar\u00e1 muy pronto. <\/span><\/p>\n<p class=\"p1\"><span style=\"font-size: 14pt;\">NR: Esta ser\u00e1 una serie de cinco entregas del 13 de agosto al 10 de septiembre, a fin de que cada ciudadano analice c\u00f3mo y qui\u00e9n va a preferir refrendando su decisi\u00f3n en las urnas, sin ma\u00f1as, acarreo, compra de votos, manipulaci\u00f3n medi\u00e1tica.<span class=\"Apple-converted-space\">\u00a0 <\/span>Que la ciudadan\u00eda vote con madurez y con plena conciencia. El INE vigilar\u00e1, pero el votante decidir\u00e1. No hay de otra. <\/span><\/p>\n<p>&nbsp;<\/p>\n<hr \/>\n<p>&nbsp;<\/p>\n<p><img loading=\"lazy\" decoding=\"async\" class=\"aligncenter wp-image-11449\" src=\"http:\/\/noticiasveracruz.com\/wp-content\/uploads\/2023\/01\/FIRMA-EDITORIAL-NV-300x37.png\" alt=\"\" width=\"1000\" height=\"122\" srcset=\"https:\/\/noticiasveracruz.com\/wp-content\/uploads\/2023\/01\/FIRMA-EDITORIAL-NV-300x37.png 300w, https:\/\/noticiasveracruz.com\/wp-content\/uploads\/2023\/01\/FIRMA-EDITORIAL-NV-1024x125.png 1024w, https:\/\/noticiasveracruz.com\/wp-content\/uploads\/2023\/01\/FIRMA-EDITORIAL-NV-768x94.png 768w, https:\/\/noticiasveracruz.com\/wp-content\/uploads\/2023\/01\/FIRMA-EDITORIAL-NV-1536x188.png 1536w, https:\/\/noticiasveracruz.com\/wp-content\/uploads\/2023\/01\/FIRMA-EDITORIAL-NV-2048x250.png 2048w\" sizes=\"auto, (max-width: 1000px) 100vw, 1000px\" \/><\/p>\n<p>&nbsp;<\/p>\n<p>&nbsp;<\/p>\n<p>&nbsp;<\/p>\n<p>&nbsp;<\/p>\n","protected":false},"excerpt":{"rendered":"<p>&nbsp; Por Francisco Blanco Calder\u00f3n &nbsp; Parte 1 de 5 S\u00ed por M\u00e9xico, se convirti\u00f3 en Vamos por M\u00e9xico que<\/p>\n","protected":false},"author":4,"featured_media":3566,"comment_status":"closed","ping_status":"closed","sticky":false,"template":"","format":"standard","meta":{"colormag_page_container_layout":"default_layout","colormag_page_sidebar_layout":"default_layout","_jetpack_memberships_contains_paid_content":false,"footnotes":"","jetpack_publicize_message":"","jetpack_publicize_feature_enabled":true,"jetpack_social_post_already_shared":true,"jetpack_social_options":{"image_generator_settings":{"template":"highway","default_image_id":0,"font":"","enabled":false},"version":2}},"categories":[6],"tags":[],"class_list":["post-18100","post","type-post","status-publish","format-standard","has-post-thumbnail","hentry","category-columnistas"],"jetpack_publicize_connections":[],"jetpack_featured_media_url":"https:\/\/noticiasveracruz.com\/wp-content\/uploads\/2022\/04\/NV-FRANCISCO-BLANCO.png","jetpack_sharing_enabled":true,"publishpress_future_action":{"enabled":false,"date":"2026-05-06 06:30:23","action":"change-status","newStatus":"draft","terms":[],"taxonomy":"category","extraData":[]},"publishpress_future_workflow_manual_trigger":{"enabledWorkflows":[]},"_links":{"self":[{"href":"https:\/\/noticiasveracruz.com\/index.php\/wp-json\/wp\/v2\/posts\/18100","targetHints":{"allow":["GET"]}}],"collection":[{"href":"https:\/\/noticiasveracruz.com\/index.php\/wp-json\/wp\/v2\/posts"}],"about":[{"href":"https:\/\/noticiasveracruz.com\/index.php\/wp-json\/wp\/v2\/types\/post"}],"author":[{"embeddable":true,"href":"https:\/\/noticiasveracruz.com\/index.php\/wp-json\/wp\/v2\/users\/4"}],"replies":[{"embeddable":true,"href":"https:\/\/noticiasveracruz.com\/index.php\/wp-json\/wp\/v2\/comments?post=18100"}],"version-history":[{"count":0,"href":"https:\/\/noticiasveracruz.com\/index.php\/wp-json\/wp\/v2\/posts\/18100\/revisions"}],"wp:featuredmedia":[{"embeddable":true,"href":"https:\/\/noticiasveracruz.com\/index.php\/wp-json\/wp\/v2\/media\/3566"}],"wp:attachment":[{"href":"https:\/\/noticiasveracruz.com\/index.php\/wp-json\/wp\/v2\/media?parent=18100"}],"wp:term":[{"taxonomy":"category","embeddable":true,"href":"https:\/\/noticiasveracruz.com\/index.php\/wp-json\/wp\/v2\/categories?post=18100"},{"taxonomy":"post_tag","embeddable":true,"href":"https:\/\/noticiasveracruz.com\/index.php\/wp-json\/wp\/v2\/tags?post=18100"}],"curies":[{"name":"wp","href":"https:\/\/api.w.org\/{rel}","templated":true}]}}