{"id":18098,"date":"2023-08-14T03:21:15","date_gmt":"2023-08-14T08:21:15","guid":{"rendered":"https:\/\/noticiasveracruz.com\/?p=18098"},"modified":"2023-08-14T03:21:15","modified_gmt":"2023-08-14T08:21:15","slug":"diferencia-o-superioridad","status":"publish","type":"post","link":"https:\/\/noticiasveracruz.com\/index.php\/2023\/08\/14\/diferencia-o-superioridad\/","title":{"rendered":"Diferencia o superioridad"},"content":{"rendered":"<p class=\"p1\">\n<p>&nbsp;<\/p>\n<p class=\"p1\"><span style=\"font-size: 18pt;\"><b>Por Jos\u00e9 Garc\u00eda S\u00e1nchez<\/b><\/span><\/p>\n<p class=\"p1\"><span style=\"font-size: 14pt;\">Hay quienes hablan las buenas escuelas, un universo de empresas que convierten el derecho a la educaci\u00f3n en una mercanc\u00eda y sobre eso basan la calidad del aprendizaje de sus hijos o parientes. Los pagos para la educaci\u00f3n privada la consideran una inversi\u00f3n que deben recuperar en el menor tiempo posible, de ah\u00ed que muchos funcionarios p\u00fablicos ponderaban la prisa por tener dinero a la honestidad de sus tareas.<\/span><\/p>\n<p class=\"p1\"><span style=\"font-size: 18pt;\"><strong>Cuando iniciativa la embestida contra gente de origen humilde, los conservadores tuvieron que guardar silencio sobre el tema con la llega de X\u00f3chitl G\u00e1lvez, quien dentro de su guion teatral asegura, todav\u00eda, que viene desde debajo de los estratos sociales del pa\u00eds.<\/strong><\/span><\/p>\n<p class=\"p1\"><span style=\"font-size: 14pt;\">Ya estaba pululando la discriminaci\u00f3n a trav\u00e9s de columnistas adheridos a la derecha, diciendo que c\u00f3mo era posible que la hija de un alba\u00f1il se convirtiera en gobernadora, o que una vendedora de barbacoa sea secretaria del Bienestar.<\/span><\/p>\n<p class=\"p1\"><span style=\"font-size: 14pt;\">La discriminaci\u00f3n, sazonada con misoginia y sectarismo debi\u00f3 detener sus textos y parar las prensas de los medios m\u00e1s rancios para que nade dijera nada sobre el ascenso de una especie de Cenicienta hidalguense a quien le prepararon un guion que debi\u00f3 seguir aunque nadie le creyera.<\/span><\/p>\n<p class=\"p1\"><span style=\"font-size: 18pt;\"><strong>Los desaires en los diferentes foros donde se ha presentado esta vendedora de gelatinas que lleg\u00f3 a convertirse en empresaria, se multiplican a lo largo y ancho del pa\u00eds, y de la imagen que inflaron los medios ya no queda ni el cascar\u00f3n.<\/strong><\/span><\/p>\n<p class=\"p1\"><span style=\"font-size: 14pt;\">Para quienes rechazan que alguien que tiene cuna humilde pueda convertirse en funcionario o funcionaria p\u00fablica la consigna, falsa, por cierto, de X\u00f3chitl, debi\u00f3 detener su vuelo al viento. Ojal\u00e1 que se siguiera el camino del indio de Guelatao, del que ya se olvidaron muchos aprendices de arist\u00f3cratas, y pueda haber m\u00e1s hijas de alba\u00f1iles y de vendedores de barbacoa no s\u00f3lo al frente de una secretaria o gobernando un estado sino dirigiendo los destinos del pa\u00eds.<\/span><\/p>\n<p class=\"p1\"><span style=\"font-size: 18pt;\"><strong>Esto que asusta a m\u00e1s de un conservador, incluso dentro de la izquierda o de Morena, que no es lo mismo, y combate la igualdad con una supuesta falta de preparaci\u00f3n por el simple hecho de haberse educado en escuelas p\u00fablicas. La moda de los priistas de condicionar el acceso a la administraci\u00f3n p\u00fablica para ser funcionarios iniciada por De la Madrid y se consolidada con Salinas de Gortari, se acab\u00f3.<\/strong><\/span><\/p>\n<p class=\"p1\"><span style=\"font-size: 14pt;\">Personajes como Aurelio Nu\u00f1o, Agust\u00edn Carstens, Jos\u00e9 Antonio Meade, Luis Videgaray, Enrique Pe\u00f1a, etc. ya mostraron su inoperancia. Ten\u00edan m\u00e1s vocaci\u00f3n por la corrupci\u00f3n que por el bienestar social.<\/span><\/p>\n<p class=\"p1\"><span style=\"font-size: 14pt;\">Las universidades privadas y el postgrado en el extranjero fueron una especie de pase autom\u00e1tico a la administraci\u00f3n p\u00fablica. La movilidad social se entendi\u00f3 con muchas limitaciones una vez concluida la Revoluci\u00f3n Mexicana, ahora es momento de llevar adelante con el riego que exige la responsabilidad social, la vocaci\u00f3n de servicio y conciencia pol\u00edtica.<\/span><\/p>\n<p class=\"p1\"><span style=\"font-size: 14pt;\">Es hora de que cada quien desarrolle lo que sabe desde el gobierno con conciencia social y no con la marginaci\u00f3n que impone la condici\u00f3n de sentirse superior al resto de la poblaci\u00f3n, por el simple hecho de estudiar en escuela privada. No cabe duda que la discriminaci\u00f3n empieza en la escuela. La diferencia no asigna superioridad sino s\u00f3lo diversidad.<\/span><\/p>\n<div><\/div>\n<div>\n<hr \/>\n<p>&nbsp;<\/p>\n<p><span style=\"font-size: 18pt;\"><strong>Twitter:\u00a0<a href=\"https:\/\/twitter.com\/Josangasa3\">@Josangasa3<\/a><\/strong><\/span><\/p>\n<p>&nbsp;<\/p>\n<p><img loading=\"lazy\" decoding=\"async\" class=\"aligncenter wp-image-11449\" src=\"http:\/\/noticiasveracruz.com\/wp-content\/uploads\/2023\/01\/FIRMA-EDITORIAL-NV-300x37.png\" alt=\"\" width=\"1000\" height=\"122\" srcset=\"https:\/\/noticiasveracruz.com\/wp-content\/uploads\/2023\/01\/FIRMA-EDITORIAL-NV-300x37.png 300w, https:\/\/noticiasveracruz.com\/wp-content\/uploads\/2023\/01\/FIRMA-EDITORIAL-NV-1024x125.png 1024w, https:\/\/noticiasveracruz.com\/wp-content\/uploads\/2023\/01\/FIRMA-EDITORIAL-NV-768x94.png 768w, https:\/\/noticiasveracruz.com\/wp-content\/uploads\/2023\/01\/FIRMA-EDITORIAL-NV-1536x188.png 1536w, https:\/\/noticiasveracruz.com\/wp-content\/uploads\/2023\/01\/FIRMA-EDITORIAL-NV-2048x250.png 2048w\" sizes=\"auto, (max-width: 1000px) 100vw, 1000px\" \/><\/p>\n<\/div>\n<p>&nbsp;<\/p>\n<p>&nbsp;<\/p>\n<p>&nbsp;<\/p>\n","protected":false},"excerpt":{"rendered":"<p>&nbsp; Por Jos\u00e9 Garc\u00eda S\u00e1nchez Hay quienes hablan las buenas escuelas, un universo de empresas que convierten el derecho a<\/p>\n","protected":false},"author":4,"featured_media":3183,"comment_status":"closed","ping_status":"closed","sticky":false,"template":"","format":"standard","meta":{"colormag_page_container_layout":"default_layout","colormag_page_sidebar_layout":"default_layout","_jetpack_memberships_contains_paid_content":false,"footnotes":"","jetpack_publicize_message":"","jetpack_publicize_feature_enabled":true,"jetpack_social_post_already_shared":true,"jetpack_social_options":{"image_generator_settings":{"template":"highway","default_image_id":0,"font":"","enabled":false},"version":2}},"categories":[6],"tags":[],"class_list":["post-18098","post","type-post","status-publish","format-standard","has-post-thumbnail","hentry","category-columnistas"],"jetpack_publicize_connections":[],"jetpack_featured_media_url":"https:\/\/noticiasveracruz.com\/wp-content\/uploads\/2022\/04\/NV-JOSE\u0301-GARCI\u0301A.png","jetpack_sharing_enabled":true,"publishpress_future_action":{"enabled":false,"date":"2026-05-06 05:56:12","action":"change-status","newStatus":"draft","terms":[],"taxonomy":"category","extraData":[]},"publishpress_future_workflow_manual_trigger":{"enabledWorkflows":[]},"_links":{"self":[{"href":"https:\/\/noticiasveracruz.com\/index.php\/wp-json\/wp\/v2\/posts\/18098","targetHints":{"allow":["GET"]}}],"collection":[{"href":"https:\/\/noticiasveracruz.com\/index.php\/wp-json\/wp\/v2\/posts"}],"about":[{"href":"https:\/\/noticiasveracruz.com\/index.php\/wp-json\/wp\/v2\/types\/post"}],"author":[{"embeddable":true,"href":"https:\/\/noticiasveracruz.com\/index.php\/wp-json\/wp\/v2\/users\/4"}],"replies":[{"embeddable":true,"href":"https:\/\/noticiasveracruz.com\/index.php\/wp-json\/wp\/v2\/comments?post=18098"}],"version-history":[{"count":0,"href":"https:\/\/noticiasveracruz.com\/index.php\/wp-json\/wp\/v2\/posts\/18098\/revisions"}],"wp:featuredmedia":[{"embeddable":true,"href":"https:\/\/noticiasveracruz.com\/index.php\/wp-json\/wp\/v2\/media\/3183"}],"wp:attachment":[{"href":"https:\/\/noticiasveracruz.com\/index.php\/wp-json\/wp\/v2\/media?parent=18098"}],"wp:term":[{"taxonomy":"category","embeddable":true,"href":"https:\/\/noticiasveracruz.com\/index.php\/wp-json\/wp\/v2\/categories?post=18098"},{"taxonomy":"post_tag","embeddable":true,"href":"https:\/\/noticiasveracruz.com\/index.php\/wp-json\/wp\/v2\/tags?post=18098"}],"curies":[{"name":"wp","href":"https:\/\/api.w.org\/{rel}","templated":true}]}}