{"id":18096,"date":"2023-08-14T03:18:05","date_gmt":"2023-08-14T08:18:05","guid":{"rendered":"https:\/\/noticiasveracruz.com\/?p=18096"},"modified":"2023-08-14T03:18:05","modified_gmt":"2023-08-14T08:18:05","slug":"la-sucesion-presidencial-entre-el-prestigio-y-la-fama","status":"publish","type":"post","link":"https:\/\/noticiasveracruz.com\/index.php\/2023\/08\/14\/la-sucesion-presidencial-entre-el-prestigio-y-la-fama\/","title":{"rendered":"La sucesi\u00f3n presidencial\u2026 entre el prestigio y la fama\u00a0"},"content":{"rendered":"<p class=\"p1\">\n<p>&nbsp;<\/p>\n<p class=\"p1\"><span style=\"font-size: 18pt;\"><b>Por Carlos O. Silva Bandala<\/b><\/span><\/p>\n<p class=\"p1\"><span style=\"font-size: 14pt;\">PRESTIGIO. Tener prestigio o ser prestigioso supone una buena consideraci\u00f3n del resto de la sociedad. Una persona tiene prestigio cuando se destaca en su \u00e1mbito profesional, por la honorabilidad y honradez de sus actos, entre otros.<\/span><\/p>\n<p class=\"p1\"><span style=\"font-size: 14pt;\">FAMA. Tiene que ver con la publicidad. La fama siempre se hace con propaganda y frecuentemente busca el reconocimiento anticipado del triunfo. Suele ser, m\u00e1s hoy, la raz\u00f3n del triunfalismo que busca solamente ganar.<\/span><\/p>\n<p class=\"p1\"><span style=\"font-size: 18pt;\"><strong>Lo que acontece con la se\u00f1ora X\u00f3chitl G\u00e1lvez y la difusi\u00f3n que tanto promueven los medios de comunicaci\u00f3n animadversos al Presidente AMLO, es hacer bullicio para agrandar el tama\u00f1o real de sus logros. De manera oportuna les lleg\u00f3 a algunos medios de comunicaci\u00f3n, de cobertura nacional, que el Presidente se confrontara con la se\u00f1ora G\u00e1lvez, de modo oportunista han acomodado esas circunstancias para \u201ccobrarle la factura\u201d. El Presidente, en su car\u00e1cter personal\u00edsimo, no permite que intervenga una opini\u00f3n distinta de la que \u00e9l cree. No se conoce que tenga un grupo de asesores pol\u00edticos para reflexionar en las ocasiones que se den. Es \u00e9l con sus pensamientos y su conciencia. Sus colaboradores m\u00e1s cercanos, como son los Secretarios de Estado (de gabinete), son, para decirlo cort\u00e9smente, servidores p\u00fablicos nombrados por \u00e9l mismo y chit\u00f3n.<\/strong><\/span><\/p>\n<p class=\"p1\"><span style=\"font-size: 14pt;\">Se ha analizado en otro art\u00edculo, que el Presidente es tozudo en sus opiniones. Circunstancialmente afirma que la se\u00f1ora G\u00e1lvez ser\u00e1 candidata de la oposici\u00f3n <i>Va por M\u00e9xico<\/i>. El Presidente se enred\u00f3 en el garlito que le tendieron algunos medios de comunicaci\u00f3n, dando como resultado la propaganda de amplia difusi\u00f3n en la personalidad de la se\u00f1ora G\u00e1lvez. No hubo en sus colaboradores quien se atreviese a decirle que la dejase de nombrar. Para fortuna, especialmente de Claudia Sheinbaum, intervino el INE (a petici\u00f3n de parte) y le \u201ccorrige la plana\u201d, para dejar de mencionarla, al considerar que sus opiniones son violencia de g\u00e9nero (como si la pol\u00edtica solo fuera posible entre santos y arc\u00e1ngeles, y, m\u00e1s bien todo lo contrario).<\/span><\/p>\n<p class=\"p1\"><span style=\"font-size: 14pt;\">Con motivo de que los cuatro precandidatos de <i>Va por M\u00e9xico<\/i>, dos del PRI y dos del PAN: Beatriz Paredes y Enrique de la Madrid, X\u00f3chitl G\u00e1lvez y Santiago Creel, al pasar a la segunda etapa, que han llamado primarias, todo va a cambiar para la se\u00f1ora G\u00e1lvez y como el Presidente no debe mencionarla m\u00e1s, sus promotores de los medios de comunicaci\u00f3n, se obligar\u00e1n a ser m\u00e1s objetivos de la realidad pol\u00edtica de cada uno y aqu\u00ed cabe el siguiente complemento anal\u00edtico.<\/span><\/p>\n<p>&nbsp;<\/p>\n<p class=\"p1\"><span style=\"font-size: 18pt; color: #e42d33;\"><b>PERFILES Y SU IMPACTO EN LA SOCIEDAD<\/b><\/span><\/p>\n<p class=\"p1\"><span style=\"font-size: 14pt;\">Los dos precandidatos del PAN, X\u00f3chitl G\u00e1lvez y Santiago Creel, sus historias pol\u00edticas son muy contrastantes; el curr\u00edculo de la se\u00f1ora G\u00e1lvez es muy limitado en su tr\u00e1nsito por una alcald\u00eda de la CdMx y el Senado de la Rep\u00fablica, que no dan soporte de experiencia en gobernanza nacional para representar a los mexicanos en la Primera Magistratura de la naci\u00f3n. El estereotipo que ella misma difunde, da muestras de haberse quedado atrapada en el M\u00e9xico de mediados del siglo pasado. M\u00e9xico es un pa\u00eds moderno, donde la competencia profesional es tremenda para lograr un espacio laboral profesional, como muestran los ex\u00e1menes de oposici\u00f3n en la academia, en notar\u00edas p\u00fablicas, en niveles de direcci\u00f3n y liderazgo empresarial. Su alzada es medi\u00e1tica, es propaganda; ese es el meollo del asunto.<\/span><\/p>\n<p class=\"p1\"><span style=\"font-size: 18pt;\"><strong>Por el contrario, Santiago Creel es un viejo militante de la derecha mexicana, de los llamados conservadores. Con una amplia experiencia dentro del PAN y en el acompa\u00f1amiento del poder presidencial, pues fue Secretario de Gobernaci\u00f3n con Vicente Fox como Presidente. Ha sido Diputado Federal y Senador de la Rep\u00fablica. El perfil de Santiago Creel, como imagen personal es emp\u00e1tica con la clase media y los Colectivos Ciudadanos; de esa misma manera no es tan simple percibir a X\u00f3chitl G\u00e1lvez.<\/strong><\/span><\/p>\n<p>&nbsp;<\/p>\n<p><img loading=\"lazy\" decoding=\"async\" class=\"aligncenter wp-image-23047 size-large\" src=\"https:\/\/politicosaldesnudo.com.mx\/wp-content\/uploads\/2023\/08\/P-FRENTE-AMPLIO-2-1024x573.png\" alt=\"\" width=\"800\" height=\"448\" \/><\/p>\n<p>&nbsp;<\/p>\n<p>&nbsp;<\/p>\n<p class=\"p1\"><span style=\"font-size: 14pt;\">Del PRI, Beatriz Paredes y Enrique de la Madrid, sus perfiles pol\u00edticos y personales andan m\u00e1s o menos por lo mismo. Beatriz Paredes tiene en su haber pol\u00edtico, militante y dirigente (CEN del PRI), embajadora en Cuba y Brasil, tres veces Subsecretaria de Gobernaci\u00f3n y Secretaria de la Reforma Agraria, Diputada Federal, Gobernadora de Tlaxcala y Senadora de la Rep\u00fablica. Para el caso de Enrique de la Madrid, ha sido Diputado Federal de representaci\u00f3n proporcional y Secretario de Turismo en el gobierno del Presidente Pe\u00f1a Nieto. Convivi\u00f3 con el poder pol\u00edtico presidencial desde casa, pues su padre, Miguel de la Madrid fue Presidente de M\u00e9xico. Esto \u00faltimo se menciona, porque es indudable que muchos asuntos de la naci\u00f3n fueron comentados por el<span class=\"Apple-converted-space\">\u00a0 <\/span>expresidente en su hogar y de esas experiencias se aprende mucho. Su personalidad es emp\u00e1tica con la clase media, a contrario sensu de Beatriz Paredes. Contrastan significativamente por el carisma, capacidad y experiencia. <\/span><\/p>\n<p class=\"p1\"><span style=\"font-size: 18pt;\"><strong>Con esta m\u00ednima revisi\u00f3n curricular pol\u00edtica y profesional, es claro que Santiago Creel y Beatriz Paredes son los mejores perfiles de <i>Va por M\u00e9xico<\/i>, sin embargo, X\u00f3chitl G\u00e1lvez encabeza las preferencias ciudadanas en ese grupo PAN\/PRI. \u00bfPor qu\u00e9 va a la delantera? Porque el Presidente la hizo viral y algunos medios de comunicaci\u00f3n ah\u00ed se cargaron. Pero ahora esos medios de comunicaci\u00f3n se ver\u00e1n en la realidad de la nota pol\u00edtica period\u00edstica de hablar de los cuatro al comento.<\/strong><\/span><\/p>\n<p>&nbsp;<\/p>\n<p class=\"p1\"><span style=\"font-size: 18pt; color: #e42d33;\"><b>LAS CLASES MEDIAS<\/b><\/span><\/p>\n<p class=\"p1\"><span style=\"font-size: 14pt;\">Los partidos pol\u00edticos PAN\/PRI\/PRD est\u00e1n presentes en general de las personas, como instituciones indeseables, de ah\u00ed el \u00e9xito de las manifestaciones ciudadanas promovidas por los Colectivos. Existe la limitaci\u00f3n legal para que los Colectivos Ciudadanos participen directamente, como tales, en los procesos electorales. Por lo que solo es posible, sum\u00e1ndose o como coadyuvantes de los partidos pol\u00edticos. Ninguno de los cuatro de <i>Va por M\u00e9xico<\/i> son apartidistas, son miembros y militantes de partidos pol\u00edticos. Lo que presenta una dificultad nada f\u00e1cil de resolver para lograr las simpat\u00edas de las clases medias agrupadas en los Colectivos Ciudadanos. Son sectores sociales informados que se sit\u00faan en un nivel socioecon\u00f3mico entre la clase baja (los pobres) y la clase alta (los ricos). Forman un conglomerado de Profesionistas de prestigio, empleados directivos y trabajadores de muy diversa \u00edndole laboral. En la medida de que estos sectores sociales est\u00e9n bien informados de las caracter\u00edsticas curriculares de los precandidatos tantas veces dicho, los hechos hablar\u00e1n por si solos.<\/span><\/p>\n<p>&nbsp;<\/p>\n<p class=\"p1\"><span style=\"font-size: 18pt; color: #e42d33;\"><b>CONTRAINDICACI\u00d3N<\/b><\/span><\/p>\n<p class=\"p1\"><span style=\"font-size: 14pt;\">Gobernar desde la Presidencia de la Rep\u00fablica, no es, no debe ser asunto de publicidad y propaganda de vanagloria, de revanchismos del poder por el poder mismo. Sin la amplia difusi\u00f3n que permita las comparativas al m\u00e9rito, estaremos condenados a la improvisaci\u00f3n que tanto da\u00f1o ha hecho al desarrollo econ\u00f3mico y social de la naci\u00f3n.<span class=\"Apple-converted-space\">\u00a0 \u00a0<\/span><\/span><\/p>\n<p>&nbsp;<\/p>\n<hr \/>\n<p>&nbsp;<\/p>\n<p><strong><span style=\"font-size: 18pt;\">Correo: <span class=\"s1\"><a href=\"mailto:flormarcc2@gmail.com\">flormarcc2@gmail.com<\/a><\/span><\/span><\/strong><\/p>\n<p>&nbsp;<\/p>\n<p><img loading=\"lazy\" decoding=\"async\" class=\"aligncenter wp-image-11449\" src=\"http:\/\/noticiasveracruz.com\/wp-content\/uploads\/2023\/01\/FIRMA-EDITORIAL-NV-300x37.png\" alt=\"\" width=\"1000\" height=\"122\" srcset=\"https:\/\/noticiasveracruz.com\/wp-content\/uploads\/2023\/01\/FIRMA-EDITORIAL-NV-300x37.png 300w, https:\/\/noticiasveracruz.com\/wp-content\/uploads\/2023\/01\/FIRMA-EDITORIAL-NV-1024x125.png 1024w, https:\/\/noticiasveracruz.com\/wp-content\/uploads\/2023\/01\/FIRMA-EDITORIAL-NV-768x94.png 768w, https:\/\/noticiasveracruz.com\/wp-content\/uploads\/2023\/01\/FIRMA-EDITORIAL-NV-1536x188.png 1536w, https:\/\/noticiasveracruz.com\/wp-content\/uploads\/2023\/01\/FIRMA-EDITORIAL-NV-2048x250.png 2048w\" sizes=\"auto, (max-width: 1000px) 100vw, 1000px\" \/><\/p>\n<p>&nbsp;<\/p>\n<p>&nbsp;<\/p>\n<p>&nbsp;<\/p>\n<p>&nbsp;<\/p>\n","protected":false},"excerpt":{"rendered":"<p>&nbsp; Por Carlos O. Silva Bandala PRESTIGIO. Tener prestigio o ser prestigioso supone una buena consideraci\u00f3n del resto de la<\/p>\n","protected":false},"author":4,"featured_media":7039,"comment_status":"closed","ping_status":"closed","sticky":false,"template":"","format":"standard","meta":{"colormag_page_container_layout":"default_layout","colormag_page_sidebar_layout":"default_layout","_jetpack_memberships_contains_paid_content":false,"footnotes":"","jetpack_publicize_message":"","jetpack_publicize_feature_enabled":true,"jetpack_social_post_already_shared":true,"jetpack_social_options":{"image_generator_settings":{"template":"highway","default_image_id":0,"font":"","enabled":false},"version":2}},"categories":[6],"tags":[],"class_list":["post-18096","post","type-post","status-publish","format-standard","has-post-thumbnail","hentry","category-columnistas"],"jetpack_publicize_connections":[],"jetpack_featured_media_url":"https:\/\/noticiasveracruz.com\/wp-content\/uploads\/2022\/08\/NV-CARLOS-SILVA2.png","jetpack_sharing_enabled":true,"publishpress_future_action":{"enabled":false,"date":"2026-05-06 05:25:58","action":"change-status","newStatus":"draft","terms":[],"taxonomy":"category","extraData":[]},"publishpress_future_workflow_manual_trigger":{"enabledWorkflows":[]},"_links":{"self":[{"href":"https:\/\/noticiasveracruz.com\/index.php\/wp-json\/wp\/v2\/posts\/18096","targetHints":{"allow":["GET"]}}],"collection":[{"href":"https:\/\/noticiasveracruz.com\/index.php\/wp-json\/wp\/v2\/posts"}],"about":[{"href":"https:\/\/noticiasveracruz.com\/index.php\/wp-json\/wp\/v2\/types\/post"}],"author":[{"embeddable":true,"href":"https:\/\/noticiasveracruz.com\/index.php\/wp-json\/wp\/v2\/users\/4"}],"replies":[{"embeddable":true,"href":"https:\/\/noticiasveracruz.com\/index.php\/wp-json\/wp\/v2\/comments?post=18096"}],"version-history":[{"count":0,"href":"https:\/\/noticiasveracruz.com\/index.php\/wp-json\/wp\/v2\/posts\/18096\/revisions"}],"wp:featuredmedia":[{"embeddable":true,"href":"https:\/\/noticiasveracruz.com\/index.php\/wp-json\/wp\/v2\/media\/7039"}],"wp:attachment":[{"href":"https:\/\/noticiasveracruz.com\/index.php\/wp-json\/wp\/v2\/media?parent=18096"}],"wp:term":[{"taxonomy":"category","embeddable":true,"href":"https:\/\/noticiasveracruz.com\/index.php\/wp-json\/wp\/v2\/categories?post=18096"},{"taxonomy":"post_tag","embeddable":true,"href":"https:\/\/noticiasveracruz.com\/index.php\/wp-json\/wp\/v2\/tags?post=18096"}],"curies":[{"name":"wp","href":"https:\/\/api.w.org\/{rel}","templated":true}]}}