{"id":18091,"date":"2023-08-14T03:09:07","date_gmt":"2023-08-14T08:09:07","guid":{"rendered":"https:\/\/noticiasveracruz.com\/?p=18091"},"modified":"2023-08-14T03:09:07","modified_gmt":"2023-08-14T08:09:07","slug":"bajenle-a-sus-facturas-recomiendan-a-corcholatas","status":"publish","type":"post","link":"https:\/\/noticiasveracruz.com\/index.php\/2023\/08\/14\/bajenle-a-sus-facturas-recomiendan-a-corcholatas\/","title":{"rendered":"\u2018B\u00e1jenle a sus facturas\u2019, recomiendan a corcholatas"},"content":{"rendered":"<p class=\"p1\">\n<p>&nbsp;<\/p>\n<p class=\"p1\"><span style=\"font-size: 18pt;\"><strong>Por Jos\u00e9 Ure\u00f1a<\/strong><\/span><\/p>\n<p class=\"p1\"><span style=\"font-size: 14pt;\">Las cifras reales corren un riesgo: Rebasar los topes de precampa\u00f1a -\u00bfo c\u00f3mo se llama?- fijados por el nuevo partido de Estado para las\u00a0corcholatas\u00a0y avaladas por el INE de\u00a0Guadalupe Taddei.<\/span><\/p>\n<p class=\"p1\"><span style=\"font-size: 14pt;\">Una decisi\u00f3n del \u00f3rgano electoral a trav\u00e9s de la cual, por v\u00eda indirecta, se disfraza la violaci\u00f3n del calendario constitucional para el pr\u00f3ximo proceso federal a culminar en junio de 2024.<\/span><\/p>\n<p class=\"p1\"><span style=\"font-size: 14pt;\">A estas cruzadas en pos de la Presidencia de la Rep\u00fablica pronto se sumar\u00e1n otras: las movilizaciones de todos los aspirantes a gobernar los nueve estados donde habr\u00e1 votaciones locales.<\/span><\/p>\n<p class=\"p1\"><span style=\"font-size: 14pt;\">Y luego otros: quienes buscar\u00e1n senadur\u00edas, diputaciones federales y locales, presidencias municipales, regidur\u00edas\u2026<\/span><\/p>\n<p class=\"p1\"><span style=\"font-size: 14pt;\">Hoy hablamos de Morena, pero no tiene patente de exclusividad.<\/span><\/p>\n<p class=\"p1\"><span style=\"font-size: 14pt;\">La oposici\u00f3n institucionalizada, aglutinada en el Frente Amplio por M\u00e9xico con la suma de organizaciones sociales y pol\u00edticas, arranc\u00f3 tarde en relaci\u00f3n al oficialismo, mas no dentro de los plazos legales. Pero sigamos con el tema.<\/span><\/p>\n<p>&nbsp;<\/p>\n<p class=\"p1\"><span style=\"font-size: 18pt; color: #e42d33;\"><strong>AS\u00cd SE OCULTAN GASTOS<\/strong><\/span><\/p>\n<p class=\"p1\"><span style=\"font-size: 14pt;\">El comit\u00e9 de\u00a0Mario Delgado\u00a0puso cinco millones de pesos como l\u00edmite.<\/span><\/p>\n<p class=\"p1\"><span style=\"font-size: 14pt;\">A ese gasto deben someterse las seis corcholatas, las cuatro propias (Morena) y las dos entenadas,\u00a0Manuel Velasco\u00a0(Verde) y\u00a0Gerardo Fern\u00e1ndez Noro\u00f1a\u00a0(PT).<\/span><\/p>\n<p class=\"p1\"><span style=\"font-size: 14pt;\">Sus seis equipos de trabajo reportan los gastos directamente a\u00a0Francisco Javier Cabiedes Uranga, secretario de Finanzas y quien consigui\u00f3 la aprobaci\u00f3n del INE.<\/span><\/p>\n<p class=\"p1\"><span style=\"font-size: 14pt;\">Pero ha sido \u00e9l quien les hace una recomendaci\u00f3n:<\/span><\/p>\n<p class=\"p1\"><span style=\"font-size: 14pt;\">-B\u00e1jenle a sus facturas.<\/span><\/p>\n<p class=\"p1\"><span style=\"font-size: 14pt;\">Tal vez por eso ninguna de las\u00a0corcholatas\u00a0asume los millonarios gastos de los sospechosos espectaculares y de las bardas pintadas de norte a sur y de este a oeste de la naci\u00f3n.<\/span><\/p>\n<p class=\"p1\"><span style=\"font-size: 14pt;\">O el duelo de concentraciones previamente publicitadas y movilizadas con cientos y cientos de veh\u00edculos en lugares y con equipos de sonido, templetes, siller\u00eda\u2026 todo rentado.<\/span><\/p>\n<p class=\"p1\"><span style=\"font-size: 14pt;\">Aunque hay una salvedad: \u00e9l sabr\u00e1 por qu\u00e9, pero\u00a0Ad\u00e1n Augusto L\u00f3pez no\u00a0ha tomado dineros partidistas y su promesa es cubrir sus recorridos con recursos propios.<\/span><\/p>\n<p>&nbsp;<\/p>\n<p class=\"p1\"><span style=\"font-size: 18pt; color: #e42d33;\"><strong>FIN DE LEGISLATURA<\/strong><\/span><\/p>\n<p class=\"p1\"><span style=\"font-size: 14pt;\">1.Este lunes empieza el fin de la Legislatura.<\/span><\/p>\n<p class=\"p1\"><span style=\"font-size: 14pt;\">Alejandro Armenta\u00a0entrega su informe al frente del Senado y as\u00ed inicia la cuenta regresiva, otra expresi\u00f3n del proceso sucesorio acelerado desde Palacio Nacional.<\/span><\/p>\n<p class=\"p1\"><span style=\"font-size: 14pt;\">Sus cuentas son buenas porque gui\u00f3 la aprobaci\u00f3n de cuanto se pidi\u00f3, pese a ciertas disidencias del l\u00edder parlamentario\u00a0Ricardo Monreal.<\/span><\/p>\n<p class=\"p1\"><span style=\"font-size: 14pt;\">A prop\u00f3sito, el zacatecano cerrar\u00e1 su campa\u00f1a por el dedazo presidencial en la Plaza de las Tres Culturas, acaso como prueba de su inter\u00e9s de ganar la Ciudad de M\u00e9xico.<\/span><\/p>\n<p class=\"p1\"><span style=\"font-size: 14pt;\">2.Un instituto m\u00e9dico de excelencia, el Nacional de Cancerolog\u00eda, va hacia su renovaci\u00f3n.<\/span><\/p>\n<p class=\"p1\"><span style=\"font-size: 14pt;\">El doctor\u00a0Abelardo Meneses Garc\u00eda\u00a0dejar\u00e1 la direcci\u00f3n tras diez a\u00f1os de fortalecer la contrataci\u00f3n de personal de oncolog\u00eda, los programas de detecci\u00f3n de c\u00e1ncer y de cuidados paliativos.<\/span><\/p>\n<p class=\"p1\"><span style=\"font-size: 14pt;\">En la terna para sucederlo est\u00e1n los doctores\u00a0Oscar Arrieta Rodr\u00edguez, Alfonso Due\u00f1as y Erika Betzab\u00e9 Ru\u00edz.<\/span><\/p>\n<p class=\"p1\"><span style=\"font-size: 14pt;\">3. El 26 de agosto la Academia de Artes y Ciencias Pol\u00edticas de Washington (WAPAS por sus siglas en ingl\u00e9s) entregar\u00e1 el reconocimiento Napolitan Victory Awards o Mujer Influyente del A\u00f1o a\u00a0Daniela Miyuki L\u00f3pez Mu\u00f1oz.<\/span><\/p>\n<p class=\"p1\"><span style=\"font-size: 14pt;\">Nativa de Aguascalientes, es una joven emprendedora y aspira a perfilarse como parte del cambio pol\u00edtico generacional de su estado a trav\u00e9s de MC.<\/span><\/p>\n<p>&nbsp;<\/p>\n<hr \/>\n<p>&nbsp;<\/p>\n<p><img loading=\"lazy\" decoding=\"async\" class=\"aligncenter wp-image-11449\" src=\"http:\/\/noticiasveracruz.com\/wp-content\/uploads\/2023\/01\/FIRMA-EDITORIAL-NV-300x37.png\" alt=\"\" width=\"1000\" height=\"122\" srcset=\"https:\/\/noticiasveracruz.com\/wp-content\/uploads\/2023\/01\/FIRMA-EDITORIAL-NV-300x37.png 300w, https:\/\/noticiasveracruz.com\/wp-content\/uploads\/2023\/01\/FIRMA-EDITORIAL-NV-1024x125.png 1024w, https:\/\/noticiasveracruz.com\/wp-content\/uploads\/2023\/01\/FIRMA-EDITORIAL-NV-768x94.png 768w, https:\/\/noticiasveracruz.com\/wp-content\/uploads\/2023\/01\/FIRMA-EDITORIAL-NV-1536x188.png 1536w, https:\/\/noticiasveracruz.com\/wp-content\/uploads\/2023\/01\/FIRMA-EDITORIAL-NV-2048x250.png 2048w\" sizes=\"auto, (max-width: 1000px) 100vw, 1000px\" \/><\/p>\n<p>&nbsp;<\/p>\n<p>&nbsp;<\/p>\n<p>&nbsp;<\/p>\n<p>&nbsp;<\/p>\n","protected":false},"excerpt":{"rendered":"<p>&nbsp; Por Jos\u00e9 Ure\u00f1a Las cifras reales corren un riesgo: Rebasar los topes de precampa\u00f1a -\u00bfo c\u00f3mo se llama?- fijados<\/p>\n","protected":false},"author":4,"featured_media":3258,"comment_status":"closed","ping_status":"closed","sticky":false,"template":"","format":"standard","meta":{"colormag_page_container_layout":"default_layout","colormag_page_sidebar_layout":"default_layout","_jetpack_memberships_contains_paid_content":false,"footnotes":"","jetpack_publicize_message":"","jetpack_publicize_feature_enabled":true,"jetpack_social_post_already_shared":true,"jetpack_social_options":{"image_generator_settings":{"template":"highway","default_image_id":0,"font":"","enabled":false},"version":2}},"categories":[6],"tags":[],"class_list":["post-18091","post","type-post","status-publish","format-standard","has-post-thumbnail","hentry","category-columnistas"],"jetpack_publicize_connections":[],"jetpack_featured_media_url":"https:\/\/noticiasveracruz.com\/wp-content\/uploads\/2022\/04\/JOSE\u0301-UREN\u0303A.png","jetpack_sharing_enabled":true,"publishpress_future_action":{"enabled":false,"date":"2026-05-06 05:25:42","action":"change-status","newStatus":"draft","terms":[],"taxonomy":"category","extraData":[]},"publishpress_future_workflow_manual_trigger":{"enabledWorkflows":[]},"_links":{"self":[{"href":"https:\/\/noticiasveracruz.com\/index.php\/wp-json\/wp\/v2\/posts\/18091","targetHints":{"allow":["GET"]}}],"collection":[{"href":"https:\/\/noticiasveracruz.com\/index.php\/wp-json\/wp\/v2\/posts"}],"about":[{"href":"https:\/\/noticiasveracruz.com\/index.php\/wp-json\/wp\/v2\/types\/post"}],"author":[{"embeddable":true,"href":"https:\/\/noticiasveracruz.com\/index.php\/wp-json\/wp\/v2\/users\/4"}],"replies":[{"embeddable":true,"href":"https:\/\/noticiasveracruz.com\/index.php\/wp-json\/wp\/v2\/comments?post=18091"}],"version-history":[{"count":0,"href":"https:\/\/noticiasveracruz.com\/index.php\/wp-json\/wp\/v2\/posts\/18091\/revisions"}],"wp:featuredmedia":[{"embeddable":true,"href":"https:\/\/noticiasveracruz.com\/index.php\/wp-json\/wp\/v2\/media\/3258"}],"wp:attachment":[{"href":"https:\/\/noticiasveracruz.com\/index.php\/wp-json\/wp\/v2\/media?parent=18091"}],"wp:term":[{"taxonomy":"category","embeddable":true,"href":"https:\/\/noticiasveracruz.com\/index.php\/wp-json\/wp\/v2\/categories?post=18091"},{"taxonomy":"post_tag","embeddable":true,"href":"https:\/\/noticiasveracruz.com\/index.php\/wp-json\/wp\/v2\/tags?post=18091"}],"curies":[{"name":"wp","href":"https:\/\/api.w.org\/{rel}","templated":true}]}}