{"id":18070,"date":"2023-08-11T09:21:18","date_gmt":"2023-08-11T14:21:18","guid":{"rendered":"https:\/\/noticiasveracruz.com\/?p=18070"},"modified":"2023-08-11T09:22:05","modified_gmt":"2023-08-11T14:22:05","slug":"economia-confianza-genera-alza-del-41-en-inversion-extranjera-en-mexico","status":"publish","type":"post","link":"https:\/\/noticiasveracruz.com\/index.php\/2023\/08\/11\/economia-confianza-genera-alza-del-41-en-inversion-extranjera-en-mexico\/","title":{"rendered":"Econom\u00eda: confianza genera alza del 41% en Inversi\u00f3n Extranjera en M\u00e9xico"},"content":{"rendered":"<p>&nbsp;<\/p>\n<p class=\"p1\"><span style=\"font-size: 14pt;\"><em><strong>CIUDAD DE M\u00c9XICO.<\/strong> <\/em><strong>Al cierre del primer semestre de 2023, la Secretar\u00eda de Econom\u00eda<\/strong> (SE) inform\u00f3 que respecto a la <strong>Inversi\u00f3n Extranjera Directa<\/strong> (IED) en M\u00e9xico se gener\u00f3 <strong>9 mil 041 millones de d\u00f3lares<\/strong> y que frente al mismo periodo, pero de 2022 hubo un aumento del 41 por ciento.<\/span><\/p>\n<p class=\"p1\"><span style=\"font-size: 18pt;\"><strong>Cabe destacar que en estos resultados no se han considerado la fusi\u00f3n de Televisa y la reestructura de Aerom\u00e9xico, los cuales representaron 6.8 mil millones de d\u00f3lares el a\u00f1o pasado.<\/strong><\/span><\/p>\n<p class=\"p1\"><span style=\"font-size: 14pt;\">La Secretar\u00eda de Econom\u00eda a cargo de Raquel Buenrostro subray\u00f3 que el comportamiento que se observa en la primera mitad de 2023,\u00a0\u201crepresenta la confianza de los inversionistas para mantener y ampliar sus inversiones en M\u00e9xico\u201d.<\/span><\/p>\n<p>&nbsp;<\/p>\n<blockquote>\n<p class=\"p1\"><span style=\"font-size: 14pt;\">Esta alza est\u00e1 generada por las condiciones para un excelente ambiente de negocios, M\u00e9xico se consolida como el mejor destino de inversi\u00f3n en Am\u00e9rica\u201d<\/span><\/p>\n<\/blockquote>\n<p>&nbsp;<\/p>\n<p class=\"p1\"><span style=\"font-size: 18pt; color: #e42d33;\"><strong>APORTACI\u00d3N POR ENTIDADES<\/strong><\/span><\/p>\n<p class=\"p1\"><span style=\"font-size: 18pt;\"><strong>La SE destac\u00f3 que el 60 por ciento de la Inversi\u00f3n Extranjera se localiza en cinco entidades como Ciudad de M\u00e9xico, Nuevo Le\u00f3n, Baja California, Jalisco y Estado de M\u00e9xico. <\/strong><\/span><\/p>\n<p class=\"p1\"><span style=\"font-size: 18pt; color: #e42d33;\"><strong>Tan s\u00f3lo en este primer semestre, la Ciudad de M\u00e9xico gener\u00f3 10 mil 225 millones de d\u00f3lares que representa un 35% de la inversi\u00f3n. <\/strong><\/span><\/p>\n<p class=\"p1\"><span style=\"font-size: 18pt; color: #e42d33;\"><strong>As\u00ed, Nuevo Le\u00f3n tuvo una participaci\u00f3n de 2 mil 795 millones de d\u00f3lares con una representaci\u00f3n del 10%.<\/strong><\/span><\/p>\n<p class=\"p1\"><span style=\"font-size: 18pt; color: #e42d33;\"><strong>Igualmente destaca Baja California con una generaci\u00f3n de inversi\u00f3n de 1 mil 463 millones de d\u00f3lares con una participaci\u00f3n de 5%.<\/strong><\/span><\/p>\n<p class=\"p1\"><span style=\"font-size: 18pt; color: #e42d33;\"><strong>Despu\u00e9s est\u00e1 Jalisco con una participaci\u00f3n de 1 mil 390 millones de d\u00f3lares, la cual representa 5%.<\/strong><\/span><\/p>\n<p class=\"p1\"><span style=\"font-size: 18pt; color: #e42d33;\"><strong>Al final se ubica Estado M\u00e9xico con una participaci\u00f3n de 1 mil 330 millones de d\u00f3lares que representa el 5%. <\/strong><\/span><\/p>\n<p class=\"p1\"><span style=\"font-size: 14pt;\">En este escenario se encuentra que el 57 por ciento de la Inversi\u00f3n Extranjera Directa corresponde al sector manufacturero, destacando las industrias de equipo de Transporte, Metales, Industrias de las Bebidas y Tabaco, Industria Qu\u00edmica, Industria Alimentaria, Aparatos El\u00e9ctricos y Equipos de Computaci\u00f3n <\/span><\/p>\n<p class=\"p1\"><span style=\"font-size: 14pt;\">El 27 por ciento, a servicios financieros; el resto a alojamiento temporal, miner\u00eda, transporte, construcci\u00f3n, comercio al por mayor y minorista.<\/span><\/p>\n<p class=\"p1\"><span style=\"font-size: 14pt;\">En el lapso de referencias, la IED registrada en M\u00e9xico refrend\u00f3 a Estados Unidos como su principal socio comercial, pues 43 por ciento del capital for\u00e1neo provino de aquel pa\u00eds.<\/span><\/p>\n<p class=\"p1\"><span style=\"font-size: 14pt;\">El 15 por ciento fue capital de Espa\u00f1a, 9 por ciento de Alemania, 8 por ciento de Argentina y el resto de otras naciones.<\/span><\/p>\n<p>&nbsp;<\/p>\n<p>&nbsp;<\/p>\n<p>&nbsp;<\/p>\n","protected":false},"excerpt":{"rendered":"<p>&nbsp; CIUDAD DE M\u00c9XICO. Al cierre del primer semestre de 2023, la Secretar\u00eda de Econom\u00eda (SE) inform\u00f3 que respecto a<\/p>\n","protected":false},"author":4,"featured_media":18071,"comment_status":"closed","ping_status":"closed","sticky":false,"template":"","format":"standard","meta":{"colormag_page_container_layout":"default_layout","colormag_page_sidebar_layout":"default_layout","_jetpack_memberships_contains_paid_content":false,"footnotes":"","jetpack_publicize_message":"","jetpack_publicize_feature_enabled":true,"jetpack_social_post_already_shared":true,"jetpack_social_options":{"image_generator_settings":{"template":"highway","default_image_id":0,"font":"","enabled":false},"version":2}},"categories":[1947],"tags":[791,31,2892,1495],"class_list":["post-18070","post","type-post","status-publish","format-standard","has-post-thumbnail","hentry","category-economia","tag-inversion-extranjera","tag-mexico","tag-se","tag-secretaria-de-economia"],"jetpack_publicize_connections":[],"jetpack_featured_media_url":"https:\/\/noticiasveracruz.com\/wp-content\/uploads\/2023\/08\/P-MANUFACTURERO-1.png","jetpack_sharing_enabled":true,"publishpress_future_action":{"enabled":false,"date":"2026-05-06 11:10:37","action":"change-status","newStatus":"draft","terms":[],"taxonomy":"category","extraData":[]},"publishpress_future_workflow_manual_trigger":{"enabledWorkflows":[]},"_links":{"self":[{"href":"https:\/\/noticiasveracruz.com\/index.php\/wp-json\/wp\/v2\/posts\/18070","targetHints":{"allow":["GET"]}}],"collection":[{"href":"https:\/\/noticiasveracruz.com\/index.php\/wp-json\/wp\/v2\/posts"}],"about":[{"href":"https:\/\/noticiasveracruz.com\/index.php\/wp-json\/wp\/v2\/types\/post"}],"author":[{"embeddable":true,"href":"https:\/\/noticiasveracruz.com\/index.php\/wp-json\/wp\/v2\/users\/4"}],"replies":[{"embeddable":true,"href":"https:\/\/noticiasveracruz.com\/index.php\/wp-json\/wp\/v2\/comments?post=18070"}],"version-history":[{"count":0,"href":"https:\/\/noticiasveracruz.com\/index.php\/wp-json\/wp\/v2\/posts\/18070\/revisions"}],"wp:featuredmedia":[{"embeddable":true,"href":"https:\/\/noticiasveracruz.com\/index.php\/wp-json\/wp\/v2\/media\/18071"}],"wp:attachment":[{"href":"https:\/\/noticiasveracruz.com\/index.php\/wp-json\/wp\/v2\/media?parent=18070"}],"wp:term":[{"taxonomy":"category","embeddable":true,"href":"https:\/\/noticiasveracruz.com\/index.php\/wp-json\/wp\/v2\/categories?post=18070"},{"taxonomy":"post_tag","embeddable":true,"href":"https:\/\/noticiasveracruz.com\/index.php\/wp-json\/wp\/v2\/tags?post=18070"}],"curies":[{"name":"wp","href":"https:\/\/api.w.org\/{rel}","templated":true}]}}