{"id":18060,"date":"2023-08-11T08:47:10","date_gmt":"2023-08-11T13:47:10","guid":{"rendered":"https:\/\/noticiasveracruz.com\/?p=18060"},"modified":"2023-08-11T08:55:41","modified_gmt":"2023-08-11T13:55:41","slug":"alcalde-jose-manuel-pozos-alza-su-voz-contra-jueces-y-la-proteccion-a-delincuentes-en-veracruz","status":"publish","type":"post","link":"https:\/\/noticiasveracruz.com\/index.php\/2023\/08\/11\/alcalde-jose-manuel-pozos-alza-su-voz-contra-jueces-y-la-proteccion-a-delincuentes-en-veracruz\/","title":{"rendered":"Alcalde Jos\u00e9 Manuel Pozos alza su voz contra jueces y la protecci\u00f3n a delincuentes en Veracruz"},"content":{"rendered":"<p>&nbsp;<\/p>\n<p class=\"p1\"><span style=\"font-size: 14pt;\"><em><strong>TUXPAN, VERACRUZ.<\/strong><\/em> El alcalde <strong>Jos\u00e9 Manuel Pozos Castro<\/strong> como presidente de la <strong>Conferencia Estatal de Seguridad P\u00fablica Municipal<\/strong>, alz\u00f3 la voz con toda energ\u00eda para que los <strong>juzgadores federales analicen con toda propiedad los elementos dictados en la prisi\u00f3n preventiva y eviten dar libertad a delincuentes de alto impacto.<\/strong><\/span><\/p>\n<p class=\"p1\"><span style=\"font-size: 18pt;\"><strong>Jos\u00e9 Manuel Pozos expuso que los juzgadores federales han otorgado excesivas suspensiones provisionales en contra de la prisi\u00f3n preventiva oficiosa; esto sin duda es consecuencia de una valoraci\u00f3n irracional de las inferencias probatorias que el Ministerio P\u00fablico presenta como representante social de los integrantes de una comunidad tranquila, generosa y de buena fe, como es la Veracruzana. <\/strong><\/span><\/p>\n<p class=\"p1\"><span style=\"font-size: 14pt;\">A\u00f1adi\u00f3 Jos\u00e9 Manuel Pozos que las exigencias probatorias que establece el Art\u00edculo 19 constitucional est\u00e1n debidamente integradas en las carpetas de investigaci\u00f3n que presenta el Ministerio P\u00fablico ante la autoridad jurisdiccional.<\/span><\/p>\n<p class=\"p1\"><span style=\"font-size: 18pt; color: #e42d33;\"><strong>El tambi\u00e9n presidente de la Conferencia Estatal de Seguridad P\u00fablica Municipal consider\u00f3 que es sumamente preocupante que, en diversos Distritos Jurisdiccionales de Veracruz, hasta el momento se otorgue suspensi\u00f3n provisional para el efecto de que cese la aplicaci\u00f3n de las medidas cautelares de la prisi\u00f3n preventiva oficiosa, de presuntos delitos que lastiman seriamente a la paz p\u00fablica y que son de alto impacto como el secuestro, homicidios culposos, pederastia, desaparici\u00f3n forzada y feminicidios, entre otros.<\/strong><\/span><\/p>\n<p><img loading=\"lazy\" decoding=\"async\" class=\"aligncenter wp-image-22997 size-large\" src=\"https:\/\/politicosaldesnudo.com.mx\/wp-content\/uploads\/2023\/08\/SINLINEA-VERACRUZ-JUECES-2-1024x575.png\" alt=\"\" width=\"800\" height=\"449\" \/><\/p>\n<p>&nbsp;<\/p>\n<p class=\"p1\"><span style=\"font-size: 18pt;\"><strong>Destac\u00f3 que todo esto invalida los grandes esfuerzos de justicia que realiza la Fiscal\u00eda General del Estado a cargo de\u00a0 Ver\u00f3nica Hern\u00e1ndez Giad\u00e1ns, del Poder Judicial del Estado que preside la Magistrada Lisbeth Aurelia Jim\u00e9nez y del Gobierno de Veracruz a cargo de Cuitl\u00e1huac Garc\u00eda Jim\u00e9nez, que en coordinaci\u00f3n con las fuerzas estatales y federales buscan diariamente soluciones efectivas en materia de seguridad p\u00fablica en las Mesas de Coordinaci\u00f3n para la Construcci\u00f3n de la Paz.<\/strong><\/span><\/p>\n<p class=\"p1\"><span style=\"font-size: 14pt;\">El alcalde Jos\u00e9 Manuel Pozos reiter\u00f3 que seguir\u00e1 levantando la voz junto a los alcaldes de Veracruz, agrupados en la Conferencia, para exigir al Consejo de la Judicatura Federal y a la Presidenta del Poder Judicial una revisi\u00f3n exhaustiva a los juicios de amparo que, sin mayor estudio del asunto, otorgan suspensiones provisionales, trayendo como consecuencia la libertad inmediata de imputados en delitos graves de gran impacto social. <\/span><\/p>\n<p class=\"p1\"><span style=\"font-size: 14pt;\">El presidente municipal fue claro al se\u00f1alar que para ejercer el principio de justicia es necesario tener un criterio imparcial por los impartidores de la misma, rescatando los valores fundamentales, tanto sociales, morales y democr\u00e1ticos. <\/span><\/p>\n<p class=\"p1\"><span style=\"font-size: 18pt;\"><strong>Reafirm\u00f3 su compromiso de trabajar en unidad y coordinadamente para fortalecer el Estado de Derecho para un Veracruz m\u00e1s seguro y en paz.<\/strong><\/span><\/p>\n<p>&nbsp;<\/p>\n<p>&nbsp;<\/p>\n","protected":false},"excerpt":{"rendered":"<p>&nbsp; TUXPAN, VERACRUZ. El alcalde Jos\u00e9 Manuel Pozos Castro como presidente de la Conferencia Estatal de Seguridad P\u00fablica Municipal, alz\u00f3<\/p>\n","protected":false},"author":4,"featured_media":18066,"comment_status":"closed","ping_status":"closed","sticky":false,"template":"","format":"standard","meta":{"colormag_page_container_layout":"default_layout","colormag_page_sidebar_layout":"default_layout","_jetpack_memberships_contains_paid_content":false,"footnotes":"","jetpack_publicize_message":"","jetpack_publicize_feature_enabled":true,"jetpack_social_post_already_shared":true,"jetpack_social_options":{"image_generator_settings":{"template":"highway","default_image_id":0,"font":"","enabled":false},"version":2}},"categories":[356],"tags":[1079,701,1162,1658,73],"class_list":["post-18060","post","type-post","status-publish","format-standard","has-post-thumbnail","hentry","category-veracruz","tag-delicuentes","tag-jose-manuel-pozos","tag-jueces","tag-justicia","tag-veracruz"],"jetpack_publicize_connections":[],"jetpack_featured_media_url":"https:\/\/noticiasveracruz.com\/wp-content\/uploads\/2023\/08\/P-JMP-JUECES-1.png","jetpack_sharing_enabled":true,"publishpress_future_action":{"enabled":false,"date":"2026-05-06 12:37:29","action":"change-status","newStatus":"draft","terms":[],"taxonomy":"category","extraData":[]},"publishpress_future_workflow_manual_trigger":{"enabledWorkflows":[]},"_links":{"self":[{"href":"https:\/\/noticiasveracruz.com\/index.php\/wp-json\/wp\/v2\/posts\/18060","targetHints":{"allow":["GET"]}}],"collection":[{"href":"https:\/\/noticiasveracruz.com\/index.php\/wp-json\/wp\/v2\/posts"}],"about":[{"href":"https:\/\/noticiasveracruz.com\/index.php\/wp-json\/wp\/v2\/types\/post"}],"author":[{"embeddable":true,"href":"https:\/\/noticiasveracruz.com\/index.php\/wp-json\/wp\/v2\/users\/4"}],"replies":[{"embeddable":true,"href":"https:\/\/noticiasveracruz.com\/index.php\/wp-json\/wp\/v2\/comments?post=18060"}],"version-history":[{"count":0,"href":"https:\/\/noticiasveracruz.com\/index.php\/wp-json\/wp\/v2\/posts\/18060\/revisions"}],"wp:featuredmedia":[{"embeddable":true,"href":"https:\/\/noticiasveracruz.com\/index.php\/wp-json\/wp\/v2\/media\/18066"}],"wp:attachment":[{"href":"https:\/\/noticiasveracruz.com\/index.php\/wp-json\/wp\/v2\/media?parent=18060"}],"wp:term":[{"taxonomy":"category","embeddable":true,"href":"https:\/\/noticiasveracruz.com\/index.php\/wp-json\/wp\/v2\/categories?post=18060"},{"taxonomy":"post_tag","embeddable":true,"href":"https:\/\/noticiasveracruz.com\/index.php\/wp-json\/wp\/v2\/tags?post=18060"}],"curies":[{"name":"wp","href":"https:\/\/api.w.org\/{rel}","templated":true}]}}