{"id":18044,"date":"2023-08-10T09:33:07","date_gmt":"2023-08-10T14:33:07","guid":{"rendered":"https:\/\/noticiasveracruz.com\/?p=18044"},"modified":"2023-08-10T09:33:36","modified_gmt":"2023-08-10T14:33:36","slug":"inpc-inflacion-en-mexico-a-la-baja-se-ubica-en-4-79","status":"publish","type":"post","link":"https:\/\/noticiasveracruz.com\/index.php\/2023\/08\/10\/inpc-inflacion-en-mexico-a-la-baja-se-ubica-en-4-79\/","title":{"rendered":"INPC: Inflaci\u00f3n en M\u00e9xico a la baja se ubica en 4.79%"},"content":{"rendered":"<p>&nbsp;<\/p>\n<p class=\"p1\"><span style=\"font-size: 14pt;\"><em><strong>CIUDAD DE M\u00c9XICO.<\/strong> <\/em>En julio de 2023, el <strong>\u00cdndice Nacional de Precios al Consumidor (INPC) aument\u00f3 0.48% respecto al mes anterior.<\/strong> Con este resultado, <strong>la inflaci\u00f3n general anual se ubic\u00f3 en 4.79%.<\/strong> En el mismo mes de 2022, la inflaci\u00f3n mensual fue de 0.74% y la anual, de 8.15%.<\/span><\/p>\n<p class=\"p1\"><span style=\"font-size: 14pt;\">El \u00edndice de precios subyacente increment\u00f3 0.39% mensual y 6.64 % anual. El \u00edndice de precios no subyacente tuvo una variaci\u00f3n de 0.77% a tasa mensual y de -0.67% a tasa anual.<\/span><\/p>\n<p class=\"p1\"><span style=\"font-size: 18pt;\"><strong>Al interior del \u00edndice subyacente, a tasa mensual, los precios de las mercanc\u00edas subieron 0.31% y los de servicios, 0.49%.<\/strong><\/span><\/p>\n<p class=\"p1\"><span style=\"font-size: 14pt;\">Dentro del \u00edndice no subyacente, a tasa mensual, los precios de los productos agropecuarios crecieron 1.90%, mientras que los de energ\u00e9ticos y tarifas autorizadas por el gobierno bajaron 0.23%.<\/span><\/p>\n<p class=\"p1\"><span style=\"font-size: 18pt;\"><strong>Tras cuatro meses consecutivos de lecturas negativas, el componente no-subyacente avanz\u00f3 0.77% m\/m, presionado por los precios de las frutas y verduras que tuvieron una fuerte variaci\u00f3n mensual de 5.5%, ante variaciones de doble d\u00edgito en los precios del aguacate y la cebolla.<\/strong><\/span><\/p>\n<p class=\"p1\"><span style=\"font-size: 14pt;\">Esto fue compensado parcialmente por la ca\u00edda de -0.97% m\/m en los precios de pecuarios; sin embargo en el agregado el rubro de agropecuarios se increment\u00f3 1.9% m\/m.<\/span><\/p>\n<p class=\"p1\"><span style=\"font-size: 14pt;\">Los precios de los energ\u00e9ticos contin\u00faan contribuyendo a la baja con una variaci\u00f3n mensual de -0.42%, apoyando la lectura de -0.23% en el rubro de energ\u00e9ticos y tarifas del gobierno.<\/span><\/p>\n<p class=\"p1\"><span style=\"font-size: 14pt;\">As\u00ed, a tasa anual, la inflaci\u00f3n subyacente se ubic\u00f3 en 6.64%, mostrando relativamente poco progreso desde el 6.89% a\/a de junio, mientras que la no subyacente incluso registr\u00f3 una mayor contracci\u00f3n en julio de -0.67% a\/a.<\/span><\/p>\n<p>&nbsp;<\/p>\n<p>&nbsp;<\/p>\n<p class=\"p1\"><span style=\"font-size: 18pt;\">Con informaci\u00f3n de RedFinancieraMX<\/span><\/p>\n<p>&nbsp;<\/p>\n<p>&nbsp;<\/p>\n","protected":false},"excerpt":{"rendered":"<p>&nbsp; CIUDAD DE M\u00c9XICO. En julio de 2023, el \u00cdndice Nacional de Precios al Consumidor (INPC) aument\u00f3 0.48% respecto al<\/p>\n","protected":false},"author":4,"featured_media":18045,"comment_status":"closed","ping_status":"closed","sticky":false,"template":"","format":"standard","meta":{"colormag_page_container_layout":"default_layout","colormag_page_sidebar_layout":"default_layout","_jetpack_memberships_contains_paid_content":false,"footnotes":"","jetpack_publicize_message":"","jetpack_publicize_feature_enabled":true,"jetpack_social_post_already_shared":true,"jetpack_social_options":{"image_generator_settings":{"template":"highway","default_image_id":0,"font":"","enabled":false},"version":2}},"categories":[1947],"tags":[1873,109,31],"class_list":["post-18044","post","type-post","status-publish","format-standard","has-post-thumbnail","hentry","category-economia","tag-consumidor","tag-inflacion","tag-mexico"],"jetpack_publicize_connections":[],"jetpack_featured_media_url":"https:\/\/noticiasveracruz.com\/wp-content\/uploads\/2023\/08\/P-INFLACION.png","jetpack_sharing_enabled":true,"publishpress_future_action":{"enabled":false,"date":"2026-05-06 15:39:41","action":"change-status","newStatus":"draft","terms":[],"taxonomy":"category","extraData":[]},"publishpress_future_workflow_manual_trigger":{"enabledWorkflows":[]},"_links":{"self":[{"href":"https:\/\/noticiasveracruz.com\/index.php\/wp-json\/wp\/v2\/posts\/18044","targetHints":{"allow":["GET"]}}],"collection":[{"href":"https:\/\/noticiasveracruz.com\/index.php\/wp-json\/wp\/v2\/posts"}],"about":[{"href":"https:\/\/noticiasveracruz.com\/index.php\/wp-json\/wp\/v2\/types\/post"}],"author":[{"embeddable":true,"href":"https:\/\/noticiasveracruz.com\/index.php\/wp-json\/wp\/v2\/users\/4"}],"replies":[{"embeddable":true,"href":"https:\/\/noticiasveracruz.com\/index.php\/wp-json\/wp\/v2\/comments?post=18044"}],"version-history":[{"count":0,"href":"https:\/\/noticiasveracruz.com\/index.php\/wp-json\/wp\/v2\/posts\/18044\/revisions"}],"wp:featuredmedia":[{"embeddable":true,"href":"https:\/\/noticiasveracruz.com\/index.php\/wp-json\/wp\/v2\/media\/18045"}],"wp:attachment":[{"href":"https:\/\/noticiasveracruz.com\/index.php\/wp-json\/wp\/v2\/media?parent=18044"}],"wp:term":[{"taxonomy":"category","embeddable":true,"href":"https:\/\/noticiasveracruz.com\/index.php\/wp-json\/wp\/v2\/categories?post=18044"},{"taxonomy":"post_tag","embeddable":true,"href":"https:\/\/noticiasveracruz.com\/index.php\/wp-json\/wp\/v2\/tags?post=18044"}],"curies":[{"name":"wp","href":"https:\/\/api.w.org\/{rel}","templated":true}]}}