{"id":18032,"date":"2023-08-10T03:07:54","date_gmt":"2023-08-10T08:07:54","guid":{"rendered":"https:\/\/noticiasveracruz.com\/?p=18032"},"modified":"2023-08-11T08:25:12","modified_gmt":"2023-08-11T13:25:12","slug":"patologia-homicida-de-derecha","status":"publish","type":"post","link":"https:\/\/noticiasveracruz.com\/index.php\/2023\/08\/10\/patologia-homicida-de-derecha\/","title":{"rendered":"Patolog\u00eda homicida de derecha"},"content":{"rendered":"<p>&nbsp;<\/p>\n<p class=\"p1\"><span style=\"font-size: 18pt;\"><strong>Por Jos\u00e9 Garc\u00eda S\u00e1nchez<\/strong><\/span><\/p>\n<p class=\"p1\"><span style=\"font-size: 14pt;\">Desde el amanecer del sexenio el PAN exige la renuncia de cualquier funcionario p\u00fablico de la Cuarta Transformaci\u00f3n. El estilo de la castraci\u00f3n panista se hace presente en su modo de hacer pol\u00edtica. Pedir la cabeza de un funcionario p\u00fablico es un acto de asesinato pol\u00edtico, por lo menos. Mientras otras fuerzas pol\u00edticas construyen, los conservadores destruyen.<\/span><\/p>\n<p class=\"p1\"><span style=\"font-size: 18pt;\"><strong>El discurso panista es de represi\u00f3n, violencia y agresividades. Desde la obsesiva exigencia por la renuncia hasta la quema de libros son actitudes que se asemejan al asesinato; la mutilaci\u00f3n de obras, su paralizaci\u00f3n, conjuntamente con la intenci\u00f3n de coartar la libertad de expresi\u00f3n del presidente habla de una manera de asesinar la voz, las ideas, la raz\u00f3n, el conocimiento, la historia, las personas, la vida misma.<\/strong><\/span><\/p>\n<p class=\"p1\"><span style=\"font-size: 18pt; color: #e42d33;\"><strong>Su consigna de defender la vida es s\u00f3lo la herramienta que identifica a la derecha internacionalmente, pero, en realidad se trata de una muy a\u00f1eja corriente pol\u00edtica que en la pr\u00e1ctica agrede y trata de exterminar la especie.<\/strong><\/span><\/p>\n<p class=\"p1\"><span style=\"font-size: 14pt;\">Los panistas desde el inicio del sexenio sabotearon las obras, es decir, quer\u00edan que el gobierno abortara proyectos, que se quedaran las obras tan inconclusas como ellos abortaron una refiner\u00eda que ni siquiera lleg\u00f3 a ser feto, se hizo s\u00f3lo una barda.<\/span><\/p>\n<p class=\"p1\"><span style=\"font-size: 18pt;\"><strong>La estrategia de ampararse para detener obras es parte del amor a lo est\u00e1tico, a lo inm\u00f3vil, a lo muerto, que requiere de un profundo psicoan\u00e1lisis, que dar\u00eda como resultado una personalidad necrof\u00edlica definitiva, el hecho de hacer de los muertos de la pandemia una consigna partidista que dur\u00f3 meses, habla de la patolog\u00eda panista que no esconde su instinto homicida.<\/strong><\/span><\/p>\n<p class=\"p1\"><span style=\"font-size: 18pt; color: #e42d33;\"><strong>La derecha es depredadora, su vocaci\u00f3n por la destrucci\u00f3n llena de verg\u00fcenza la historia universal. La quema de libros es una obsesi\u00f3n que muestra c\u00f3mo para los conservadores la fuerza es m\u00e1s importante que la raz\u00f3n, desde la biblioteca de Alejandr\u00eda, cuya decadencia inici\u00f3 con la persecuci\u00f3n pol\u00edtica de los bibliotecarios e intelectuales hasta dar fuerza a la violencia sobre el conocimiento.<\/strong><\/span><\/p>\n<p class=\"p1\"><span style=\"font-size: 14pt;\">La quema de libros tiene siglos realiz\u00e1ndose y es el deporte favorito de una derecha a la que no le interesa el saber sino el pragmatismo de obtener cantidad y no calidad en la vida.<\/span><\/p>\n<p class=\"p1\"><span style=\"font-size: 14pt;\">En argentina, una de las mayores quemas de libros fue ordenada por el general Luciano Benjam\u00edn Men\u00e9ndez, culpable de cr\u00edmenes de lesa humanidad, en C\u00f3rdoba, diciendo que lo hac\u00eda \u201cpara que no quede nada de estos libros, folletos, revistas y no se siga enga\u00f1ando a nuestros hijos. De la misma manera que destruimos por el fuego la documentaci\u00f3n perniciosa que afecta el intelecto y nuestra manera de ser cristiana, ser\u00e1n destruidos los enemigos del alma argentina\u201d, se\u00f1al\u00f3 el golpista se\u00f1alado como torturador, secuestrados, homicida, quien desapreci\u00f3 cientos de j\u00f3venes durante la dictadura militar. Fue condenado a 13 cadenas perpetuas pero fue perdonado por Carlos Sa\u00fal Menem.<\/span><\/p>\n<p class=\"p1\"><span style=\"font-size: 18pt;\"><strong>Cualquier semejanza con los panistas no es coincidencia sino comuni\u00f3n de patolog\u00eda mental e ideol\u00f3gica. Esa es la \u00fanica historia que reconocen en el PAN, y los represores los gu\u00edas espirituales de la derecha mexicana.<\/strong><\/span><\/p>\n<p class=\"p1\"><span style=\"font-size: 14pt;\">El sabotaje de la derecha en M\u00e9xico hacia el gobierno de la Cuarta Transformaci\u00f3n ten\u00eda una perversi\u00f3n propia de golpistas, como es el caso de detener obras con amparos y luego se\u00f1alar que dicha obra hab\u00eda resultado m\u00e1s cara de lo previsto. Es decir, el tiempo que la obra estuvo suspendida fue el motivo de su encarecimiento, y la derecha se lo atribuye, tramposamente a desv\u00edos de recursos, acusando de corrupci\u00f3n a los funcionarios implicados en su construcci\u00f3n.<\/span><\/p>\n<p class=\"p1\"><span style=\"font-size: 18pt;\"><strong>El golpismo como \u00fanica manera de hacer pol\u00edtica en el PAN le redund\u00f3 en el abandono total de la militancia, la agresividad conjuntada en los berrinches de senadoras y diputadas que llegaban al paroxismo mostraron, en esa tragedia griega, la inspiraci\u00f3n misma del complejo de castraci\u00f3n que identifica a los panistas en M\u00e9xico. Todo un drama, con muchos da\u00f1os colaterales que finalmente se le revirtieron.<\/strong><\/span><\/p>\n<div><\/div>\n<div>\n<hr \/>\n<p>&nbsp;<\/p>\n<p><span style=\"font-size: 18pt;\"><strong>Twitter:\u00a0<a href=\"https:\/\/twitter.com\/Josangasa3\">@Josangasa3<\/a><\/strong><\/span><\/p>\n<p>&nbsp;<\/p>\n<p><img loading=\"lazy\" decoding=\"async\" class=\"aligncenter wp-image-11449 size-large\" src=\"http:\/\/noticiasveracruz.com\/wp-content\/uploads\/2023\/01\/FIRMA-EDITORIAL-NV-1024x125.png\" alt=\"\" width=\"800\" height=\"98\" srcset=\"https:\/\/noticiasveracruz.com\/wp-content\/uploads\/2023\/01\/FIRMA-EDITORIAL-NV-1024x125.png 1024w, https:\/\/noticiasveracruz.com\/wp-content\/uploads\/2023\/01\/FIRMA-EDITORIAL-NV-300x37.png 300w, https:\/\/noticiasveracruz.com\/wp-content\/uploads\/2023\/01\/FIRMA-EDITORIAL-NV-768x94.png 768w, https:\/\/noticiasveracruz.com\/wp-content\/uploads\/2023\/01\/FIRMA-EDITORIAL-NV-1536x188.png 1536w, https:\/\/noticiasveracruz.com\/wp-content\/uploads\/2023\/01\/FIRMA-EDITORIAL-NV-2048x250.png 2048w\" sizes=\"auto, (max-width: 800px) 100vw, 800px\" \/><\/p>\n<\/div>\n<p>&nbsp;<\/p>\n<p>&nbsp;<\/p>\n<p>&nbsp;<\/p>\n","protected":false},"excerpt":{"rendered":"<p>&nbsp; Por Jos\u00e9 Garc\u00eda S\u00e1nchez Desde el amanecer del sexenio el PAN exige la renuncia de cualquier funcionario p\u00fablico de<\/p>\n","protected":false},"author":4,"featured_media":3183,"comment_status":"closed","ping_status":"closed","sticky":false,"template":"","format":"standard","meta":{"colormag_page_container_layout":"default_layout","colormag_page_sidebar_layout":"default_layout","_jetpack_memberships_contains_paid_content":false,"footnotes":"","jetpack_publicize_message":"","jetpack_publicize_feature_enabled":true,"jetpack_social_post_already_shared":true,"jetpack_social_options":{"image_generator_settings":{"template":"highway","default_image_id":0,"font":"","enabled":false},"version":2}},"categories":[6],"tags":[2889,74,2418],"class_list":["post-18032","post","type-post","status-publish","format-standard","has-post-thumbnail","hentry","category-columnistas","tag-derecha-mexicana","tag-pan","tag-panista"],"jetpack_publicize_connections":[],"jetpack_featured_media_url":"https:\/\/noticiasveracruz.com\/wp-content\/uploads\/2022\/04\/NV-JOSE\u0301-GARCI\u0301A.png","jetpack_sharing_enabled":true,"publishpress_future_action":{"enabled":false,"date":"2026-05-06 18:33:56","action":"change-status","newStatus":"draft","terms":[],"taxonomy":"category","extraData":[]},"publishpress_future_workflow_manual_trigger":{"enabledWorkflows":[]},"_links":{"self":[{"href":"https:\/\/noticiasveracruz.com\/index.php\/wp-json\/wp\/v2\/posts\/18032","targetHints":{"allow":["GET"]}}],"collection":[{"href":"https:\/\/noticiasveracruz.com\/index.php\/wp-json\/wp\/v2\/posts"}],"about":[{"href":"https:\/\/noticiasveracruz.com\/index.php\/wp-json\/wp\/v2\/types\/post"}],"author":[{"embeddable":true,"href":"https:\/\/noticiasveracruz.com\/index.php\/wp-json\/wp\/v2\/users\/4"}],"replies":[{"embeddable":true,"href":"https:\/\/noticiasveracruz.com\/index.php\/wp-json\/wp\/v2\/comments?post=18032"}],"version-history":[{"count":0,"href":"https:\/\/noticiasveracruz.com\/index.php\/wp-json\/wp\/v2\/posts\/18032\/revisions"}],"wp:featuredmedia":[{"embeddable":true,"href":"https:\/\/noticiasveracruz.com\/index.php\/wp-json\/wp\/v2\/media\/3183"}],"wp:attachment":[{"href":"https:\/\/noticiasveracruz.com\/index.php\/wp-json\/wp\/v2\/media?parent=18032"}],"wp:term":[{"taxonomy":"category","embeddable":true,"href":"https:\/\/noticiasveracruz.com\/index.php\/wp-json\/wp\/v2\/categories?post=18032"},{"taxonomy":"post_tag","embeddable":true,"href":"https:\/\/noticiasveracruz.com\/index.php\/wp-json\/wp\/v2\/tags?post=18032"}],"curies":[{"name":"wp","href":"https:\/\/api.w.org\/{rel}","templated":true}]}}