{"id":17951,"date":"2023-08-07T01:19:12","date_gmt":"2023-08-07T06:19:12","guid":{"rendered":"https:\/\/noticiasveracruz.com\/?p=17951"},"modified":"2023-08-07T01:19:12","modified_gmt":"2023-08-07T06:19:12","slug":"nahle-yunes-y-del-rio","status":"publish","type":"post","link":"https:\/\/noticiasveracruz.com\/index.php\/2023\/08\/07\/nahle-yunes-y-del-rio\/","title":{"rendered":"Nahle, Yunes y Del R\u00edo"},"content":{"rendered":"<p class=\"p1\">\n<p>&nbsp;<\/p>\n<p class=\"p1\"><span style=\"font-size: 18pt;\"><b>Por Pepe Valencia<\/b><\/span><\/p>\n<p class=\"p1\"><span style=\"font-size: 14pt;\">El mi\u00e9rcoles 25 de noviembre de 2015 publiqu\u00e9 en esta columna que H\u00e9ctor Yunes Landa ser\u00eda el candidato del PRI a la gubernatura de Veracruz. Semanas despu\u00e9s la primicia se confirm\u00f3. Fue candidato y no gan\u00f3.<\/span><\/p>\n<p class=\"p1\"><span style=\"font-size: 14pt;\">El 31 de mayo de 2016 escrib\u00ed que Miguel \u00c1ngel Yunes Linares ganar\u00eda la gubernatura. Y acert\u00e9.<\/span><\/p>\n<p class=\"p1\"><span style=\"font-size: 14pt;\">Estoy en condiciones hoy de informar a mis lectores que, de acuerdo a encuestas y datos de fuentes fidedignas, un Yunes ser\u00e1 el candidato del Frente Amplio<span class=\"Apple-converted-space\">\u00a0 <\/span>conformado por el PAN, el PRI y el PRD.<\/span><\/p>\n<p class=\"p1\"><span style=\"font-size: 14pt;\">Y s\u00f3lo hay cuatro: los hermanos panistas Miguel \u00c1ngel y Fernando y los priistas H\u00e9ctor y Pepe. Tres de ellos ya han sido candidatos a gobernador.<\/span><\/p>\n<p class=\"p1\"><span style=\"font-size: 14pt;\">Uno ser\u00e1 el nominado. <\/span><\/p>\n<p class=\"p1\"><span style=\"font-size: 14pt;\">En cuanto a Morena, solo un cataclismo pol\u00edtico<span class=\"Apple-converted-space\">\u00a0 <\/span>arrebatar\u00eda la candidatura a Roc\u00edo Nahle Garc\u00eda. Y en el caso de Movimiento Ciudadano el escogido ser\u00e1 Jos\u00e9 Manuel del R\u00edo Virgen si Dante Delgado no decide ser candidato por tercera ocasi\u00f3n.<\/span><\/p>\n<p class=\"p1\"><span style=\"font-size: 14pt;\">M\u00e1s adelante les dir\u00e9 qui\u00e9n de los anteriores puede ser el pr\u00f3ximo gobernador de Veracruz. Y recuerden, amables lectores, si lo bueno es breve, es mejor.<\/span><\/p>\n<p>&nbsp;<\/p>\n<hr \/>\n<p>&nbsp;<\/p>\n<p><img loading=\"lazy\" decoding=\"async\" class=\"aligncenter wp-image-11449\" src=\"http:\/\/noticiasveracruz.com\/wp-content\/uploads\/2023\/01\/FIRMA-EDITORIAL-NV-1024x125.png\" alt=\"\" width=\"1000\" height=\"122\" srcset=\"https:\/\/noticiasveracruz.com\/wp-content\/uploads\/2023\/01\/FIRMA-EDITORIAL-NV-1024x125.png 1024w, https:\/\/noticiasveracruz.com\/wp-content\/uploads\/2023\/01\/FIRMA-EDITORIAL-NV-300x37.png 300w, https:\/\/noticiasveracruz.com\/wp-content\/uploads\/2023\/01\/FIRMA-EDITORIAL-NV-768x94.png 768w, https:\/\/noticiasveracruz.com\/wp-content\/uploads\/2023\/01\/FIRMA-EDITORIAL-NV-1536x188.png 1536w, https:\/\/noticiasveracruz.com\/wp-content\/uploads\/2023\/01\/FIRMA-EDITORIAL-NV-2048x250.png 2048w\" sizes=\"auto, (max-width: 1000px) 100vw, 1000px\" \/><\/p>\n<p>&nbsp;<\/p>\n<p>&nbsp;<\/p>\n<p>&nbsp;<\/p>\n<p>&nbsp;<\/p>\n","protected":false},"excerpt":{"rendered":"<p>&nbsp; Por Pepe Valencia El mi\u00e9rcoles 25 de noviembre de 2015 publiqu\u00e9 en esta columna que H\u00e9ctor Yunes Landa ser\u00eda<\/p>\n","protected":false},"author":4,"featured_media":3786,"comment_status":"closed","ping_status":"closed","sticky":false,"template":"","format":"standard","meta":{"colormag_page_container_layout":"default_layout","colormag_page_sidebar_layout":"default_layout","_jetpack_memberships_contains_paid_content":false,"footnotes":"","jetpack_publicize_message":"","jetpack_publicize_feature_enabled":true,"jetpack_social_post_already_shared":true,"jetpack_social_options":{"image_generator_settings":{"template":"highway","default_image_id":0,"font":"","enabled":false},"version":2}},"categories":[6],"tags":[],"class_list":["post-17951","post","type-post","status-publish","format-standard","has-post-thumbnail","hentry","category-columnistas"],"jetpack_publicize_connections":[],"jetpack_featured_media_url":"https:\/\/noticiasveracruz.com\/wp-content\/uploads\/2022\/05\/PEPE-VALENCIA.png","jetpack_sharing_enabled":true,"publishpress_future_action":{"enabled":false,"date":"2026-05-09 01:58:29","action":"change-status","newStatus":"draft","terms":[],"taxonomy":"category","extraData":[]},"publishpress_future_workflow_manual_trigger":{"enabledWorkflows":[]},"_links":{"self":[{"href":"https:\/\/noticiasveracruz.com\/index.php\/wp-json\/wp\/v2\/posts\/17951","targetHints":{"allow":["GET"]}}],"collection":[{"href":"https:\/\/noticiasveracruz.com\/index.php\/wp-json\/wp\/v2\/posts"}],"about":[{"href":"https:\/\/noticiasveracruz.com\/index.php\/wp-json\/wp\/v2\/types\/post"}],"author":[{"embeddable":true,"href":"https:\/\/noticiasveracruz.com\/index.php\/wp-json\/wp\/v2\/users\/4"}],"replies":[{"embeddable":true,"href":"https:\/\/noticiasveracruz.com\/index.php\/wp-json\/wp\/v2\/comments?post=17951"}],"version-history":[{"count":0,"href":"https:\/\/noticiasveracruz.com\/index.php\/wp-json\/wp\/v2\/posts\/17951\/revisions"}],"wp:featuredmedia":[{"embeddable":true,"href":"https:\/\/noticiasveracruz.com\/index.php\/wp-json\/wp\/v2\/media\/3786"}],"wp:attachment":[{"href":"https:\/\/noticiasveracruz.com\/index.php\/wp-json\/wp\/v2\/media?parent=17951"}],"wp:term":[{"taxonomy":"category","embeddable":true,"href":"https:\/\/noticiasveracruz.com\/index.php\/wp-json\/wp\/v2\/categories?post=17951"},{"taxonomy":"post_tag","embeddable":true,"href":"https:\/\/noticiasveracruz.com\/index.php\/wp-json\/wp\/v2\/tags?post=17951"}],"curies":[{"name":"wp","href":"https:\/\/api.w.org\/{rel}","templated":true}]}}