{"id":17793,"date":"2023-07-29T12:00:21","date_gmt":"2023-07-29T17:00:21","guid":{"rendered":"https:\/\/noticiasveracruz.com\/?p=17793"},"modified":"2023-07-29T12:00:21","modified_gmt":"2023-07-29T17:00:21","slug":"anuncian-salida-de-creel-de-la-mesa-directiva-de-la-camara-de-diputados","status":"publish","type":"post","link":"https:\/\/noticiasveracruz.com\/index.php\/2023\/07\/29\/anuncian-salida-de-creel-de-la-mesa-directiva-de-la-camara-de-diputados\/","title":{"rendered":"Anuncian salida de Creel de la Mesa Directiva de la C\u00e1mara de Diputados"},"content":{"rendered":"<p class=\"p1\">\n<p class=\"p1\"><span style=\"font-size: 14pt;\"><em><strong>CIUDAD DE M\u00c9XICO.<\/strong> <\/em><strong>El pr\u00f3ximo mi\u00e9rcoles se espera que el panista Santiago Creel Miranda formalice su separaci\u00f3n del cargo de presidente de la Mesa Directiva de la C\u00e1mara de Diputados<\/strong>, seg\u00fan inform\u00f3 Ignacio Mier Velazco, l\u00edder de la Junta de Coordinaci\u00f3n Pol\u00edtica (Jucopo).<\/span><\/p>\n<p class=\"p1\"><span style=\"font-size: 18pt;\"><strong>El legislador morenista explic\u00f3 que la decisi\u00f3n de que Creel Miranda deje la presidencia de la C\u00e1mara baja se fundamenta en que dicho cargo est\u00e1 encargado de manejar recursos p\u00fablicos. Por lo tanto, ser\u00e1 reemplazado por una diputada panista, en l\u00ednea con los acuerdos parlamentarios establecidos.<\/strong><\/span><\/p>\n<p>&nbsp;<\/p>\n<p><img loading=\"lazy\" decoding=\"async\" class=\"aligncenter wp-image-22679 size-large\" src=\"https:\/\/politicosaldesnudo.com.mx\/wp-content\/uploads\/2023\/07\/P-MIER-VELAZCO-1024x573.png\" alt=\"\" width=\"800\" height=\"448\" \/><\/p>\n<p>&nbsp;<\/p>\n<blockquote>\n<p class=\"p1\"><span style=\"font-size: 14pt;\">Dejar\u00e1 la presidencia de la Mesa Directiva, pero seguir\u00e1 siendo diputado federal por el PAN. Esos son los acuerdos, por eso le dec\u00eda yo, en plan de broma, que se estaba haciendo como el &#8216;T\u00edo Lolo\u2019\u00bb, dijo el morenista Mier Velazco.<\/span><\/p>\n<\/blockquote>\n<p>&nbsp;<\/p>\n<p class=\"p1\"><span style=\"font-size: 14pt;\">Aunque el equipo de comunicaci\u00f3n social de Creel Miranda contin\u00faa utilizando las plataformas de difusi\u00f3n de San L\u00e1zaro para dar a conocer sus actividades, el diputado se reunir\u00e1 con Ignacio Mier Velazco para acordar los temas que considera <\/span><span style=\"font-size: 14pt;\">\u201cprioritarios\u201d<span class=\"Apple-converted-space\"> \u00a0<\/span><\/span><span style=\"font-size: 14pt;\">antes de formalizar su separaci\u00f3n del cargo.<\/span><\/p>\n<p class=\"p1\"><span style=\"font-size: 18pt;\"><strong>Santiago Creel Miranda, exsecretario de Gobernaci\u00f3n durante el gobierno de Fox, seguir\u00e1 siendo diputado federal por el PAN, pero dejar\u00e1 la presidencia de la Mesa Directiva, dando cumplimiento a los acuerdos pol\u00edticos establecidos en la C\u00e1mara de Diputados.<\/strong><\/span><\/p>\n<p>&nbsp;<\/p>\n<p>&nbsp;<\/p>\n","protected":false},"excerpt":{"rendered":"<p>CIUDAD DE M\u00c9XICO. El pr\u00f3ximo mi\u00e9rcoles se espera que el panista Santiago Creel Miranda formalice su separaci\u00f3n del cargo de<\/p>\n","protected":false},"author":4,"featured_media":17795,"comment_status":"closed","ping_status":"closed","sticky":false,"template":"","format":"standard","meta":{"colormag_page_container_layout":"default_layout","colormag_page_sidebar_layout":"default_layout","_jetpack_memberships_contains_paid_content":false,"footnotes":"","jetpack_publicize_message":"","jetpack_publicize_feature_enabled":true,"jetpack_social_post_already_shared":true,"jetpack_social_options":{"image_generator_settings":{"template":"highway","default_image_id":0,"font":"","enabled":false},"version":2}},"categories":[4],"tags":[1317,2867,1455],"class_list":["post-17793","post","type-post","status-publish","format-standard","has-post-thumbnail","hentry","category-nacional","tag-diputados","tag-ignacio-mier","tag-santiago-creel"],"jetpack_publicize_connections":[],"jetpack_featured_media_url":"https:\/\/noticiasveracruz.com\/wp-content\/uploads\/2023\/07\/P-SANTIAGO-CREEL-1.png","jetpack_sharing_enabled":true,"publishpress_future_action":{"enabled":false,"date":"2026-05-07 21:45:16","action":"change-status","newStatus":"draft","terms":[],"taxonomy":"category","extraData":[]},"publishpress_future_workflow_manual_trigger":{"enabledWorkflows":[]},"_links":{"self":[{"href":"https:\/\/noticiasveracruz.com\/index.php\/wp-json\/wp\/v2\/posts\/17793","targetHints":{"allow":["GET"]}}],"collection":[{"href":"https:\/\/noticiasveracruz.com\/index.php\/wp-json\/wp\/v2\/posts"}],"about":[{"href":"https:\/\/noticiasveracruz.com\/index.php\/wp-json\/wp\/v2\/types\/post"}],"author":[{"embeddable":true,"href":"https:\/\/noticiasveracruz.com\/index.php\/wp-json\/wp\/v2\/users\/4"}],"replies":[{"embeddable":true,"href":"https:\/\/noticiasveracruz.com\/index.php\/wp-json\/wp\/v2\/comments?post=17793"}],"version-history":[{"count":0,"href":"https:\/\/noticiasveracruz.com\/index.php\/wp-json\/wp\/v2\/posts\/17793\/revisions"}],"wp:featuredmedia":[{"embeddable":true,"href":"https:\/\/noticiasveracruz.com\/index.php\/wp-json\/wp\/v2\/media\/17795"}],"wp:attachment":[{"href":"https:\/\/noticiasveracruz.com\/index.php\/wp-json\/wp\/v2\/media?parent=17793"}],"wp:term":[{"taxonomy":"category","embeddable":true,"href":"https:\/\/noticiasveracruz.com\/index.php\/wp-json\/wp\/v2\/categories?post=17793"},{"taxonomy":"post_tag","embeddable":true,"href":"https:\/\/noticiasveracruz.com\/index.php\/wp-json\/wp\/v2\/tags?post=17793"}],"curies":[{"name":"wp","href":"https:\/\/api.w.org\/{rel}","templated":true}]}}