{"id":17786,"date":"2023-07-29T11:49:09","date_gmt":"2023-07-29T16:49:09","guid":{"rendered":"https:\/\/noticiasveracruz.com\/?p=17786"},"modified":"2023-07-29T11:49:09","modified_gmt":"2023-07-29T16:49:09","slug":"encuentro-conexstur-en-tuxpan-crea-lazos-y-estrategias-turisticas-para-veracruz","status":"publish","type":"post","link":"https:\/\/noticiasveracruz.com\/index.php\/2023\/07\/29\/encuentro-conexstur-en-tuxpan-crea-lazos-y-estrategias-turisticas-para-veracruz\/","title":{"rendered":"Encuentro Conexstur en Tuxpan, crea lazos y estrategias tur\u00edsticas para Veracruz"},"content":{"rendered":"<p class=\"p2\">\n<p>&nbsp;<\/p>\n<p class=\"p2\"><span style=\"font-size: 14pt;\"><em><strong>TUXPAN, VERACRUZ.<\/strong> <\/em>Se llev\u00f3 a cabo en <strong>Tuxpan el encuentro del Tour Operadores de las regiones Huasteca y Totonaca con el Consejo Nacional de Exportadores de Servicios Tur\u00edsticos A.C. (Conexstur)<\/strong> para crear lazos y estrategias que permitan fortalecer la <strong>industria tur\u00edstica de Veracruz.<\/strong> <\/span><\/p>\n<p class=\"p2\"><span style=\"font-size: 14pt;\">El encuentro estuvo presidido por el secretario de Turismo y Cultura del Estado de Veracruz, Iv\u00e1n Mart\u00ednez Olvera; el alcalde Jos\u00e9 Manuel Pozos Castro; el presidente del Consejo Nacional de Exportadores de Servicios Tur\u00edsticos A.C, V\u00edctor Manuel Enr\u00edquez; el representante de la Regi\u00f3n Tur\u00edstica Totonaca, Guillermo Salinas Zedillo, as\u00ed como el representante de la Regi\u00f3n Tur\u00edstica Huasteca, \u00c1ngel Dorantes Mart\u00ednez.<\/span><\/p>\n<p>&nbsp;<\/p>\n<p><img loading=\"lazy\" decoding=\"async\" class=\"aligncenter wp-image-22672 size-large\" src=\"https:\/\/politicosaldesnudo.com.mx\/wp-content\/uploads\/2023\/07\/P-CONEXSTUR-TUXPAN-1-1024x573.png\" alt=\"\" width=\"800\" height=\"448\" \/><\/p>\n<p>&nbsp;<\/p>\n<blockquote>\n<p class=\"p2\"><span style=\"font-size: 14pt;\">Este encuentro con el Consejo Nacional de Exportadores de Servicios Tur\u00edsticos A.C (Conexstur), es una gran oportunidad para lograr acuerdos hacia una mayor proyecci\u00f3n con el mercado internacional\u201d, se\u00f1al\u00f3 el alcalde Jos\u00e9 Manuel Pozos<\/span><\/p>\n<\/blockquote>\n<p>&nbsp;<\/p>\n<p class=\"p2\"><span style=\"font-size: 18pt;\"><strong>Jos\u00e9 Manuel Pozos destac\u00f3 que la Regi\u00f3n Totonaca y Huasteca son tierras de culturas ancestrales, con arte y cultura que son patrimonio inmaterial reconocido por la Unesco y reconoci\u00f3 a los prestadores de servicios y a los tours operadores de ambas regiones.<\/strong><\/span><\/p>\n<p>&nbsp;<\/p>\n<p><img loading=\"lazy\" decoding=\"async\" class=\"aligncenter wp-image-22673 size-large\" src=\"https:\/\/politicosaldesnudo.com.mx\/wp-content\/uploads\/2023\/07\/P-CONEXSTUR-TUXPAN-2-1024x573.png\" alt=\"\" width=\"800\" height=\"448\" \/><\/p>\n<p>&nbsp;<\/p>\n<blockquote>\n<p class=\"p2\"><span style=\"font-size: 14pt;\">Por esta nueva visi\u00f3n de trabajar unidos y coordinados que permite compartir con M\u00e9xico, con Veracruz y con el mundo la grandeza de nuestra tierra\u201d<\/span><\/p>\n<\/blockquote>\n<p>&nbsp;<\/p>\n<p class=\"p2\"><span style=\"font-size: 18pt;\"><strong>Pozos Castro mencion\u00f3 que gracias a los avances que se han logrado con el respaldo de los tres niveles de Gobierno, ahora se puede presumir a Tuxpan con orgullo, ya que se est\u00e1 dando un impulso a la industria tur\u00edstica, mejorando la seguridad, fortaleciendo la infraestructura de servicios y modernizando el alumbrado p\u00fablico.<\/strong><\/span><\/p>\n<p class=\"p2\"><span style=\"font-size: 14pt;\">El alcalde Jos\u00e9 Manuel Pozos agradecimiento al gobernador Cuitl\u00e1huac Garc\u00eda Jim\u00e9nez por el respaldo que ha brindado al municipio. <\/span><\/p>\n<p>&nbsp;<\/p>\n<p><img loading=\"lazy\" decoding=\"async\" class=\"aligncenter wp-image-22676 size-large\" src=\"https:\/\/politicosaldesnudo.com.mx\/wp-content\/uploads\/2023\/07\/P-CONEXSTUR-TUXPAN-5-1024x573.png\" alt=\"\" width=\"800\" height=\"448\" \/><\/p>\n<p>&nbsp;<\/p>\n<p class=\"p2\"><span style=\"font-size: 18pt;\"><strong>Jos\u00e9 Manuel Pozos reconoci\u00f3 el trabajo de los prestadores de servicios locales porque gracias a su compromiso y al de toda la sociedad, las playas de Tuxpan fueron reconocidas como las m\u00e1s limpias y con mejor calidad del agua de todo el pa\u00eds. <\/strong><\/span><\/p>\n<p>&nbsp;<\/p>\n<blockquote>\n<p class=\"p2\"><span style=\"font-size: 14pt;\">Vamos a seguir trabajando con todos ustedes, llevando a cabo acciones que nos permitan seguir proyectando y difundiendo no solo nuestras playas, sino tambi\u00e9n nuestra cultura y tradiciones\u201d<\/span><\/p>\n<\/blockquote>\n<p>&nbsp;<\/p>\n<p><img loading=\"lazy\" decoding=\"async\" class=\"aligncenter wp-image-22675 size-large\" src=\"https:\/\/politicosaldesnudo.com.mx\/wp-content\/uploads\/2023\/07\/P-CONEXSTUR-TUXPAN-4-1024x573.png\" alt=\"\" width=\"800\" height=\"448\" \/><\/p>\n<p>&nbsp;<\/p>\n<p class=\"p2\"><span style=\"font-size: 18pt; color: #e42d33;\"><strong>PROMOCI\u00d3N EN EL EXTRANJERO<\/strong><\/span><\/p>\n<p class=\"p2\"><span style=\"font-size: 14pt;\">El presidente de Conexstur, V\u00edctor Manuel Enr\u00edquez, explic\u00f3 que Consejo promociona, difunde y arma el producto para venderlo en el extranjero.<\/span><\/p>\n<p class=\"p2\"><span style=\"font-size: 18pt;\"><strong>Se\u00f1al\u00f3 que el objetivo de visitar Veracruz es generar sinergias con operadores hoteleros, restauranteros y el sector tur\u00edstico, ya que Veracruz posee una riqueza natural hist\u00f3rica. <\/strong><\/span><\/p>\n<p class=\"p2\"><span style=\"font-size: 14pt;\">Por su parte, Iv\u00e1n Mart\u00ednez Olvera, titular de la Sectur en Veracruz, agradeci\u00f3 al alcalde Jos\u00e9 Manuel Pozos Castro por su anfitrion\u00eda, y al presidente de Conexstur; as\u00ed como a los representantes de las regiones Huasteca y Totonaca. <\/span><\/p>\n<p class=\"p2\"><span style=\"font-size: 14pt;\">Tambi\u00e9n dio las gracias a los tours operadores y prestadores de servicios tur\u00edsticos locales de Veracruz por su presencia. <\/span><\/p>\n<p class=\"p2\"><span style=\"font-size: 18pt;\"><strong>Iv\u00e1n Mart\u00ednez Olvera destac\u00f3 que en Veracruz hay un sinf\u00edn de experiencias e invit\u00f3 a los socios de Conexstur a visitar las 7 regiones; los 8 Pueblos M\u00e1gicos, y todas las culturas existentes en el estado de Veracruz.<\/strong><\/span><\/p>\n<p>&nbsp;<\/p>\n<p>&nbsp;<\/p>\n<p>&nbsp;<\/p>\n","protected":false},"excerpt":{"rendered":"<p>&nbsp; TUXPAN, VERACRUZ. Se llev\u00f3 a cabo en Tuxpan el encuentro del Tour Operadores de las regiones Huasteca y Totonaca<\/p>\n","protected":false},"author":4,"featured_media":17789,"comment_status":"closed","ping_status":"closed","sticky":false,"template":"","format":"standard","meta":{"colormag_page_container_layout":"default_layout","colormag_page_sidebar_layout":"default_layout","_jetpack_memberships_contains_paid_content":false,"footnotes":"","jetpack_publicize_message":"","jetpack_publicize_feature_enabled":true,"jetpack_social_post_already_shared":true,"jetpack_social_options":{"image_generator_settings":{"template":"highway","default_image_id":0,"font":"","enabled":false},"version":2}},"categories":[356],"tags":[2866,701,205,72,73],"class_list":["post-17786","post","type-post","status-publish","format-standard","has-post-thumbnail","hentry","category-veracruz","tag-conexstur","tag-jose-manuel-pozos","tag-turismo","tag-tuxpan","tag-veracruz"],"jetpack_publicize_connections":[],"jetpack_featured_media_url":"https:\/\/noticiasveracruz.com\/wp-content\/uploads\/2023\/07\/P-CONEXSTUR-TUXPAN-3.png","jetpack_sharing_enabled":true,"publishpress_future_action":{"enabled":false,"date":"2026-05-07 22:32:08","action":"change-status","newStatus":"draft","terms":[],"taxonomy":"category","extraData":[]},"publishpress_future_workflow_manual_trigger":{"enabledWorkflows":[]},"_links":{"self":[{"href":"https:\/\/noticiasveracruz.com\/index.php\/wp-json\/wp\/v2\/posts\/17786","targetHints":{"allow":["GET"]}}],"collection":[{"href":"https:\/\/noticiasveracruz.com\/index.php\/wp-json\/wp\/v2\/posts"}],"about":[{"href":"https:\/\/noticiasveracruz.com\/index.php\/wp-json\/wp\/v2\/types\/post"}],"author":[{"embeddable":true,"href":"https:\/\/noticiasveracruz.com\/index.php\/wp-json\/wp\/v2\/users\/4"}],"replies":[{"embeddable":true,"href":"https:\/\/noticiasveracruz.com\/index.php\/wp-json\/wp\/v2\/comments?post=17786"}],"version-history":[{"count":0,"href":"https:\/\/noticiasveracruz.com\/index.php\/wp-json\/wp\/v2\/posts\/17786\/revisions"}],"wp:featuredmedia":[{"embeddable":true,"href":"https:\/\/noticiasveracruz.com\/index.php\/wp-json\/wp\/v2\/media\/17789"}],"wp:attachment":[{"href":"https:\/\/noticiasveracruz.com\/index.php\/wp-json\/wp\/v2\/media?parent=17786"}],"wp:term":[{"taxonomy":"category","embeddable":true,"href":"https:\/\/noticiasveracruz.com\/index.php\/wp-json\/wp\/v2\/categories?post=17786"},{"taxonomy":"post_tag","embeddable":true,"href":"https:\/\/noticiasveracruz.com\/index.php\/wp-json\/wp\/v2\/tags?post=17786"}],"curies":[{"name":"wp","href":"https:\/\/api.w.org\/{rel}","templated":true}]}}