{"id":17768,"date":"2023-07-28T05:30:18","date_gmt":"2023-07-28T10:30:18","guid":{"rendered":"https:\/\/noticiasveracruz.com\/?p=17768"},"modified":"2023-07-28T08:10:24","modified_gmt":"2023-07-28T13:10:24","slug":"perdida-de-equilibrios-en-el-frente-amplio","status":"publish","type":"post","link":"https:\/\/noticiasveracruz.com\/index.php\/2023\/07\/28\/perdida-de-equilibrios-en-el-frente-amplio\/","title":{"rendered":"P\u00e9rdida de equilibrios en el Frente Amplio"},"content":{"rendered":"<p class=\"p2\">\n<p>&nbsp;<\/p>\n<p class=\"p2\"><span style=\"font-size: 18pt;\"><strong>Por Jos\u00e9 Ure\u00f1a<\/strong><\/span><\/p>\n<p class=\"p2\"><span style=\"font-size: 14pt;\">La armon\u00eda est\u00e1 en riesgo. Las tendencias no corren por la ruta previsible y eso empieza a despertar celos entre los partidos del <i>Frente Amplio por M\u00e9xico<\/i> (FAM).<\/span><\/p>\n<p class=\"p2\"><span style=\"font-size: 14pt;\">\u00bfCu\u00e1l es el problema?<\/span><\/p>\n<p class=\"p2\"><span style=\"font-size: 14pt;\">La idea original de las dirigencias era proyectar precandidatos con representaciones de los tres partidos conformantes, PAN, PRI y PRD.<\/span><\/p>\n<p class=\"p2\"><span style=\"font-size: 14pt;\">Uno por cada uno o m\u00e1ximo dos.<\/span><\/p>\n<p class=\"p2\"><span style=\"font-size: 14pt;\">El cuarto ser\u00eda impulsado por la llamada sociedad civil, en el cual participar\u00edan organizaciones sociales: <i>Observatorio Ciudadano<\/i>, <i>Frente C\u00edvico Nacional <\/i>y otras interesadas en un gran proyecto democr\u00e1tico.<\/span><\/p>\n<p class=\"p2\"><span style=\"font-size: 14pt;\">Pero la llegada de X\u00f3chitl G\u00e1lvez cambi\u00f3 todo.<\/span><\/p>\n<p class=\"p2\"><span style=\"font-size: 14pt;\">Ella ha sustituido a quien pretend\u00eda representar a la poblaci\u00f3n en general porque ninguno de sus prospectos creci\u00f3 y hasta el exdirigente patronal Gustavo de Hoyos desapareci\u00f3.<\/span><\/p>\n<p class=\"p2\"><span style=\"font-size: 14pt;\">Y aunque impulsada por el gobierno panista de Vicente Fox y llevada al Senado de la Rep\u00fablica a impulso de Acci\u00f3n Nacional, la senadora no es identificada con ninguno de los partidos y enhorabuena.<\/span><\/p>\n<p>&nbsp;<\/p>\n<p class=\"p2\"><span style=\"font-size: 18pt; color: #e42d33;\"><strong>UN MILL\u00d3N DE FIRMAS<\/strong><\/span><\/p>\n<p class=\"p2\"><span style=\"font-size: 14pt;\">Hoy s\u00f3lo hay militantes en la contienda interna.<\/span><\/p>\n<p class=\"p2\"><span style=\"font-size: 14pt;\">Santiago Creel es uno de los perdedores en este reacomodo y cuyas repercusiones llegan a Palacio Nacional, donde se le critica tanto por su nombre, X\u00f3chitl G\u00e1lvez, como su despectivo alias Se\u00f1ora X.<\/span><\/p>\n<p class=\"p2\"><span style=\"font-size: 14pt;\">A estas alturas nadie duda de su crecimiento y de su inminente victoria por la gran repercusi\u00f3n medi\u00e1tica y el \u00e9xito de sus convocatorias a actos p\u00fablicos, as\u00ed como la colecta de firmas.<\/span><\/p>\n<p class=\"p2\"><span style=\"font-size: 14pt;\">Ahora el reto es dar otro impacto.<\/span><\/p>\n<p class=\"p2\"><span style=\"font-size: 14pt;\">El dirigente panista Marko Cort\u00e9s plante\u00f3 originalmente un mill\u00f3n de firmas para dar paso a aspirantes del PAN, lo cual le gener\u00f3 muchas cr\u00edticas y \u00e9l debi\u00f3 recular.<\/span><\/p>\n<p class=\"p2\"><span style=\"font-size: 14pt;\">Pero la tendencia de adhesiones de X\u00f3chitl G\u00e1lvez, tanto por su din\u00e1mica como por el tiempo restante, la coloca en perspectiva de superar esa cifra y dar un gran golpe propagand\u00edstico.<\/span><\/p>\n<p class=\"p2\"><span style=\"font-size: 14pt;\">Eso debiera acabar las resistencias al interior de ese partido y mayores respaldos de los dirigentes Alejandro Moreno (PRI) y Jes\u00fas Zambrano (PRD) para una legitimidad no esperada.<\/span><\/p>\n<p class=\"p2\"><span style=\"font-size: 14pt;\">Empero, hay algunos elementos oscuros.<\/span><\/p>\n<p class=\"p2\"><span style=\"font-size: 14pt;\">Ya anotamos aqu\u00ed la influencia de Palacio Nacional para movilizar huestes a favor de Santiago Creel a fin de enturbiar la victoria de la hidalguense.<\/span><\/p>\n<p class=\"p2\"><span style=\"font-size: 14pt;\">En el priismo se hacen esfuerzos por reposicionar a Beatriz Paredes sobre Enrique de la Madrid, mientras en el perredismo no despuntan ni Miguel Mancera ni Silvano Aureoles.<\/span><\/p>\n<p class=\"p2\"><span style=\"font-size: 14pt;\">Es decir, como debe haber tres prospectos para la siguiente etapa de debates y votaci\u00f3n, los impulsos perfilan a X\u00f3chitl G\u00e1lvez, Santiago Creel y Beatriz Paredes como representantes del Frente.<\/span><\/p>\n<p>&nbsp;<\/p>\n<p class=\"p2\"><span style=\"font-size: 18pt; color: #e42d33;\"><strong>AUTONOM\u00cdA EN RIESGO<\/strong><\/span><\/p>\n<p class=\"p2\"><span style=\"font-size: 14pt;\">No todo est\u00e1 escrito para la UNAM. Por su autonom\u00eda, el relevo del rector Enrique Graue debiera ser asunto exclusivo de los universitarios, pero se le ha metido mucho ruido desde el Gobierno.<\/span><\/p>\n<p class=\"p2\"><span style=\"font-size: 14pt;\">El discurso de Palacio Nacional habla de pleno respeto a esa independencia, pero a la vez llama a acabar con la supuesta hegemon\u00eda del doctor Jos\u00e9 Narro Robles para terminar su derechizaci\u00f3n.<\/span><\/p>\n<p class=\"p2\"><span style=\"font-size: 14pt;\">Simult\u00e1neamente se destaca la participaci\u00f3n del estudiantado en aras de una supuesta democratizaci\u00f3n, lo cual puede llevar a una agitaci\u00f3n para el relevo sucesorio de octubre.<\/span><\/p>\n<p class=\"p2\"><span style=\"font-size: 14pt;\">Ning\u00fan sector del pa\u00eds est\u00e1 para incendiarlo.<\/span><\/p>\n<p>&nbsp;<\/p>\n<hr \/>\n<p>&nbsp;<\/p>\n<p><img loading=\"lazy\" decoding=\"async\" class=\"aligncenter wp-image-11449 size-large\" src=\"http:\/\/noticiasveracruz.com\/wp-content\/uploads\/2023\/01\/FIRMA-EDITORIAL-NV-1024x125.png\" alt=\"\" width=\"800\" height=\"98\" srcset=\"https:\/\/noticiasveracruz.com\/wp-content\/uploads\/2023\/01\/FIRMA-EDITORIAL-NV-1024x125.png 1024w, https:\/\/noticiasveracruz.com\/wp-content\/uploads\/2023\/01\/FIRMA-EDITORIAL-NV-300x37.png 300w, https:\/\/noticiasveracruz.com\/wp-content\/uploads\/2023\/01\/FIRMA-EDITORIAL-NV-768x94.png 768w, https:\/\/noticiasveracruz.com\/wp-content\/uploads\/2023\/01\/FIRMA-EDITORIAL-NV-1536x188.png 1536w, https:\/\/noticiasveracruz.com\/wp-content\/uploads\/2023\/01\/FIRMA-EDITORIAL-NV-2048x250.png 2048w\" sizes=\"auto, (max-width: 800px) 100vw, 800px\" \/><\/p>\n<p>&nbsp;<\/p>\n<p>&nbsp;<\/p>\n<p>&nbsp;<\/p>\n<p>&nbsp;<\/p>\n","protected":false},"excerpt":{"rendered":"<p>&nbsp; Por Jos\u00e9 Ure\u00f1a La armon\u00eda est\u00e1 en riesgo. Las tendencias no corren por la ruta previsible y eso empieza<\/p>\n","protected":false},"author":4,"featured_media":3258,"comment_status":"closed","ping_status":"closed","sticky":false,"template":"","format":"standard","meta":{"colormag_page_container_layout":"default_layout","colormag_page_sidebar_layout":"default_layout","_jetpack_memberships_contains_paid_content":false,"footnotes":"","jetpack_publicize_message":"","jetpack_publicize_feature_enabled":true,"jetpack_social_post_already_shared":true,"jetpack_social_options":{"image_generator_settings":{"template":"highway","default_image_id":0,"font":"","enabled":false},"version":2}},"categories":[6],"tags":[],"class_list":["post-17768","post","type-post","status-publish","format-standard","has-post-thumbnail","hentry","category-columnistas"],"jetpack_publicize_connections":[],"jetpack_featured_media_url":"https:\/\/noticiasveracruz.com\/wp-content\/uploads\/2022\/04\/JOSE\u0301-UREN\u0303A.png","jetpack_sharing_enabled":true,"publishpress_future_action":{"enabled":false,"date":"2026-05-10 08:56:14","action":"change-status","newStatus":"draft","terms":[],"taxonomy":"category","extraData":[]},"publishpress_future_workflow_manual_trigger":{"enabledWorkflows":[]},"_links":{"self":[{"href":"https:\/\/noticiasveracruz.com\/index.php\/wp-json\/wp\/v2\/posts\/17768","targetHints":{"allow":["GET"]}}],"collection":[{"href":"https:\/\/noticiasveracruz.com\/index.php\/wp-json\/wp\/v2\/posts"}],"about":[{"href":"https:\/\/noticiasveracruz.com\/index.php\/wp-json\/wp\/v2\/types\/post"}],"author":[{"embeddable":true,"href":"https:\/\/noticiasveracruz.com\/index.php\/wp-json\/wp\/v2\/users\/4"}],"replies":[{"embeddable":true,"href":"https:\/\/noticiasveracruz.com\/index.php\/wp-json\/wp\/v2\/comments?post=17768"}],"version-history":[{"count":0,"href":"https:\/\/noticiasveracruz.com\/index.php\/wp-json\/wp\/v2\/posts\/17768\/revisions"}],"wp:featuredmedia":[{"embeddable":true,"href":"https:\/\/noticiasveracruz.com\/index.php\/wp-json\/wp\/v2\/media\/3258"}],"wp:attachment":[{"href":"https:\/\/noticiasveracruz.com\/index.php\/wp-json\/wp\/v2\/media?parent=17768"}],"wp:term":[{"taxonomy":"category","embeddable":true,"href":"https:\/\/noticiasveracruz.com\/index.php\/wp-json\/wp\/v2\/categories?post=17768"},{"taxonomy":"post_tag","embeddable":true,"href":"https:\/\/noticiasveracruz.com\/index.php\/wp-json\/wp\/v2\/tags?post=17768"}],"curies":[{"name":"wp","href":"https:\/\/api.w.org\/{rel}","templated":true}]}}