{"id":17736,"date":"2023-07-26T18:12:59","date_gmt":"2023-07-26T23:12:59","guid":{"rendered":"https:\/\/noticiasveracruz.com\/?p=17736"},"modified":"2023-07-26T18:12:59","modified_gmt":"2023-07-26T23:12:59","slug":"reconoce-embajador-de-eu-barrera-de-boyas-en-texas-son-una-ofensa-para-mexico","status":"publish","type":"post","link":"https:\/\/noticiasveracruz.com\/index.php\/2023\/07\/26\/reconoce-embajador-de-eu-barrera-de-boyas-en-texas-son-una-ofensa-para-mexico\/","title":{"rendered":"Reconoce Embajador de EU: barrera de boyas en Texas son una ofensa para M\u00e9xico"},"content":{"rendered":"<p>&nbsp;<\/p>\n<p class=\"p1\"><span style=\"font-size: 14pt;\"><em><strong>CHIHUAHUA, CHIH.<\/strong> <\/em><strong>El embajador de Estados Unidos, Ken Salazar<\/strong>, reconoci\u00f3 que las <strong>boyas que el gobierno de Texas instal\u00f3 en el R\u00edo Bravo<\/strong> son una <strong>ofensa para M\u00e9xico.<\/strong><\/span><\/p>\n<p class=\"p1\"><span style=\"font-size: 14pt;\">Durante una rueda de prensa en Ciudad Ju\u00e1rez, el diplom\u00e1tico estadounidense respondi\u00f3 a una pregunta sobre la demanda del gobierno federal de Joe Biden en contra de la barrera de boyas que coloc\u00f3 la administraci\u00f3n del gobernador texano Greg Abbott en el R\u00edo Bravo para evitar que los migrantes crucen desde M\u00e9xico.<\/span><\/p>\n<p>&nbsp;<\/p>\n<blockquote>\n<p class=\"p1\"><span style=\"font-size: 14pt;\">Lo vamos a ver, estamos del lado de la ley, tengo optimismo de que vamos a ganar el caso\u201d, coment\u00f3 Ken Salazar<\/span><\/p>\n<\/blockquote>\n<p>&nbsp;<\/p>\n<p><img loading=\"lazy\" decoding=\"async\" class=\"aligncenter wp-image-22611 size-large\" src=\"https:\/\/politicosaldesnudo.com.mx\/wp-content\/uploads\/2023\/07\/P-KEN-SALAZAR-2-1024x573.png\" alt=\"\" width=\"800\" height=\"448\" \/><\/p>\n<p>&nbsp;<\/p>\n<p class=\"p1\"><span style=\"font-size: 18pt;\"><strong>Recordemos que el Departamento de Justicia de Estados Unidos solicit\u00f3 a un juez federal en Austin que obligue al estado a retirar la fila de enormes boyas anaranjadas que se extiende unos 305 metros, la cual el gobierno federal asegura que plantea preocupaciones ambientales y humanitarias.<\/strong><\/span><\/p>\n<p>&nbsp;<\/p>\n<blockquote>\n<p class=\"p1\"><span style=\"font-size: 14pt;\">Lo que se tiene que hacer es solucionar este fen\u00f3meno migratorio que nunca se hab\u00eda visto, es dif\u00edcil, en toda la frontera de M\u00e9xico no s\u00f3lo en Ciudad Ju\u00e1rez, para eso se requiere el esfuerzo que estamos dando en el gobierno del presidente Biden\u201d<\/span><\/p>\n<\/blockquote>\n<p>&nbsp;<\/p>\n<p><img loading=\"lazy\" decoding=\"async\" class=\"aligncenter wp-image-22612 size-large\" src=\"https:\/\/politicosaldesnudo.com.mx\/wp-content\/uploads\/2023\/07\/P-KEN-SALAZAR-3-1024x573.png\" alt=\"\" width=\"800\" height=\"448\" \/><\/p>\n<p>&nbsp;<\/p>\n<p class=\"p1\"><span style=\"font-size: 18pt;\"><strong>La instalaci\u00f3n de las boyas entre las ciudades fronterizas de Eagle Pass y Piedras Negras forma parte de la controvertida operaci\u00f3n \u201cLone Star\u201d.<\/strong><\/span><\/p>\n<p>&nbsp;<\/p>\n<blockquote>\n<p class=\"p1\"><span style=\"font-size: 14pt;\">El pueblo mexicano tienen raz\u00f3n de estar ofendido porque est\u00e1 mal, es una ofensa la colocaci\u00f3n de boyas\u201d<\/span><\/p>\n<\/blockquote>\n<p>&nbsp;<\/p>\n<p class=\"p1\"><span style=\"font-size: 14pt;\">El embajador de Estados Unidos estuvo acompa\u00f1ado en rueda de prensa por la gobernadora de Chihuahua, Mar\u00eda Eugenia Campos Galv\u00e1n, y el subsecretario estadounidense de Administraci\u00f3n y Recursos, Richard R. Verma.<\/span><\/p>\n<p>&nbsp;<\/p>\n<p>&nbsp;<\/p>\n","protected":false},"excerpt":{"rendered":"<p>&nbsp; CHIHUAHUA, CHIH. El embajador de Estados Unidos, Ken Salazar, reconoci\u00f3 que las boyas que el gobierno de Texas instal\u00f3<\/p>\n","protected":false},"author":4,"featured_media":17737,"comment_status":"closed","ping_status":"closed","sticky":false,"template":"","format":"standard","meta":{"colormag_page_container_layout":"default_layout","colormag_page_sidebar_layout":"default_layout","_jetpack_memberships_contains_paid_content":false,"footnotes":"","jetpack_publicize_message":"","jetpack_publicize_feature_enabled":true,"jetpack_social_post_already_shared":true,"jetpack_social_options":{"image_generator_settings":{"template":"highway","default_image_id":0,"font":"","enabled":false},"version":2}},"categories":[4],"tags":[2859,240,482,497],"class_list":["post-17736","post","type-post","status-publish","format-standard","has-post-thumbnail","hentry","category-nacional","tag-boyas","tag-ken-salazar","tag-migrantes","tag-texas"],"jetpack_publicize_connections":[],"jetpack_featured_media_url":"https:\/\/noticiasveracruz.com\/wp-content\/uploads\/2023\/07\/P-KEN-SALAZAR-1.png","jetpack_sharing_enabled":true,"publishpress_future_action":{"enabled":false,"date":"2026-05-02 02:37:41","action":"change-status","newStatus":"draft","terms":[],"taxonomy":"category","extraData":[]},"publishpress_future_workflow_manual_trigger":{"enabledWorkflows":[]},"_links":{"self":[{"href":"https:\/\/noticiasveracruz.com\/index.php\/wp-json\/wp\/v2\/posts\/17736","targetHints":{"allow":["GET"]}}],"collection":[{"href":"https:\/\/noticiasveracruz.com\/index.php\/wp-json\/wp\/v2\/posts"}],"about":[{"href":"https:\/\/noticiasveracruz.com\/index.php\/wp-json\/wp\/v2\/types\/post"}],"author":[{"embeddable":true,"href":"https:\/\/noticiasveracruz.com\/index.php\/wp-json\/wp\/v2\/users\/4"}],"replies":[{"embeddable":true,"href":"https:\/\/noticiasveracruz.com\/index.php\/wp-json\/wp\/v2\/comments?post=17736"}],"version-history":[{"count":0,"href":"https:\/\/noticiasveracruz.com\/index.php\/wp-json\/wp\/v2\/posts\/17736\/revisions"}],"wp:featuredmedia":[{"embeddable":true,"href":"https:\/\/noticiasveracruz.com\/index.php\/wp-json\/wp\/v2\/media\/17737"}],"wp:attachment":[{"href":"https:\/\/noticiasveracruz.com\/index.php\/wp-json\/wp\/v2\/media?parent=17736"}],"wp:term":[{"taxonomy":"category","embeddable":true,"href":"https:\/\/noticiasveracruz.com\/index.php\/wp-json\/wp\/v2\/categories?post=17736"},{"taxonomy":"post_tag","embeddable":true,"href":"https:\/\/noticiasveracruz.com\/index.php\/wp-json\/wp\/v2\/tags?post=17736"}],"curies":[{"name":"wp","href":"https:\/\/api.w.org\/{rel}","templated":true}]}}