{"id":17656,"date":"2023-07-24T04:06:24","date_gmt":"2023-07-24T09:06:24","guid":{"rendered":"https:\/\/noticiasveracruz.com\/?p=17656"},"modified":"2023-07-24T04:06:33","modified_gmt":"2023-07-24T09:06:33","slug":"poder-oligarquico-responde-al-interes-imperial","status":"publish","type":"post","link":"https:\/\/noticiasveracruz.com\/index.php\/2023\/07\/24\/poder-oligarquico-responde-al-interes-imperial\/","title":{"rendered":"Poder olig\u00e1rquico responde al inter\u00e9s imperial\u00a0"},"content":{"rendered":"<p>&nbsp;<\/p>\n<p class=\"p1\"><span style=\"font-size: 18pt;\"><b>Por Francisco Blanco Calder\u00f3n<\/b><\/span><\/p>\n<p>&nbsp;<\/p>\n<p class=\"p1\"><span style=\"font-size: 18pt;\">Primera Parte<\/span><\/p>\n<p class=\"p1\"><span style=\"font-size: 14pt;\">Con el neoliberalismo se registr\u00f3 un ascenso vertiginoso de las actividades del narcotr\u00e1fico y el crimen organizado. La desregulaci\u00f3n y la apertura externa facilitaron sus actividades tanto nacionales como internacionales. No es que el narco no existiera antes, pero no ten\u00eda los alcances de ahora. Bajo el neoliberalismo, el narcotr\u00e1fico creci\u00f3 y se transform\u00f3 en un negocio trasnacional. M\u00e9xico se convirti\u00f3 en uno de los centros mundiales del narcotr\u00e1fico. De productores de mariguana e intermediarios de los carteles colombianos, los narcos mexicanos desplazaron a estos como los principales productores e introductores de droga al mercado estadounidense y europeo, a la par que ampliaron su radio de acci\u00f3n a otras actividades criminales como el huachicoleo, el secuestro, la trata de blancas, la pederastia, el comercio de \u00f3rganos humanos, el tr\u00e1fico de armas y migrantes.<\/span><\/p>\n<p class=\"p1\"><span style=\"font-size: 18pt; color: #e42d33;\"><strong>La presidenta de la Suprema Corte de Justicia de la Naci\u00f3n, Norma Pi\u00f1a, afirm\u00f3<span class=\"Apple-converted-space\">\u00a0 <\/span>en Nueva York que la independencia judicial no es un privilegio, una ventaja excesiva o una concesi\u00f3n superior para los juzgadores, sino una garant\u00eda para los ciudadanos: \u201cEn mi pa\u00eds, pero no s\u00f3lo en mi pa\u00eds, sino lamentablemente en gran parte del mundo, surgen voces y movimientos que intentan poner en entredicho la legitimidad de la funci\u00f3n judicial. Pretenden mermar, a veces de forma sutil, otras de forma directa, la independencia de los poderes judiciales. Intentan diluir la divisi\u00f3n de poderes\u201d. \u2014<i>El Financiero<\/i>\u2014.<\/strong><\/span><\/p>\n<p class=\"p1\"><span style=\"font-size: 14pt;\">Una muestra evidente de la existencia en lawfare -guerra judicial- que se ha implantado en M\u00e9xico en contra este nuevo r\u00e9gimen que intenta buscar la transformaci\u00f3n contra la corrupci\u00f3n y el saqueo de los poderes judicial, legislativo, empresarial y medi\u00e1tico. <\/span><\/p>\n<p class=\"p1\"><span style=\"font-size: 18pt;\"><strong>\u201cEl lawfare es una guerra pol\u00edtica por la v\u00eda judicial-medi\u00e1tica, con intereses econ\u00f3micos, pol\u00edticos y geopol\u00edticos ocultos a la opini\u00f3n p\u00fablica. Incorpora jueces, corporaciones de la comunicaci\u00f3n, periodistas y l\u00edderes de opini\u00f3n, polic\u00edas, embajadas y agentes de inteligencia (local y extranjeros)\u201d\u2014Celag\u2014. <\/strong><\/span><\/p>\n<p class=\"p1\"><span style=\"font-size: 14pt;\">A lo que se acoge la SCJN, el Tribunal, jueces y magistrados Norma Pi\u00f1a, al igual que Lorenzo C\u00f3rdoba, Beatriz Pag\u00e9s Llergo, German Mart\u00ednez, Emilio \u00c1lvarez Icaza, Marko Cort\u00e9s, Alejandro Moreno han ido a \u201clloriquear\u201d, en distintas ocasiones a Nueva York y a Washington DC, para quejarse de la 4T y de AMLO. A pedir intervenci\u00f3n militar en M\u00e9xico, a someterse a los designios de la DEA contra el narcotr\u00e1fico, a no frenar al ma\u00edz transg\u00e9nico, avanzar en la privatizaci\u00f3n del agua,<span class=\"Apple-converted-space\">\u00a0 <\/span>suplicas propias de conservadores sometidos a los intereses imperiales como sucedi\u00f3 en la colonia, la Independencia, la Reforma y la Revoluci\u00f3n. <\/span><\/p>\n<p class=\"p1\"><span style=\"font-size: 18pt; color: #e42d33;\"><strong>No van solos, otra estrategia paralela empresarial y religiosa, la de los due\u00f1os y herederos de las grandes corporaciones mineras, comerciales e industriales, as\u00ed como de la alta jerarqu\u00eda cat\u00f3lica encabezada por Norberto Rivera, qui\u00e9n no dejaba de asistir a comilonas en Madrid o Paris con Slim, Del Valle, Azc\u00e1rraga Jean junto a los due\u00f1os del grupo M\u00e9xico, Pe\u00f1oles, Bimbo y Kimbely Clark:<span class=\"Apple-converted-space\">\u00a0 <\/span>Larrea, Baill\u00e9res, Servije y X Gonz\u00e1lez padre, entre otros. El ex arzobispo de Guadalajara, Juan Sandoval I\u00f1iguez y el obispo de Ecatepec On\u00e9simo Cepeda, due\u00f1os de grandes mansiones, con campos de golf, autom\u00f3viles de lujo y dispendio fenomenal de limosnas del poder f\u00e1ctico, y lo m\u00e1s frecuente sus peroratas, cr\u00edticas abusivas y mustias-angelicales mentadas de madre contra la 4T y AMLO en sermones dominicales y entrevistas medi\u00e1ticas.<\/strong><\/span><\/p>\n<p class=\"p1\"><span style=\"font-size: 18pt;\"><strong>A ellos se suman legisladores, jueces y magistrados, exfuncionarios neoliberales, comunicadores y conductores de radio, televisi\u00f3n y presa como robots, influencers en controladas redes sociales, junto a ellos los intelectuales org\u00e1nicos y acad\u00e9micos, cient\u00edficos y clase-medieros aspiracionistas. <\/strong><\/span><\/p>\n<p class=\"p1\"><span style=\"font-size: 14pt;\">En la oligarqu\u00eda, el poder se concentra en un grupo de personas, habitualmente de una misma clase social, sector, grupo econ\u00f3mico o pol\u00edtico. En base a los intereses de estos, un sistema en el que se practica la oligarqu\u00eda basa sus pol\u00edticas en satisfacer los intereses de dicha clase pol\u00edtica y econ\u00f3mica expulsada desde el 2018. <\/span><\/p>\n<p>&nbsp;<\/p>\n<p class=\"p1\"><span style=\"font-size: 18pt; color: #e42d33;\"><b>LA NUEVA ESTRATEGIA <\/b><\/span><\/p>\n<p class=\"p1\"><span style=\"font-size: 18pt;\"><strong>El centro de la nueva estrategia consisti\u00f3 en grandes capitales incorporados a la globalizaci\u00f3n financiera desplegada desde el centro hegem\u00f3nico. El Consenso de Washington no consisti\u00f3 meramente en un dec\u00e1logo de pol\u00edtica econ\u00f3mica impulsado con la anuencia del FMI y el Banco Mundial, ni reflejaba \u00fanicamente una convergencia de ideas neoliberales, sino que expresaba, ante todo, un compromiso pol\u00edtico, un entramado de intereses, entre el capital monopolista-financiero globalizado del centro hegem\u00f3nico estadounidense y las elites internas y los gobiernos de Am\u00e9rica Latina. <\/strong><\/span><\/p>\n<p class=\"p1\"><span style=\"font-size: 14pt;\">La fracci\u00f3n olig\u00e1rquica de la burgues\u00eda mexicana est\u00e1 constituida en la actualidad por alrededor de cien familias, que representan el n\u00facleo del poder econ\u00f3mico, las cuales tienen una estrecha articulaci\u00f3n con el capital monopolista-financiero de los centros. Se trata de los due\u00f1os de los grandes grupos monopolistas nativos con intereses entrelazados en la miner\u00eda, los agronegocios, la industria, el comercio, las finanzas y los servicios; por los propietarios de los medios masivos de comunicaci\u00f3n en la televisi\u00f3n, la radio y los grandes diarios nacionales y regionales; por los altos jerarcas de las Iglesias y por los grandes capos del narcotr\u00e1fico y sin duda, crecientemente, tambi\u00e9n, por miembros de la c\u00fapula pol\u00edtica, principalmente por los altos funcionarios vinculados a la esfera financiera. Sigue siendo v\u00e1lida la frase de Carlos Monsiv\u00e1is de que los pol\u00edticos de cada sexenio se convierten en la iniciativa privada del sexenio siguiente. La concentraci\u00f3n del ingreso y de la riqueza es un problema ancestral de M\u00e9xico. Sin embargo, durante la etapa neoliberal este proceso se acentu\u00f3 como nunca, principalmente en el seno de la oligarqu\u00eda financiera. <\/span><\/p>\n<p class=\"p1\"><span style=\"font-size: 14pt;\">La continuidad neoliberal de tres d\u00e9cadas fue interrumpida por el arrollador triunfo de Andr\u00e9s Manuel L\u00f3pez Obrador y del partido Morena. El nuevo gobierno ha ofrecido abandonar el modelo neoliberal y efectuar la separaci\u00f3n del poder pol\u00edtico del poder econ\u00f3mico. Sin embargo, romper la camisa de fuerza de la globalizaci\u00f3n neoliberal y trascender el neoliberalismo, no ser\u00e1 un reto que se resuelva en el corto plazo, ni depende solo de la voluntad del presidente. Reclamar\u00e1 entre otras cosas, de la transformaci\u00f3n de Morena en un verdadero partido pol\u00edtico de izquierda, ajeno al oportunismo y el arribismo, as\u00ed como cercano y activo en las luchas populares y en la satisfacci\u00f3n de sus demandas. Solo as\u00ed ser\u00e1 posible aspirar a la construcci\u00f3n de una nueva hegemon\u00eda pol\u00edtica, nacional y popular, autonomizada del poder econ\u00f3mico concentrado, y capaz de conducir una agenda pos neoliberal. <\/span><\/p>\n<div><\/div>\n<div><\/div>\n<div>\n<hr \/>\n<p>&nbsp;<\/p>\n<p><img loading=\"lazy\" decoding=\"async\" class=\"aligncenter wp-image-11449 size-large\" src=\"http:\/\/noticiasveracruz.com\/wp-content\/uploads\/2023\/01\/FIRMA-EDITORIAL-NV-1024x125.png\" alt=\"\" width=\"800\" height=\"98\" srcset=\"https:\/\/noticiasveracruz.com\/wp-content\/uploads\/2023\/01\/FIRMA-EDITORIAL-NV-1024x125.png 1024w, https:\/\/noticiasveracruz.com\/wp-content\/uploads\/2023\/01\/FIRMA-EDITORIAL-NV-300x37.png 300w, https:\/\/noticiasveracruz.com\/wp-content\/uploads\/2023\/01\/FIRMA-EDITORIAL-NV-768x94.png 768w, https:\/\/noticiasveracruz.com\/wp-content\/uploads\/2023\/01\/FIRMA-EDITORIAL-NV-1536x188.png 1536w, https:\/\/noticiasveracruz.com\/wp-content\/uploads\/2023\/01\/FIRMA-EDITORIAL-NV-2048x250.png 2048w\" sizes=\"auto, (max-width: 800px) 100vw, 800px\" \/><\/p>\n<\/div>\n<p>&nbsp;<\/p>\n<p>&nbsp;<\/p>\n<p>&nbsp;<\/p>\n","protected":false},"excerpt":{"rendered":"<p>&nbsp; Por Francisco Blanco Calder\u00f3n &nbsp; Primera Parte Con el neoliberalismo se registr\u00f3 un ascenso vertiginoso de las actividades del<\/p>\n","protected":false},"author":4,"featured_media":3566,"comment_status":"closed","ping_status":"closed","sticky":false,"template":"","format":"standard","meta":{"colormag_page_container_layout":"default_layout","colormag_page_sidebar_layout":"default_layout","_jetpack_memberships_contains_paid_content":false,"footnotes":"","jetpack_publicize_message":"","jetpack_publicize_feature_enabled":true,"jetpack_social_post_already_shared":true,"jetpack_social_options":{"image_generator_settings":{"template":"highway","default_image_id":0,"font":"","enabled":false},"version":2}},"categories":[6],"tags":[],"class_list":["post-17656","post","type-post","status-publish","format-standard","has-post-thumbnail","hentry","category-columnistas"],"jetpack_publicize_connections":[],"jetpack_featured_media_url":"https:\/\/noticiasveracruz.com\/wp-content\/uploads\/2022\/04\/NV-FRANCISCO-BLANCO.png","jetpack_sharing_enabled":true,"publishpress_future_action":{"enabled":false,"date":"2026-05-02 04:00:26","action":"change-status","newStatus":"draft","terms":[],"taxonomy":"category","extraData":[]},"publishpress_future_workflow_manual_trigger":{"enabledWorkflows":[]},"_links":{"self":[{"href":"https:\/\/noticiasveracruz.com\/index.php\/wp-json\/wp\/v2\/posts\/17656","targetHints":{"allow":["GET"]}}],"collection":[{"href":"https:\/\/noticiasveracruz.com\/index.php\/wp-json\/wp\/v2\/posts"}],"about":[{"href":"https:\/\/noticiasveracruz.com\/index.php\/wp-json\/wp\/v2\/types\/post"}],"author":[{"embeddable":true,"href":"https:\/\/noticiasveracruz.com\/index.php\/wp-json\/wp\/v2\/users\/4"}],"replies":[{"embeddable":true,"href":"https:\/\/noticiasveracruz.com\/index.php\/wp-json\/wp\/v2\/comments?post=17656"}],"version-history":[{"count":0,"href":"https:\/\/noticiasveracruz.com\/index.php\/wp-json\/wp\/v2\/posts\/17656\/revisions"}],"wp:featuredmedia":[{"embeddable":true,"href":"https:\/\/noticiasveracruz.com\/index.php\/wp-json\/wp\/v2\/media\/3566"}],"wp:attachment":[{"href":"https:\/\/noticiasveracruz.com\/index.php\/wp-json\/wp\/v2\/media?parent=17656"}],"wp:term":[{"taxonomy":"category","embeddable":true,"href":"https:\/\/noticiasveracruz.com\/index.php\/wp-json\/wp\/v2\/categories?post=17656"},{"taxonomy":"post_tag","embeddable":true,"href":"https:\/\/noticiasveracruz.com\/index.php\/wp-json\/wp\/v2\/tags?post=17656"}],"curies":[{"name":"wp","href":"https:\/\/api.w.org\/{rel}","templated":true}]}}