{"id":17648,"date":"2023-07-24T03:14:42","date_gmt":"2023-07-24T08:14:42","guid":{"rendered":"https:\/\/noticiasveracruz.com\/?p=17648"},"modified":"2023-07-24T03:14:42","modified_gmt":"2023-07-24T08:14:42","slug":"por-quien-votas-2","status":"publish","type":"post","link":"https:\/\/noticiasveracruz.com\/index.php\/2023\/07\/24\/por-quien-votas-2\/","title":{"rendered":"\u00bfPor qui\u00e9n votas?"},"content":{"rendered":"<p class=\"p1\">\n<p>&nbsp;<\/p>\n<p class=\"p1\"><span style=\"font-size: 18pt;\"><b>Por Pepe Valencia<\/b><\/span><\/p>\n<p class=\"p1\"><span style=\"font-size: 14pt;\">La lista de los m\u00e1s mencionados para la gubernatura de Veracruz se reduce a 12. Hay m\u00e1s so\u00f1adores sin<span class=\"Apple-converted-space\">\u00a0 <\/span>las m\u00ednimas probabilidades.<\/span><\/p>\n<p class=\"p1\"><span style=\"font-size: 14pt;\">\u00bfPor cu\u00e1l de ellos votar\u00edas si hoy fuesen las elecciones? Si ninguno de estos te convence, agrega a quien gustes. <\/span><\/p>\n<p class=\"p1\"><span style=\"font-size: 14pt;\">Empecemos: Roc\u00edo Nahle Garc\u00eda, Sergio Guti\u00e9rrez Luna, Ricardo Ahued, Manuel Huerta, H\u00e9ctor Yunes, Jos\u00e9 Yunes, Miguel \u00c1ngel Yunes M\u00e1rquez, Julen Rementer\u00eda, Dante Delgado, Jos\u00e9 Manuel del R\u00edo Virgen, Juan Bueno Torio,<span class=\"Apple-converted-space\">\u00a0 <\/span>Marcos Salas Contreras y paren de contar. Los dem\u00e1s no dejan de ser suspirantes o ilusos.<\/span><\/p>\n<p class=\"p1\"><span style=\"font-size: 14pt;\">Dante ir\u00eda por su tercer intento. Los tres Yunes tambi\u00e9n han sido candidatos en sendas ocasiones.<\/span><\/p>\n<p class=\"p1\"><span style=\"font-size: 14pt;\">S\u00f3lo una mujer va en esta lista al autodescartarse<span class=\"Apple-converted-space\">\u00a0 <\/span>la presidenta municipal de Veracruz, Paty Lobeira.<\/span><\/p>\n<p class=\"p1\"><span style=\"font-size: 14pt;\">En cambio, para la presidencia de la rep\u00fablica dos damas encabezan las encuestas: Claudia Sheinbaum y X\u00f3chitl G\u00e1lvez.<\/span><\/p>\n<p class=\"p1\"><span style=\"font-size: 14pt;\">Es la hora de la sociedad civil.<span class=\"Apple-converted-space\">\u00a0 <\/span>Participen, opinen y voten, amables lectores.<\/span><\/p>\n<p class=\"p1\"><span style=\"font-size: 14pt;\"> O propongan candidatas o candidatos a la gubernatura. \u00a1Qui\u00e9n quite y aparezca por ah\u00ed una versi\u00f3n jarocha de X\u00f3chitl G\u00e1lvez!<\/span><\/p>\n<p class=\"p1\"><span style=\"font-size: 14pt;\">(Lo bueno, si breve, dos veces bueno: Baltasar Graci\u00e1n).<\/span><\/p>\n<p>&nbsp;<\/p>\n<hr \/>\n<p>&nbsp;<\/p>\n<p><img loading=\"lazy\" decoding=\"async\" class=\"aligncenter wp-image-11449 size-large\" src=\"http:\/\/noticiasveracruz.com\/wp-content\/uploads\/2023\/01\/FIRMA-EDITORIAL-NV-1024x125.png\" alt=\"\" width=\"800\" height=\"98\" srcset=\"https:\/\/noticiasveracruz.com\/wp-content\/uploads\/2023\/01\/FIRMA-EDITORIAL-NV-1024x125.png 1024w, https:\/\/noticiasveracruz.com\/wp-content\/uploads\/2023\/01\/FIRMA-EDITORIAL-NV-300x37.png 300w, https:\/\/noticiasveracruz.com\/wp-content\/uploads\/2023\/01\/FIRMA-EDITORIAL-NV-768x94.png 768w, https:\/\/noticiasveracruz.com\/wp-content\/uploads\/2023\/01\/FIRMA-EDITORIAL-NV-1536x188.png 1536w, https:\/\/noticiasveracruz.com\/wp-content\/uploads\/2023\/01\/FIRMA-EDITORIAL-NV-2048x250.png 2048w\" sizes=\"auto, (max-width: 800px) 100vw, 800px\" \/><\/p>\n<p>&nbsp;<\/p>\n<p>&nbsp;<\/p>\n<p>&nbsp;<\/p>\n<p>&nbsp;<\/p>\n","protected":false},"excerpt":{"rendered":"<p>&nbsp; Por Pepe Valencia La lista de los m\u00e1s mencionados para la gubernatura de Veracruz se reduce a 12. Hay<\/p>\n","protected":false},"author":4,"featured_media":3786,"comment_status":"closed","ping_status":"closed","sticky":false,"template":"","format":"standard","meta":{"colormag_page_container_layout":"default_layout","colormag_page_sidebar_layout":"default_layout","_jetpack_memberships_contains_paid_content":false,"footnotes":"","jetpack_publicize_message":"","jetpack_publicize_feature_enabled":true,"jetpack_social_post_already_shared":true,"jetpack_social_options":{"image_generator_settings":{"template":"highway","default_image_id":0,"font":"","enabled":false},"version":2}},"categories":[6],"tags":[],"class_list":["post-17648","post","type-post","status-publish","format-standard","has-post-thumbnail","hentry","category-columnistas"],"jetpack_publicize_connections":[],"jetpack_featured_media_url":"https:\/\/noticiasveracruz.com\/wp-content\/uploads\/2022\/05\/PEPE-VALENCIA.png","jetpack_sharing_enabled":true,"publishpress_future_action":{"enabled":false,"date":"2026-05-07 07:01:13","action":"change-status","newStatus":"draft","terms":[],"taxonomy":"category","extraData":[]},"publishpress_future_workflow_manual_trigger":{"enabledWorkflows":[]},"_links":{"self":[{"href":"https:\/\/noticiasveracruz.com\/index.php\/wp-json\/wp\/v2\/posts\/17648","targetHints":{"allow":["GET"]}}],"collection":[{"href":"https:\/\/noticiasveracruz.com\/index.php\/wp-json\/wp\/v2\/posts"}],"about":[{"href":"https:\/\/noticiasveracruz.com\/index.php\/wp-json\/wp\/v2\/types\/post"}],"author":[{"embeddable":true,"href":"https:\/\/noticiasveracruz.com\/index.php\/wp-json\/wp\/v2\/users\/4"}],"replies":[{"embeddable":true,"href":"https:\/\/noticiasveracruz.com\/index.php\/wp-json\/wp\/v2\/comments?post=17648"}],"version-history":[{"count":0,"href":"https:\/\/noticiasveracruz.com\/index.php\/wp-json\/wp\/v2\/posts\/17648\/revisions"}],"wp:featuredmedia":[{"embeddable":true,"href":"https:\/\/noticiasveracruz.com\/index.php\/wp-json\/wp\/v2\/media\/3786"}],"wp:attachment":[{"href":"https:\/\/noticiasveracruz.com\/index.php\/wp-json\/wp\/v2\/media?parent=17648"}],"wp:term":[{"taxonomy":"category","embeddable":true,"href":"https:\/\/noticiasveracruz.com\/index.php\/wp-json\/wp\/v2\/categories?post=17648"},{"taxonomy":"post_tag","embeddable":true,"href":"https:\/\/noticiasveracruz.com\/index.php\/wp-json\/wp\/v2\/tags?post=17648"}],"curies":[{"name":"wp","href":"https:\/\/api.w.org\/{rel}","templated":true}]}}