{"id":17644,"date":"2023-07-24T03:11:42","date_gmt":"2023-07-24T08:11:42","guid":{"rendered":"https:\/\/noticiasveracruz.com\/?p=17644"},"modified":"2023-07-24T03:11:42","modified_gmt":"2023-07-24T08:11:42","slug":"educacion-de-pesima-calidad","status":"publish","type":"post","link":"https:\/\/noticiasveracruz.com\/index.php\/2023\/07\/24\/educacion-de-pesima-calidad\/","title":{"rendered":"Educaci\u00f3n de p\u00e9sima calidad\u00a0"},"content":{"rendered":"<p class=\"p1\">\n<p>&nbsp;<\/p>\n<p class=\"p1\"><span style=\"font-size: 18pt;\"><b>Por Ricardo Homs <\/b><\/span><\/p>\n<p class=\"p1\"><span style=\"font-size: 14pt;\">No hay duda de que la educaci\u00f3n generada en la escuela, \u2014principalmente en los primeros a\u00f1os de edad, en lo que se le denomina educaci\u00f3n primaria\u2014, son fundamentales para sacar de la pobreza a las familias que est\u00e1n en el \u00e1mbito de la sobrevivencia.<\/span><\/p>\n<p class=\"p1\"><span style=\"font-size: 14pt;\">La educaci\u00f3n es la que da acceso a mejor calidad de vida, pues permite alcanzar las oportunidades laborales de mejores salarios. <\/span><\/p>\n<p class=\"p1\"><span style=\"font-size: 14pt;\">Sin embargo, durante este sexenio se ha descuidado la calidad de la educaci\u00f3n p\u00fablica que hoy ofrece este gobierno, lo cual est\u00e1 quitando oportunidades a mucha gente y familias que podr\u00edan salir de la pobreza de forma definitiva.<\/span><\/p>\n<p class=\"p1\"><span style=\"font-size: 14pt;\">Los experimentos ideol\u00f3gicos que se est\u00e1n haciendo con los libros de texto gratuitos nos muestran que a este gobierno le interesa m\u00e1s la manipulaci\u00f3n ideol\u00f3gica que combatir la pobreza con educaci\u00f3n.<\/span><\/p>\n<p class=\"p1\"><span style=\"font-size: 14pt;\">Como ejemplo vemos que este gobierno busca ideologizar a los maestros a trav\u00e9s de promover el movimiento guerrillero de M\u00e9xico, en lugar de motivarles a mejorar la ense\u00f1anza de los estudiantes de secundaria.<\/span><\/p>\n<p class=\"p1\"><span style=\"font-size: 14pt;\">Los pa\u00edses que hoy han tenido \u00e9xito en el combate a la pobreza lo han logrado fortaleciendo la calidad de la educaci\u00f3n p\u00fablica. <\/span><\/p>\n<p class=\"p1\"><span style=\"font-size: 14pt;\">Importante es identificar cual es el compromiso de los gobiernos adheridos al Foro de Sao Paulo con la educaci\u00f3n. <\/span><\/p>\n<p class=\"p1\"><span style=\"font-size: 14pt;\">La educaci\u00f3n representa libertad e independencia, pues se convierte en un instrumento de movilidad social y crecimiento socioecon\u00f3mico y cultural. Esto significa independencia de criterio y rechazo a la manipulaci\u00f3n ideol\u00f3gica.<\/span><\/p>\n<p class=\"p1\"><span style=\"font-size: 14pt;\">El presidente L\u00f3pez Obrador ha manifestado su animadversi\u00f3n en contra de las clases medias, a las cuales ha calificado de aspiracionista, aunque en realidad lo que cuestiona es la independencia que le protege de la manipulaci\u00f3n gubernamental.<\/span><\/p>\n<p class=\"p1\"><span style=\"font-size: 14pt;\">La ignorancia para este tipo de gobiernos representa poder y control social y pol\u00edtico.<\/span><\/p>\n<p class=\"p1\"><span style=\"font-size: 14pt;\">La ignorancia y la falta de oportunidades laborales que ofrezcan buenos salarios y calidad de vida generan vulnerabilidad y dependencia de los programas sociales, lo cual garantiza una reserva electoral para mantener a un grupo o partido pol\u00edtico indefinidamente en el poder.<\/span><\/p>\n<p class=\"p1\"><span style=\"font-size: 14pt;\">La baja calidad educativa representa, -para la cuarta transformaci\u00f3n-, la oportunidad de preservar el poder a largo plazo, manipulando las necesidades b\u00e1sicas de la poblaci\u00f3n a partir del agradecimiento que se convierte en votos a favor en los periodos electorales y la asistencia a movilizaciones callejeras.<\/span><\/p>\n<p class=\"p1\"><span style=\"font-size: 14pt;\">Quiz\u00e1 esto explique, \u2014no el desinter\u00e9s por la educaci\u00f3n de calidad\u2014, sino el inter\u00e9s del gobierno del presidente L\u00f3pez Obrador por preservar el poder y el control social a partir de una educaci\u00f3n, \u2014no formativa para el alumno\u2014, sino ideologizante, como lo ha sido en Cuba y en todos los gobiernos totalitarios del mundo.<\/span><\/p>\n<p class=\"p1\"><span style=\"font-size: 14pt;\">Utilizar la educaci\u00f3n de baja calidad como un medio de divulgaci\u00f3n ideol\u00f3gica es quiz\u00e1 la apuesta de largo plazo para mantener en el poder la ideolog\u00eda populista y totalitaria de la 4T, lo cual conlleva empobrecer al pa\u00eds y negar oportunidades de desarrollo y calidad de vida para la poblaci\u00f3n m\u00e1s vulnerable de M\u00e9xico, la cual se volver\u00e1 adicta y dependiente de las ayudas gubernamentales que ofrecen los programas sociales denominados \u201cbienestar\u201d.<\/span><\/p>\n<p class=\"p1\"><span style=\"font-size: 14pt;\">Esta es la traici\u00f3n m\u00e1s grande e invisible de la propuesta de campa\u00f1a del presidente L\u00f3pez Obrador: \u201cprimero los pobres\u201d.\u00a0<\/span><\/p>\n<p>&nbsp;<\/p>\n<p class=\"p1\"><span style=\"font-size: 18pt;\"><strong>\u00bfA usted qu\u00e9 le parece?<\/strong><\/span><\/p>\n<p>&nbsp;<\/p>\n<hr \/>\n<p>&nbsp;<\/p>\n<p class=\"p1\"><span style=\"font-size: 18pt;\"><strong>Facebook:<a href=\"https:\/\/www.facebook.com\/Ricardo.Homs1\">@Ricardo.Homs1<\/a><\/strong><\/span><\/p>\n<p class=\"p1\"><span style=\"font-size: 18pt;\"><strong>Twitter:\u00a0<\/strong><a href=\"https:\/\/twitter.com\/homsricardo\"><strong>@homsricardo<\/strong><\/a><\/span><\/p>\n<p class=\"p1\"><span style=\"font-size: 18pt;\"><strong>LinkedIn: <a href=\"https:\/\/www.linkedin.com\/in\/ricardo-homs-3920449\/?originalSubdomain=mx\">RicardoHoms<\/a><\/strong><\/span><\/p>\n<p class=\"p1\"><span style=\"font-size: 18pt;\"><a href=\"https:\/\/ricardohoms.com\/\"><strong>www.ricardohoms.com<\/strong><\/a><\/span><\/p>\n<p>&nbsp;<\/p>\n<p><img loading=\"lazy\" decoding=\"async\" class=\"aligncenter wp-image-11449 size-large\" src=\"http:\/\/noticiasveracruz.com\/wp-content\/uploads\/2023\/01\/FIRMA-EDITORIAL-NV-1024x125.png\" alt=\"\" width=\"800\" height=\"98\" srcset=\"https:\/\/noticiasveracruz.com\/wp-content\/uploads\/2023\/01\/FIRMA-EDITORIAL-NV-1024x125.png 1024w, https:\/\/noticiasveracruz.com\/wp-content\/uploads\/2023\/01\/FIRMA-EDITORIAL-NV-300x37.png 300w, https:\/\/noticiasveracruz.com\/wp-content\/uploads\/2023\/01\/FIRMA-EDITORIAL-NV-768x94.png 768w, https:\/\/noticiasveracruz.com\/wp-content\/uploads\/2023\/01\/FIRMA-EDITORIAL-NV-1536x188.png 1536w, https:\/\/noticiasveracruz.com\/wp-content\/uploads\/2023\/01\/FIRMA-EDITORIAL-NV-2048x250.png 2048w\" sizes=\"auto, (max-width: 800px) 100vw, 800px\" \/><\/p>\n<p>&nbsp;<\/p>\n<p>&nbsp;<\/p>\n<p>&nbsp;<\/p>\n<p>&nbsp;<\/p>\n","protected":false},"excerpt":{"rendered":"<p>&nbsp; Por Ricardo Homs No hay duda de que la educaci\u00f3n generada en la escuela, \u2014principalmente en los primeros a\u00f1os<\/p>\n","protected":false},"author":4,"featured_media":3190,"comment_status":"closed","ping_status":"closed","sticky":false,"template":"","format":"standard","meta":{"colormag_page_container_layout":"default_layout","colormag_page_sidebar_layout":"default_layout","_jetpack_memberships_contains_paid_content":false,"footnotes":"","jetpack_publicize_message":"","jetpack_publicize_feature_enabled":true,"jetpack_social_post_already_shared":true,"jetpack_social_options":{"image_generator_settings":{"template":"highway","default_image_id":0,"font":"","enabled":false},"version":2}},"categories":[6],"tags":[],"class_list":["post-17644","post","type-post","status-publish","format-standard","has-post-thumbnail","hentry","category-columnistas"],"jetpack_publicize_connections":[],"jetpack_featured_media_url":"https:\/\/noticiasveracruz.com\/wp-content\/uploads\/2022\/04\/NV-RICARDO-HOMS.png","jetpack_sharing_enabled":true,"publishpress_future_action":{"enabled":false,"date":"2026-05-07 05:30:17","action":"change-status","newStatus":"draft","terms":[],"taxonomy":"category","extraData":[]},"publishpress_future_workflow_manual_trigger":{"enabledWorkflows":[]},"_links":{"self":[{"href":"https:\/\/noticiasveracruz.com\/index.php\/wp-json\/wp\/v2\/posts\/17644","targetHints":{"allow":["GET"]}}],"collection":[{"href":"https:\/\/noticiasveracruz.com\/index.php\/wp-json\/wp\/v2\/posts"}],"about":[{"href":"https:\/\/noticiasveracruz.com\/index.php\/wp-json\/wp\/v2\/types\/post"}],"author":[{"embeddable":true,"href":"https:\/\/noticiasveracruz.com\/index.php\/wp-json\/wp\/v2\/users\/4"}],"replies":[{"embeddable":true,"href":"https:\/\/noticiasveracruz.com\/index.php\/wp-json\/wp\/v2\/comments?post=17644"}],"version-history":[{"count":0,"href":"https:\/\/noticiasveracruz.com\/index.php\/wp-json\/wp\/v2\/posts\/17644\/revisions"}],"wp:featuredmedia":[{"embeddable":true,"href":"https:\/\/noticiasveracruz.com\/index.php\/wp-json\/wp\/v2\/media\/3190"}],"wp:attachment":[{"href":"https:\/\/noticiasveracruz.com\/index.php\/wp-json\/wp\/v2\/media?parent=17644"}],"wp:term":[{"taxonomy":"category","embeddable":true,"href":"https:\/\/noticiasveracruz.com\/index.php\/wp-json\/wp\/v2\/categories?post=17644"},{"taxonomy":"post_tag","embeddable":true,"href":"https:\/\/noticiasveracruz.com\/index.php\/wp-json\/wp\/v2\/tags?post=17644"}],"curies":[{"name":"wp","href":"https:\/\/api.w.org\/{rel}","templated":true}]}}