{"id":17627,"date":"2023-07-21T05:11:01","date_gmt":"2023-07-21T10:11:01","guid":{"rendered":"https:\/\/noticiasveracruz.com\/?p=17627"},"modified":"2023-07-21T08:12:35","modified_gmt":"2023-07-21T13:12:35","slug":"ya-callate-vicente-eso-pediria-xochitl-a-fox","status":"publish","type":"post","link":"https:\/\/noticiasveracruz.com\/index.php\/2023\/07\/21\/ya-callate-vicente-eso-pediria-xochitl-a-fox\/","title":{"rendered":"Ya c\u00e1llate, Vicente\u2026 Eso pedir\u00eda X\u00f3chitl a Fox"},"content":{"rendered":"<p>&nbsp;<\/p>\n<p class=\"p1\"><span style=\"font-size: 18pt;\"><strong>Por Jos\u00e9 Ure\u00f1a<\/strong><\/span><\/p>\n<p class=\"p1\"><span style=\"font-size: 14pt;\">La pregunta es franca: -\u00bfQu\u00e9 pedir\u00edas al expresidente Vicente Fox?<\/span><\/p>\n<p class=\"p1\"><span style=\"font-size: 14pt;\">Y la respuesta m\u00e1s: -Que se calle.<\/span><\/p>\n<p class=\"p1\"><span style=\"font-size: 14pt;\">El comentario de X\u00f3chitl G\u00e1lvez toma actualidad por los reflejos pol\u00edticos de Andr\u00e9s Manuel L\u00f3pez Obrador, el mayor experto en acusaciones y uso de datos y errores ajenos.<\/span><\/p>\n<p class=\"p1\"><span style=\"font-size: 14pt;\">Pero negador de todos los propios. La legalidad en el manejo de esa informaci\u00f3n debieran dilucidarla los tribunales, sobre todo porque se usan espacios (Palacio Nacional) y recursos p\u00fablicos (gasto oficial, transmisi\u00f3n en televisoras y redes de Gobierno y dem\u00e1s) para denostar al <i>Frente Amplio por M\u00e9xico <\/i>(FAM) y a su potencial representante para la Presidencia de la Rep\u00fablica.<\/span><\/p>\n<p class=\"p1\"><span style=\"font-size: 14pt;\">Porque desde ah\u00ed y a trav\u00e9s de ah\u00ed se desarrolla la campa\u00f1a de infundios para evitar a una mujer simple, de vida com\u00fan (X\u00f3chitl G\u00e1lvez) por atreverse a desafiar a L\u00f3pez Obrador y a su poderoso aparato medi\u00e1tico.<\/span><\/p>\n<p class=\"p1\"><span style=\"font-size: 14pt;\">Mi\u00e9rcoles y jueves se ha usado como arma de agresi\u00f3n a Vicente Fox, un expresidente cuya decrepitud es evidente y dice cosas imposibles de darse, como quitar pensiones a adultos mayores, becas a j\u00f3venes y dem\u00e1s.<\/span><\/p>\n<p>&nbsp;<\/p>\n<p class=\"p1\"><span style=\"font-size: 18pt; color: #e42d33;\"><strong>EL RETIRO IMPOSIBLE<\/strong><\/span><\/p>\n<p class=\"p1\"><span style=\"font-size: 14pt;\">\u00bfPor qu\u00e9 es imposible? <\/span><span style=\"font-size: 14pt;\">Porque est\u00e1n en la Constituci\u00f3n General de la Rep\u00fablica con el voto de todas las fuerzas pol\u00edticas y nadie en juicio sano podr\u00eda desaparecerlas, como lo ha dejado claro una y mil veces X\u00f3chitl G\u00e1lvez.<\/span><\/p>\n<p class=\"p1\"><span style=\"font-size: 14pt;\">De ese desvar\u00edo parte L\u00f3pez Obrador para poner ese prop\u00f3sito como coraz\u00f3n de la campa\u00f1a del Frente Opositor para 2024 y desacreditarla, y todav\u00eda rematar: <\/span><span style=\"font-size: 14pt;\">-\u00a1Tengan para que aprendan!<\/span><\/p>\n<p class=\"p1\"><span style=\"font-size: 14pt;\">Como se trata de desprestigiar, en Palacio Nacional no se mencionan las reiteradas alusiones de X\u00f3chitl G\u00e1lvez para acreditar su victoria de vida a becas recibidas como m\u00e9todo de estudio y desarrollo personal.<\/span><\/p>\n<p class=\"p1\"><span style=\"font-size: 14pt;\">Pero Vicente Fox tambi\u00e9n da datos falsos: X\u00f3chitl G\u00e1lvez trata de impulsar la superaci\u00f3n y el trabajo creador, pero jam\u00e1s ha prometido al expresidente retirar esas becas y menos regresar las pensiones a los exmandatarios.<\/span><\/p>\n<p class=\"p1\"><span style=\"font-size: 14pt;\">Y ya aqu\u00ed entre nos: se oye rid\u00edculo Fox al pedir dinero para s\u00ed mientras lanza la consigna de \u00a1trabajen, huevones! a personas en edad productiva y cuyas pensiones -pagadas por nuestros impuestos- las dedican a cervezas y a gastos no santos.<\/span><\/p>\n<p class=\"p1\"><span style=\"font-size: 14pt;\">Pero como dice el de Palacio: <\/span><span style=\"font-size: 14pt;\">-Cuando la calumnia no mancha, pero tizna\u2026<\/span><\/p>\n<p>&nbsp;<\/p>\n<p class=\"p1\"><span style=\"font-size: 18pt; color: #e42d33;\"><strong>ALITO SE DEFIENDE<\/strong><\/span><\/p>\n<p class=\"p1\"><span style=\"font-size: 14pt;\">El dirigente priista sale una vez m\u00e1s en defensa propia. <\/span><span style=\"font-size: 14pt;\">Ayer allanaron varios inmuebles en el estado de Campeche adjudicadas al exmandatario Alejandro Moreno, Alito, pero \u00e9l los niega:<\/span><\/p>\n<p class=\"p1\"><span style=\"font-size: 14pt;\">\u201cEs completamente falso que las propiedades se\u00f1aladas sean de mi propiedad\u201d, refut\u00f3 de inmediato a trav\u00e9s de redes sociales y en bolet\u00edn de prensa.<\/span><\/p>\n<p class=\"p1\"><span style=\"font-size: 14pt;\">El exgobernador campechano advierte en esos hechos una forma de venganza porque se ha aliado con otros partidos (PAN y PRD) para enfrentar al r\u00e9gimen.<\/span><\/p>\n<p class=\"p1\"><span style=\"font-size: 14pt;\">Lo dice as\u00ed: \u201cEstos ataques llegan en una \u00e9poca en la que est\u00e1n ocurriendo definiciones importantes para el futuro de la naci\u00f3n y son una muestra clara y contundente de la cobard\u00eda y desesperaci\u00f3n que imperan en la Presidencia de la Rep\u00fablica\u201d.<\/span><br \/>\n<span style=\"font-size: 14pt;\">Promete no ceder y continuar \u201ctrabajando con firmeza y decisi\u00f3n en la construcci\u00f3n del <i>Frente Amplio por M\u00e9xico<\/i>\u201d.<\/span><\/p>\n<p>&nbsp;<\/p>\n<hr \/>\n<p>&nbsp;<\/p>\n<p><img loading=\"lazy\" decoding=\"async\" class=\"aligncenter wp-image-11449 size-large\" src=\"http:\/\/noticiasveracruz.com\/wp-content\/uploads\/2023\/01\/FIRMA-EDITORIAL-NV-1024x125.png\" alt=\"\" width=\"800\" height=\"98\" srcset=\"https:\/\/noticiasveracruz.com\/wp-content\/uploads\/2023\/01\/FIRMA-EDITORIAL-NV-1024x125.png 1024w, https:\/\/noticiasveracruz.com\/wp-content\/uploads\/2023\/01\/FIRMA-EDITORIAL-NV-300x37.png 300w, https:\/\/noticiasveracruz.com\/wp-content\/uploads\/2023\/01\/FIRMA-EDITORIAL-NV-768x94.png 768w, https:\/\/noticiasveracruz.com\/wp-content\/uploads\/2023\/01\/FIRMA-EDITORIAL-NV-1536x188.png 1536w, https:\/\/noticiasveracruz.com\/wp-content\/uploads\/2023\/01\/FIRMA-EDITORIAL-NV-2048x250.png 2048w\" sizes=\"auto, (max-width: 800px) 100vw, 800px\" \/><\/p>\n<p>&nbsp;<\/p>\n<p>&nbsp;<\/p>\n<p>&nbsp;<\/p>\n<p>&nbsp;<\/p>\n","protected":false},"excerpt":{"rendered":"<p>&nbsp; Por Jos\u00e9 Ure\u00f1a La pregunta es franca: -\u00bfQu\u00e9 pedir\u00edas al expresidente Vicente Fox? Y la respuesta m\u00e1s: -Que se<\/p>\n","protected":false},"author":4,"featured_media":3258,"comment_status":"closed","ping_status":"closed","sticky":false,"template":"","format":"standard","meta":{"colormag_page_container_layout":"default_layout","colormag_page_sidebar_layout":"default_layout","_jetpack_memberships_contains_paid_content":false,"footnotes":"","jetpack_publicize_message":"","jetpack_publicize_feature_enabled":true,"jetpack_social_post_already_shared":true,"jetpack_social_options":{"image_generator_settings":{"template":"highway","default_image_id":0,"font":"","enabled":false},"version":2}},"categories":[6],"tags":[],"class_list":["post-17627","post","type-post","status-publish","format-standard","has-post-thumbnail","hentry","category-columnistas"],"jetpack_publicize_connections":[],"jetpack_featured_media_url":"https:\/\/noticiasveracruz.com\/wp-content\/uploads\/2022\/04\/JOSE\u0301-UREN\u0303A.png","jetpack_sharing_enabled":true,"publishpress_future_action":{"enabled":false,"date":"2026-05-08 07:05:24","action":"change-status","newStatus":"draft","terms":[],"taxonomy":"category","extraData":[]},"publishpress_future_workflow_manual_trigger":{"enabledWorkflows":[]},"_links":{"self":[{"href":"https:\/\/noticiasveracruz.com\/index.php\/wp-json\/wp\/v2\/posts\/17627","targetHints":{"allow":["GET"]}}],"collection":[{"href":"https:\/\/noticiasveracruz.com\/index.php\/wp-json\/wp\/v2\/posts"}],"about":[{"href":"https:\/\/noticiasveracruz.com\/index.php\/wp-json\/wp\/v2\/types\/post"}],"author":[{"embeddable":true,"href":"https:\/\/noticiasveracruz.com\/index.php\/wp-json\/wp\/v2\/users\/4"}],"replies":[{"embeddable":true,"href":"https:\/\/noticiasveracruz.com\/index.php\/wp-json\/wp\/v2\/comments?post=17627"}],"version-history":[{"count":0,"href":"https:\/\/noticiasveracruz.com\/index.php\/wp-json\/wp\/v2\/posts\/17627\/revisions"}],"wp:featuredmedia":[{"embeddable":true,"href":"https:\/\/noticiasveracruz.com\/index.php\/wp-json\/wp\/v2\/media\/3258"}],"wp:attachment":[{"href":"https:\/\/noticiasveracruz.com\/index.php\/wp-json\/wp\/v2\/media?parent=17627"}],"wp:term":[{"taxonomy":"category","embeddable":true,"href":"https:\/\/noticiasveracruz.com\/index.php\/wp-json\/wp\/v2\/categories?post=17627"},{"taxonomy":"post_tag","embeddable":true,"href":"https:\/\/noticiasveracruz.com\/index.php\/wp-json\/wp\/v2\/tags?post=17627"}],"curies":[{"name":"wp","href":"https:\/\/api.w.org\/{rel}","templated":true}]}}