{"id":17624,"date":"2023-07-21T05:00:15","date_gmt":"2023-07-21T10:00:15","guid":{"rendered":"https:\/\/noticiasveracruz.com\/?p=17624"},"modified":"2023-07-21T08:07:54","modified_gmt":"2023-07-21T13:07:54","slug":"ecolocos","status":"publish","type":"post","link":"https:\/\/noticiasveracruz.com\/index.php\/2023\/07\/21\/ecolocos\/","title":{"rendered":"Ecolocos"},"content":{"rendered":"<p class=\"p1\">\n<p>&nbsp;<\/p>\n<p class=\"p1\"><span style=\"font-size: 18pt;\"><strong>Por Aurelio Contreras Moreno<\/strong><\/span><\/p>\n<p class=\"p1\"><span style=\"font-size: 14pt;\">Entre las muchas falacias del r\u00e9gimen de pseudoizquierda que se hace llamar la \u201cCuarta Transformaci\u00f3n\u201d est\u00e1 su supuesta -y obviamente falsa- vocaci\u00f3n medioambiental.<\/span><\/p>\n<p class=\"p1\"><span style=\"font-size: 14pt;\">Dos de sus proyectos \u201cinsignia\u201d han resultado ser verdaderos desastres ecol\u00f3gicos: la refiner\u00eda Olmeca-Dos Bocas destruy\u00f3 m\u00e1s de 300 hect\u00e1reas de selva y manglares de acuerdo con una denuncia hecha por el Centro Interdisciplinario en Biodiversidad y Ambiente; mientras que el Tren Maya ha sido letal para la biodiversidad del sureste mexicano, destruyendo el h\u00e1bitat de cientos de especies, da\u00f1ando de manera irreparable entornos naturales como cenotes, cuevas y lagunas subterr\u00e1neas, y deforestando enormes extensiones en terrenos en los que el presidente Andr\u00e9s Manuel L\u00f3pez Obrador jur\u00f3 que no se derribar\u00eda \u201cni un \u00e1rbol\u201d.<\/span><\/p>\n<p class=\"p1\"><span style=\"font-size: 14pt;\">El talante depredador de la naturaleza del r\u00e9gimen de la llamada \u201c4T\u201d tambi\u00e9n se manifiesta abiertamente en uno de sus programas sociales, \u201cSembrando Vida\u201d, en el que se paga unos cinco mil pesos al mes a los campesinos por la siembra de \u00e1rboles frutales y maderables, que muchas veces no tienen nada que ver con el clima y el tipo de suelo en donde han sido plantados.<\/span><\/p>\n<p class=\"p1\"><span style=\"font-size: 14pt;\">No solo eso. Para obtener los recursos \u2013la \u00fanica muleta del r\u00e9gimen para mantener su aprobaci\u00f3n-, los campesinos han deforestado m\u00e1s de 70 mil hect\u00e1reas en seis estados del sureste, incluyendo Veracruz, y as\u00ed plantar los \u00e1rboles nuevos, que si acaso logran sobrevivir, alcanzar\u00e1n su plenitud dentro de una o dos d\u00e9cadas.<\/span><\/p>\n<p class=\"p1\"><span style=\"font-size: 14pt;\">Frente a esta cat\u00e1strofe ambiental propiciada por el gobierno obradorista, que en Xalapa se talen 64 \u00e1rboles para construir un puente vehicular \u2013ni siquiera peatonal- podr\u00eda parecer una minucia, algo verdaderamente menor\u2026 hasta que recordamos c\u00f3mo ha cambiado el clima en una ciudad en la que llov\u00eda pr\u00e1cticamente todo el a\u00f1o, y que en 2023 ha alcanzado temperaturas de m\u00e1s 35 grados. Algo impensable hasta hace muy poco tiempo.<\/span><\/p>\n<p class=\"p1\"><span style=\"font-size: 14pt;\">No faltar\u00e1 quien salga a defender lo que los gobiernos de Cuitl\u00e1huac Garc\u00eda y Ricardo Ahued salieron a hacer a escondidas, de madrugada, para sorprender y pasar por encima de la ciudadan\u00eda, en aras de \u201catender\u201d el grave problema vial de la capital de Veracruz. <\/span><\/p>\n<p class=\"p1\"><span style=\"font-size: 14pt;\">Pero huelga decir que la construcci\u00f3n de los dos puentes vehiculares en ambas salidas de la ciudad no es resultado de un proyecto bien planeado de desahogo vial. Es, como lo admiti\u00f3 el propio Cuitl\u00e1huac Garc\u00eda, el \u201cPlan B\u201d, una salida ante el fracaso de su propuesta de tren ligero \u2013que tampoco iba a resolver nada- para la regi\u00f3n de Xalapa, as\u00ed como la manera de saciar esa necesidad de los pol\u00edticos de dejar un \u201clegado\u201d de su paso por el poder.<\/span><\/p>\n<p class=\"p1\"><span style=\"font-size: 14pt;\">Aunado a ello, indignan las ganas de enga\u00f1ar a la ciudadan\u00eda o, peor a\u00fan, la supina ignorancia. Cree el gobernador que plantando \u2013que no sembrando, porque no enterraron semillas- \u00e1rboles en un espacio donde ya existen en buen n\u00famero como el Parque Natura y en otras zonas de la ciudad, van a remediar el da\u00f1o causado en una importante franja ubicada en otro lugar. Y en el extremo de la tonter\u00eda, se atrevi\u00f3 a declarar que los \u00e1rboles de los camellones \u2013como los que derribaron la madrugada del martes- solo se colocan para que \u201cse vea bonito\u201d.<\/span><\/p>\n<p class=\"p1\"><span style=\"font-size: 14pt;\">En un estudio hecho llegar a quien esto escribe, el profesor de la Universidad alemana de Wuzburgo y egresado de la Universidad Veracruzana, Richard Lemoine\u00a0Rodr\u00edguez, afirma que \u201cen lo correspondiente al papel de las \u00e1reas verdes para mitigar la isla de calor de la ciudad, encontramos que, comparada con las \u00e1reas forestales que rodean la ciudad, Xalapa tiene una temperatura 4.95\u00b0C mayor en promedio. Las \u00e1reas verdes de la ciudad disminuyen la temperatura en 2\u00b0C en promedio. Sin embargo, este efecto solo se presenta hasta una distancia de 50\u00a0metros al exterior de los parques de la ciudad\u201d. <\/span><\/p>\n<p class=\"p1\"><span style=\"font-size: 14pt;\">\u201cPara que haya un efecto relevante en el interior del tejido urbano es necesario que los\u00a0parques est\u00e9n complementados por otros parches de vegetaci\u00f3n arb\u00f3rea\u00a0de menores dimensiones distribuidos a lo largo de la ciudad, para generar un efecto acumulativo de mitigaci\u00f3n del calor. Esto muestra la relevancia de parches de vegetaci\u00f3n de tama\u00f1o peque\u00f1o, como el arbolado en los camellones urbanos para poder combatir el acelerado cambio clim\u00e1tico local y las olas de calor como la del presente a\u00f1o. <\/span><\/p>\n<p class=\"p1\"><span style=\"font-size: 14pt;\">\u201cPor \u00faltimo, es importante mencionar que deforestar dentro de la ciudad y plantar m\u00e1s\u00a0\u00e1rboles en otras \u00e1reas no es una medida de compensaci\u00f3n relevante en t\u00e9rminos del clima local, ya que las temperaturas aumentar\u00e1n en las \u00e1reas deforestadas sin que los nuevos parches de vegetaci\u00f3n distantes tengan efecto alguno en las \u00e1reas prioritarias para mitigar el calor, que son las del interior de la ciudad\u201d, explica el acad\u00e9mico.<\/span><\/p>\n<p class=\"p1\"><span style=\"font-size: 14pt;\">Pero seguramente eso es algo que no creemos que \u201clo vayan a entender\u201d los \u201cecolocos\u201d tetratransformados.<\/span><\/p>\n<p>&nbsp;<\/p>\n<p class=\"p1\"><span style=\"font-size: 18pt; color: #e42d33;\"><strong>\u00bfMIEDITO?<\/strong><\/span><\/p>\n<p class=\"p1\"><span style=\"font-size: 14pt;\">Nos comentan que el que sufre paranoia es el presidente del IVAI, el morenista David Jim\u00e9nez, quien este jueves habr\u00eda ordenado al personal de inform\u00e1tica la instalaci\u00f3n de una docena de c\u00e1maras de seguridad y una pantalla gigante en su oficina para revisar personalmente los accesos al Instituto.<\/span><\/p>\n<p class=\"p1\"><span style=\"font-size: 14pt;\">Y es que el alfil del diputado Juan Javier G\u00f3mez Cazar\u00edn vive temeroso de que le caiga \u201cla voladora\u201d por la carpeta de investigaci\u00f3n que indaga el delito en el que incurri\u00f3 a su paso por la direcci\u00f3n del Registro P\u00fablico de la Propiedad del gobierno de Veracruz.<\/span><\/p>\n<p class=\"p1\"><span style=\"font-size: 14pt;\">Incluso, habr\u00eda dado la instrucci\u00f3n de interceptar toda la documentaci\u00f3n que llegue al IVAI para enterarse si la Fiscal\u00eda General del Estado lo vuelve citar, pero ya no como testigo, sino como indiciado. Los cuchillos largos se afilan en la \u201ccuatrot\u00e9\u201d.<\/span><\/p>\n<p>&nbsp;<\/p>\n<hr \/>\n<p>&nbsp;<\/p>\n<p class=\"p1\"><span style=\"font-size: 18pt;\"><strong>Correo: <a href=\"mailto:aureliocontreras@gmail.com\">aureliocontreras@gmail.com<\/a><\/strong><\/span><\/p>\n<p class=\"p1\"><span style=\"font-size: 18pt;\"><strong>Twitter: <a href=\"http:\/\/www.twitter.com\/yeyocontreras\">@yeyocontreras<\/a><\/strong><\/span><\/p>\n<p>&nbsp;<\/p>\n<p><img loading=\"lazy\" decoding=\"async\" class=\"aligncenter wp-image-11449 size-large\" src=\"http:\/\/noticiasveracruz.com\/wp-content\/uploads\/2023\/01\/FIRMA-EDITORIAL-NV-1024x125.png\" alt=\"\" width=\"800\" height=\"98\" srcset=\"https:\/\/noticiasveracruz.com\/wp-content\/uploads\/2023\/01\/FIRMA-EDITORIAL-NV-1024x125.png 1024w, https:\/\/noticiasveracruz.com\/wp-content\/uploads\/2023\/01\/FIRMA-EDITORIAL-NV-300x37.png 300w, https:\/\/noticiasveracruz.com\/wp-content\/uploads\/2023\/01\/FIRMA-EDITORIAL-NV-768x94.png 768w, https:\/\/noticiasveracruz.com\/wp-content\/uploads\/2023\/01\/FIRMA-EDITORIAL-NV-1536x188.png 1536w, https:\/\/noticiasveracruz.com\/wp-content\/uploads\/2023\/01\/FIRMA-EDITORIAL-NV-2048x250.png 2048w\" sizes=\"auto, (max-width: 800px) 100vw, 800px\" \/><\/p>\n<p>&nbsp;<\/p>\n<p>&nbsp;<\/p>\n<p>&nbsp;<\/p>\n<p>&nbsp;<\/p>\n","protected":false},"excerpt":{"rendered":"<p>&nbsp; Por Aurelio Contreras Moreno Entre las muchas falacias del r\u00e9gimen de pseudoizquierda que se hace llamar la \u201cCuarta Transformaci\u00f3n\u201d<\/p>\n","protected":false},"author":4,"featured_media":3578,"comment_status":"closed","ping_status":"closed","sticky":false,"template":"","format":"standard","meta":{"colormag_page_container_layout":"default_layout","colormag_page_sidebar_layout":"default_layout","_jetpack_memberships_contains_paid_content":false,"footnotes":"","jetpack_publicize_message":"","jetpack_publicize_feature_enabled":true,"jetpack_social_post_already_shared":true,"jetpack_social_options":{"image_generator_settings":{"template":"highway","default_image_id":0,"font":"","enabled":false},"version":2}},"categories":[6],"tags":[],"class_list":["post-17624","post","type-post","status-publish","format-standard","has-post-thumbnail","hentry","category-columnistas"],"jetpack_publicize_connections":[],"jetpack_featured_media_url":"https:\/\/noticiasveracruz.com\/wp-content\/uploads\/2022\/04\/P-AURELIO-CONTRERAS.png","jetpack_sharing_enabled":true,"publishpress_future_action":{"enabled":false,"date":"2026-05-08 06:20:55","action":"change-status","newStatus":"draft","terms":[],"taxonomy":"category","extraData":[]},"publishpress_future_workflow_manual_trigger":{"enabledWorkflows":[]},"_links":{"self":[{"href":"https:\/\/noticiasveracruz.com\/index.php\/wp-json\/wp\/v2\/posts\/17624","targetHints":{"allow":["GET"]}}],"collection":[{"href":"https:\/\/noticiasveracruz.com\/index.php\/wp-json\/wp\/v2\/posts"}],"about":[{"href":"https:\/\/noticiasveracruz.com\/index.php\/wp-json\/wp\/v2\/types\/post"}],"author":[{"embeddable":true,"href":"https:\/\/noticiasveracruz.com\/index.php\/wp-json\/wp\/v2\/users\/4"}],"replies":[{"embeddable":true,"href":"https:\/\/noticiasveracruz.com\/index.php\/wp-json\/wp\/v2\/comments?post=17624"}],"version-history":[{"count":0,"href":"https:\/\/noticiasveracruz.com\/index.php\/wp-json\/wp\/v2\/posts\/17624\/revisions"}],"wp:featuredmedia":[{"embeddable":true,"href":"https:\/\/noticiasveracruz.com\/index.php\/wp-json\/wp\/v2\/media\/3578"}],"wp:attachment":[{"href":"https:\/\/noticiasveracruz.com\/index.php\/wp-json\/wp\/v2\/media?parent=17624"}],"wp:term":[{"taxonomy":"category","embeddable":true,"href":"https:\/\/noticiasveracruz.com\/index.php\/wp-json\/wp\/v2\/categories?post=17624"},{"taxonomy":"post_tag","embeddable":true,"href":"https:\/\/noticiasveracruz.com\/index.php\/wp-json\/wp\/v2\/tags?post=17624"}],"curies":[{"name":"wp","href":"https:\/\/api.w.org\/{rel}","templated":true}]}}