{"id":17619,"date":"2023-07-20T18:11:33","date_gmt":"2023-07-20T23:11:33","guid":{"rendered":"https:\/\/noticiasveracruz.com\/?p=17619"},"modified":"2023-07-21T12:43:27","modified_gmt":"2023-07-21T17:43:27","slug":"inicia-instalacion-del-nuevo-alumbrado-de-tuxpan-se-colocan-6355-luminarias-led","status":"publish","type":"post","link":"https:\/\/noticiasveracruz.com\/index.php\/2023\/07\/20\/inicia-instalacion-del-nuevo-alumbrado-de-tuxpan-se-colocan-6355-luminarias-led\/","title":{"rendered":"Inicia instalaci\u00f3n del nuevo alumbrado de Tuxpan, se colocan 6,355 luminarias LED"},"content":{"rendered":"<p>&nbsp;<\/p>\n<p class=\"p1\"><span style=\"font-size: 14pt;\"><em><strong>TUXPAN, VERACRUZ.<\/strong><\/em> <strong>El alcalde Jos\u00e9 Manuel Pozos<\/strong> dio por iniciado los trabajos de <strong>instalaci\u00f3n de 6,355 luminarias de alta eficiencia<\/strong> a base de diodos emisores de luz LED en Barra Norte. <\/span><\/p>\n<p class=\"p1\"><span style=\"font-size: 18pt;\"><strong>El \u201cProyecto de Eficiencia y Sustentabilidad Energ\u00e9tica\u201d se lleva a cabo con el respaldo de la Secretar\u00eda de Energ\u00eda y el Banco Mundial. La inversi\u00f3n para modernizar el alumbrado p\u00fablico es de alrededor de 50 millones de pesos.<\/strong><\/span><\/p>\n<p>&nbsp;<\/p>\n<p><img loading=\"lazy\" decoding=\"async\" class=\"aligncenter wp-image-22473 size-large\" src=\"https:\/\/politicosaldesnudo.com.mx\/wp-content\/uploads\/2023\/07\/P-TUXPAN-LUMINARIAS-6-1024x573.png\" alt=\"\" width=\"800\" height=\"448\" \/><\/p>\n<p>&nbsp;<\/p>\n<p class=\"p1\"><span style=\"font-size: 18pt; color: #e42d33;\"><b style=\"color: #e42d33; font-size: 18pt;\">El alcalde Jos\u00e9 Manuel Pozos Castro <\/b><span style=\"color: #e42d33;\"><span style=\"font-size: 24px;\"><b>supervisa<\/b><\/span><\/span><b style=\"color: #e42d33; font-size: 18pt;\"> la instalaci\u00f3n de las primeras 250 luminarias.<\/b><\/span><\/p>\n<p class=\"p1\"><span style=\"font-size: 14pt;\">Tambi\u00e9n Jos\u00e9 Manuel Pozos anunci\u00f3 que se estar\u00e1 trabajando en forma simult\u00e1nea, en varios frentes, para concluir los trabajos en el menor tiempo posible. Personalmente estar\u00e1 supervisando los avances de la instalaci\u00f3n.<\/span><\/p>\n<p class=\"p1\"><span style=\"font-size: 14pt;\">Agradeci\u00f3 en nombre del pueblo y el gobierno de Tuxpan a Roc\u00edo Nahle, Secretaria de Energ\u00eda, por su respaldo en este proyecto.<\/span><\/p>\n<p>&nbsp;<\/p>\n<p><img loading=\"lazy\" decoding=\"async\" class=\"aligncenter wp-image-22470 size-large\" src=\"https:\/\/politicosaldesnudo.com.mx\/wp-content\/uploads\/2023\/07\/P-TUXPAN-LUMINARIAS-2-1024x573.png\" alt=\"\" width=\"800\" height=\"448\" \/><\/p>\n<p>&nbsp;<\/p>\n<blockquote>\n<p class=\"p1\"><span style=\"font-size: 14pt;\">Mejorar\u00e1 la calidad de vida de nuestra gente y nos permite avanzar hac\u00eda una ciudad innovadora y sustentable\u201d<\/span><\/p>\n<\/blockquote>\n<p>&nbsp;<\/p>\n<p class=\"p1\"><span style=\"font-size: 14pt;\">Tambi\u00e9n dio las gracias al Gobernador Cuitl\u00e1huac Garc\u00eda Jim\u00e9nez, por respaldar este y otros proyectos de infraestructura que son parte de la gran transformaci\u00f3n de Tuxpan.<\/span><\/p>\n<p>&nbsp;<\/p>\n<p><img loading=\"lazy\" decoding=\"async\" class=\"aligncenter wp-image-22472 size-large\" src=\"https:\/\/politicosaldesnudo.com.mx\/wp-content\/uploads\/2023\/07\/P-TUXPAN-LUMINARIAS-5-1024x573.png\" alt=\"\" width=\"800\" height=\"448\" \/><\/p>\n<p>&nbsp;<\/p>\n<p class=\"p1\"><span style=\"font-size: 18pt;\"><strong>Jos\u00e9 Manuel Pozos mencion\u00f3 que \u201ccuando se trabaja de manera coordinada entre los tres niveles de gobierno, esto es lo que se logra, resultados que van transformando\u201d. <\/strong><\/span><\/p>\n<p>&nbsp;<\/p>\n<p><img loading=\"lazy\" decoding=\"async\" class=\"aligncenter wp-image-22471 size-large\" src=\"https:\/\/politicosaldesnudo.com.mx\/wp-content\/uploads\/2023\/07\/P-TUXPAN-LUMINARIAS-3-1024x573.png\" alt=\"\" width=\"800\" height=\"448\" \/><\/p>\n<p>&nbsp;<\/p>\n<p class=\"p1\"><span style=\"font-size: 18pt; color: #e42d33;\"><strong>La empresa Manufacturera de Reactores S.A. de C.V., ganadora de la licitaci\u00f3n P\u00fablica Nacional de FIDE\/Sener, es la encargada del suministro, instalaci\u00f3n y puesta en operaci\u00f3n de 6,355 luminarios de alta eficiencia. <\/strong><\/span><\/p>\n<p class=\"p1\"><span style=\"font-size: 14pt;\">Asimismo se colocar\u00e1 1,243 postes met\u00e1licos de 9 metros de altura y 4 mil 119 brazos met\u00e1licos de 1.5 metros de longitud.<\/span><\/p>\n<p>&nbsp;<\/p>\n<p>&nbsp;<\/p>\n<p>&nbsp;<\/p>\n","protected":false},"excerpt":{"rendered":"<p>&nbsp; TUXPAN, VERACRUZ. El alcalde Jos\u00e9 Manuel Pozos dio por iniciado los trabajos de instalaci\u00f3n de 6,355 luminarias de alta<\/p>\n","protected":false},"author":4,"featured_media":17620,"comment_status":"closed","ping_status":"closed","sticky":false,"template":"","format":"standard","meta":{"colormag_page_container_layout":"default_layout","colormag_page_sidebar_layout":"default_layout","_jetpack_memberships_contains_paid_content":false,"footnotes":"","jetpack_publicize_message":"","jetpack_publicize_feature_enabled":true,"jetpack_social_post_already_shared":true,"jetpack_social_options":{"image_generator_settings":{"template":"highway","default_image_id":0,"font":"","enabled":false},"version":2}},"categories":[356],"tags":[701,2656,72,73],"class_list":["post-17619","post","type-post","status-publish","format-standard","has-post-thumbnail","hentry","category-veracruz","tag-jose-manuel-pozos","tag-luminarias","tag-tuxpan","tag-veracruz"],"jetpack_publicize_connections":[],"jetpack_featured_media_url":"https:\/\/noticiasveracruz.com\/wp-content\/uploads\/2023\/07\/P-TUXPAN-LUMINARIAS-1.png","jetpack_sharing_enabled":true,"publishpress_future_action":{"enabled":false,"date":"2026-05-08 05:32:03","action":"change-status","newStatus":"draft","terms":[],"taxonomy":"category","extraData":[]},"publishpress_future_workflow_manual_trigger":{"enabledWorkflows":[]},"_links":{"self":[{"href":"https:\/\/noticiasveracruz.com\/index.php\/wp-json\/wp\/v2\/posts\/17619","targetHints":{"allow":["GET"]}}],"collection":[{"href":"https:\/\/noticiasveracruz.com\/index.php\/wp-json\/wp\/v2\/posts"}],"about":[{"href":"https:\/\/noticiasveracruz.com\/index.php\/wp-json\/wp\/v2\/types\/post"}],"author":[{"embeddable":true,"href":"https:\/\/noticiasveracruz.com\/index.php\/wp-json\/wp\/v2\/users\/4"}],"replies":[{"embeddable":true,"href":"https:\/\/noticiasveracruz.com\/index.php\/wp-json\/wp\/v2\/comments?post=17619"}],"version-history":[{"count":0,"href":"https:\/\/noticiasveracruz.com\/index.php\/wp-json\/wp\/v2\/posts\/17619\/revisions"}],"wp:featuredmedia":[{"embeddable":true,"href":"https:\/\/noticiasveracruz.com\/index.php\/wp-json\/wp\/v2\/media\/17620"}],"wp:attachment":[{"href":"https:\/\/noticiasveracruz.com\/index.php\/wp-json\/wp\/v2\/media?parent=17619"}],"wp:term":[{"taxonomy":"category","embeddable":true,"href":"https:\/\/noticiasveracruz.com\/index.php\/wp-json\/wp\/v2\/categories?post=17619"},{"taxonomy":"post_tag","embeddable":true,"href":"https:\/\/noticiasveracruz.com\/index.php\/wp-json\/wp\/v2\/tags?post=17619"}],"curies":[{"name":"wp","href":"https:\/\/api.w.org\/{rel}","templated":true}]}}