{"id":17610,"date":"2023-07-20T12:41:02","date_gmt":"2023-07-20T17:41:02","guid":{"rendered":"https:\/\/noticiasveracruz.com\/?p=17610"},"modified":"2023-07-20T12:59:00","modified_gmt":"2023-07-20T17:59:00","slug":"inegi-crece-4-0-por-ciento-anual-actividad-economica-de-mexico","status":"publish","type":"post","link":"https:\/\/noticiasveracruz.com\/index.php\/2023\/07\/20\/inegi-crece-4-0-por-ciento-anual-actividad-economica-de-mexico\/","title":{"rendered":"Inegi: crece 4.0 por ciento anual la actividad econ\u00f3mica de M\u00e9xico"},"content":{"rendered":"<p>&nbsp;<\/p>\n<p class=\"p1\"><span style=\"font-size: 14pt;\"><em><strong>CIUDAD DE M\u00c9XICO.<\/strong> <\/em><strong>La actividad econ\u00f3mica de M\u00e9xico creci\u00f3 4.0 por ciento anual en junio pasado<\/strong>, impulsada por el sector servicios, estim\u00f3 el Indicador Oportuno de Actividad Econ\u00f3mica (Ioae) del sexto mes de 2023.<\/span><\/p>\n<p class=\"p1\"><span style=\"font-size: 18pt;\"><strong>De acuerdo con cifras que dio a conocer este jueves el Instituto Nacional de Estad\u00edstica y Geograf\u00eda (Inegi), la econom\u00eda mexicana, medido a trav\u00e9s del Ioae, aceler\u00f3 su avance de mayo a junio, al prever un crecimiento de 3.6 y 4.0 por ciento anual, respectivamente, con cifras desestacionalizadas.<\/strong><\/span><\/p>\n<p class=\"p1\"><span style=\"font-size: 14pt;\">El crecimiento estuvo impulsado por el sector servicios, el cual se estim\u00f3 que avanz\u00f3 4.3 por ciento anual en junio, luego de que en su medici\u00f3n previa fue de 4.1 por ciento. La industria report\u00f3 un avance de 2.8 por ciento, tasa similar a la que se registr\u00f3 en mayo.<\/span><\/p>\n<p class=\"p1\"><span style=\"font-size: 18pt;\"><strong>El Ioae, que estima anticipadamente el desempe\u00f1o de la econom\u00eda mexicana antes de la publicaci\u00f3n del Indicador Global de la Actividad Econ\u00f3mica, mejor conocido como IGAE, un referencial del PIB mensual, anticip\u00f3 un crecimiento mensual, de 0.2 por ciento, aunque a una menor velocidad en junio frente al dato de mayo (0.4 por ciento), debido a que anticipa un avance de los servicios 0.2 por ciento mensual en junio y de la industria 0.1 por ciento.<\/strong><\/span><\/p>\n<p class=\"p1\"><span style=\"font-size: 14pt;\">La industria quit\u00f3 el pie del acelerador en junio, pues en mayo se estim\u00f3 un crecimiento de 1.0 por ciento.<\/span><\/p>\n<p class=\"p1\"><span style=\"font-size: 14pt;\">En el primer trimestre de 2023, la econom\u00eda mexicana creci\u00f3 1.0 por ciento trimestral y 3.7 por ciento. El avance positivo del Ioae hace prever que el PIB de M\u00e9xico creci\u00f3 arriba de 1.0 por ciento trimestral.<\/span><\/p>\n<p>&nbsp;<\/p>\n<p>&nbsp;<\/p>\n","protected":false},"excerpt":{"rendered":"<p>&nbsp; CIUDAD DE M\u00c9XICO. La actividad econ\u00f3mica de M\u00e9xico creci\u00f3 4.0 por ciento anual en junio pasado, impulsada por el<\/p>\n","protected":false},"author":4,"featured_media":17611,"comment_status":"closed","ping_status":"closed","sticky":false,"template":"","format":"standard","meta":{"colormag_page_container_layout":"default_layout","colormag_page_sidebar_layout":"default_layout","_jetpack_memberships_contains_paid_content":false,"footnotes":"","jetpack_publicize_message":"","jetpack_publicize_feature_enabled":true,"jetpack_social_post_already_shared":true,"jetpack_social_options":{"image_generator_settings":{"template":"highway","default_image_id":0,"font":"","enabled":false},"version":2}},"categories":[1947],"tags":[1249,2847,2846,31],"class_list":["post-17610","post","type-post","status-publish","format-standard","has-post-thumbnail","hentry","category-economia","tag-economia","tag-inagei","tag-ioae","tag-mexico"],"jetpack_publicize_connections":[],"jetpack_featured_media_url":"https:\/\/noticiasveracruz.com\/wp-content\/uploads\/2023\/07\/P-MEXICO-ECONOMIA.png","jetpack_sharing_enabled":true,"publishpress_future_action":{"enabled":false,"date":"2026-05-08 04:36:58","action":"change-status","newStatus":"draft","terms":[],"taxonomy":"category","extraData":[]},"publishpress_future_workflow_manual_trigger":{"enabledWorkflows":[]},"_links":{"self":[{"href":"https:\/\/noticiasveracruz.com\/index.php\/wp-json\/wp\/v2\/posts\/17610","targetHints":{"allow":["GET"]}}],"collection":[{"href":"https:\/\/noticiasveracruz.com\/index.php\/wp-json\/wp\/v2\/posts"}],"about":[{"href":"https:\/\/noticiasveracruz.com\/index.php\/wp-json\/wp\/v2\/types\/post"}],"author":[{"embeddable":true,"href":"https:\/\/noticiasveracruz.com\/index.php\/wp-json\/wp\/v2\/users\/4"}],"replies":[{"embeddable":true,"href":"https:\/\/noticiasveracruz.com\/index.php\/wp-json\/wp\/v2\/comments?post=17610"}],"version-history":[{"count":0,"href":"https:\/\/noticiasveracruz.com\/index.php\/wp-json\/wp\/v2\/posts\/17610\/revisions"}],"wp:featuredmedia":[{"embeddable":true,"href":"https:\/\/noticiasveracruz.com\/index.php\/wp-json\/wp\/v2\/media\/17611"}],"wp:attachment":[{"href":"https:\/\/noticiasveracruz.com\/index.php\/wp-json\/wp\/v2\/media?parent=17610"}],"wp:term":[{"taxonomy":"category","embeddable":true,"href":"https:\/\/noticiasveracruz.com\/index.php\/wp-json\/wp\/v2\/categories?post=17610"},{"taxonomy":"post_tag","embeddable":true,"href":"https:\/\/noticiasveracruz.com\/index.php\/wp-json\/wp\/v2\/tags?post=17610"}],"curies":[{"name":"wp","href":"https:\/\/api.w.org\/{rel}","templated":true}]}}