{"id":17500,"date":"2023-07-17T01:45:18","date_gmt":"2023-07-17T06:45:18","guid":{"rendered":"https:\/\/noticiasveracruz.com\/?p=17500"},"modified":"2023-07-17T01:45:18","modified_gmt":"2023-07-17T06:45:18","slug":"un-ine-bajo-pedido-una-ley-sin-ley-y-persecucion-sin-fin","status":"publish","type":"post","link":"https:\/\/noticiasveracruz.com\/index.php\/2023\/07\/17\/un-ine-bajo-pedido-una-ley-sin-ley-y-persecucion-sin-fin\/","title":{"rendered":"Un INE bajo pedido, una ley sin ley y persecuci\u00f3n sin fin"},"content":{"rendered":"<p class=\"p1\">\n<p>&nbsp;<\/p>\n<p class=\"p1\"><span style=\"font-size: 18pt;\"><strong>Por Jos\u00e9 Ure\u00f1a<\/strong><\/span><\/p>\n<p class=\"p1\"><span style=\"font-size: 14pt;\">No fue necesario reformar la Constituci\u00f3n. Tampoco desaparecerlo. Bast\u00f3 encender la maquinaria oficial en el Poder Legislativo y designar consejeros afines para tener un aparato electoral al gusto del Gobierno y sobre todo a satisfacci\u00f3n del se\u00f1or Presidente.<\/span><\/p>\n<p class=\"p1\"><span style=\"font-size: 14pt;\">Hoy esos consejeros, al mando de la filo morenista Guadalupe Taddei, son consecuentes con los dictados del jefe m\u00e1ximo y dan plena libertad a las corcholatas.<\/span><\/p>\n<p class=\"p1\"><span style=\"font-size: 14pt;\">Ellas pueden hacer cuanto quieran: simular anuncios, montar espectaculares con recursos oscuros -oficiales y no-, acarrear a m\u00edtines aunque no les paguen a los acarreados, hacer actos en plazas p\u00fablicas, convocar a funcionarios federales y locales todo el d\u00eda y a toda hora, lanzar infundios contra la oposici\u00f3n, proponer cuanto quieran\u2026<\/span><\/p>\n<p class=\"p1\"><span style=\"font-size: 14pt;\">Cuentan con el INE de Guadalupe Taddei.<\/span><\/p>\n<p class=\"p1\"><span style=\"font-size: 14pt;\">Ya no est\u00e1n los estorbosos Lorenzo C\u00f3rdova y Ciro Murayama, para quienes contra el mandato presidencial \u201cla ley es la ley\u201d y a ella deb\u00edan someterse todos, oficialistas, morenistas, lopezobradoristas y opositores.<\/span><\/p>\n<p class=\"p1\"><span style=\"font-size: 14pt;\">Eso se acab\u00f3 y as\u00ed vamos a las elecciones del 2024.<\/span><\/p>\n<p>&nbsp;<\/p>\n<p class=\"p1\"><span style=\"font-size: 18pt; color: #e42d33;\"><strong>EL PODER DEL ESTADO<\/strong><\/span><\/p>\n<p class=\"p1\"><span style=\"font-size: 14pt;\">Pero hay fantasmas. Lo dice un alto funcionario del Gobierno y por supuesto morenista:<\/span><\/p>\n<p class=\"p1\"><span style=\"font-size: 14pt;\">-Es incre\u00edble. Nosotros comenzamos la campa\u00f1a hace dos a\u00f1os y en menos de mes y medio la alianza PAN, PRI, PRD est\u00e1 en la certidumbre, en el mando medi\u00e1tico y nosotros no\u2026<\/span><\/p>\n<p class=\"p1\"><span style=\"font-size: 14pt;\">Se refiere, claro a la aparici\u00f3n de X\u00f3chitl G\u00e1lvez como segura triunfadora en Frente Amplio por M\u00e9xico, mientras las corcholatas se enredan porque el dedazo presidencial no ha definido.<\/span><\/p>\n<p class=\"p1\"><span style=\"font-size: 14pt;\">Ha surgido con el vigor suficiente para concentrar las cr\u00edticas de Palacio Nacional y con ellas movilizar a todo el aparato de Estado, incluidas las agencias de investigaci\u00f3n (SAT, Hacienda, UIF, FGR), para destruirla.<\/span><\/p>\n<p class=\"p1\"><span style=\"font-size: 14pt;\">Esta m\u00e1quina no parar\u00e1.<\/span><\/p>\n<p class=\"p1\"><span style=\"font-size: 14pt;\">Por el contrario, las cr\u00edticas y las persecuciones contra X\u00f3chitl G\u00e1lvez aumentar\u00e1n conforme avancen las campa\u00f1as y se acerquen las votaciones de junio pr\u00f3ximo.<\/span><\/p>\n<p class=\"p1\"><span style=\"font-size: 14pt;\">Asunto f\u00e1cil porque el INE va en la t\u00f3nica de \u201cno me vengan con que la ley es la ley\u201d.<\/span><\/p>\n<p class=\"p1\"><span style=\"font-size: 14pt;\">Y porque en lugar de prohibir m\u00edtines de gran magnitud para todas las corcholatas, deja en recomendaci\u00f3n de preferentemente realizar actos en espacios cerrados, partidistas y con militantes y simpatizantes.<\/span><\/p>\n<p>&nbsp;<\/p>\n<p class=\"p1\"><span style=\"font-size: 18pt; color: #e42d33;\"><strong>ELIMINACI\u00d3N POSIBLE<\/strong><\/span><\/p>\n<p class=\"p1\"><span style=\"font-size: 14pt;\">Estos datos llevan a una tentaci\u00f3n. En ese af\u00e1n de congraciarse con Andr\u00e9s Manuel L\u00f3pez Obrador, \u00bfacaso el INE de Guadalupe Taddei no cumpli\u00f3 una orden presidencial al ordenarle dejar de criticar a X\u00f3chitl G\u00e1lvez la semana pasada?<\/span><\/p>\n<p class=\"p1\"><span style=\"font-size: 14pt;\">Porque hay un hecho evidente: la negativa de r\u00e9plica -derecho constitucional- y las cr\u00edticas cotidianas sacaron de control del Ejecutivo el proceso corcholatero por el crecimiento del Frente Amplio por M\u00e9xico y la popularidad de X\u00f3chitl.<\/span><\/p>\n<p class=\"p1\"><span style=\"font-size: 14pt;\">Lo corroboraremos si extempor\u00e1neamente el INE de Taddei y el Tribunal Electoral de Reyes Rodr\u00edguez Mondrag\u00f3n inhabilitan a los aspirantes presidenciales y los descalifican a todos por actos anticipados de campa\u00f1a.<\/span><\/p>\n<p class=\"p1\"><span style=\"font-size: 14pt;\">Hacia medio septiembre tendr\u00edamos nuevos contendientes en ambos frentes, pero sin la estorbosa X\u00f3chitl G\u00e1lvez, porque ser\u00eda la manera jur\u00eddica de sacarla de la competencia.<\/span><\/p>\n<p class=\"p1\"><span style=\"font-size: 14pt;\">La otra forma de eliminaci\u00f3n no quisiera ni pensarla.<\/span><\/p>\n<p>&nbsp;<\/p>\n<hr \/>\n<p>&nbsp;<\/p>\n<p><img loading=\"lazy\" decoding=\"async\" class=\"aligncenter wp-image-11449 size-large\" src=\"http:\/\/noticiasveracruz.com\/wp-content\/uploads\/2023\/01\/FIRMA-EDITORIAL-NV-1024x125.png\" alt=\"\" width=\"800\" height=\"98\" srcset=\"https:\/\/noticiasveracruz.com\/wp-content\/uploads\/2023\/01\/FIRMA-EDITORIAL-NV-1024x125.png 1024w, https:\/\/noticiasveracruz.com\/wp-content\/uploads\/2023\/01\/FIRMA-EDITORIAL-NV-300x37.png 300w, https:\/\/noticiasveracruz.com\/wp-content\/uploads\/2023\/01\/FIRMA-EDITORIAL-NV-768x94.png 768w, https:\/\/noticiasveracruz.com\/wp-content\/uploads\/2023\/01\/FIRMA-EDITORIAL-NV-1536x188.png 1536w, https:\/\/noticiasveracruz.com\/wp-content\/uploads\/2023\/01\/FIRMA-EDITORIAL-NV-2048x250.png 2048w\" sizes=\"auto, (max-width: 800px) 100vw, 800px\" \/><\/p>\n<p>&nbsp;<\/p>\n<p>&nbsp;<\/p>\n<p>&nbsp;<\/p>\n<p>&nbsp;<\/p>\n","protected":false},"excerpt":{"rendered":"<p>&nbsp; Por Jos\u00e9 Ure\u00f1a No fue necesario reformar la Constituci\u00f3n. Tampoco desaparecerlo. Bast\u00f3 encender la maquinaria oficial en el Poder<\/p>\n","protected":false},"author":4,"featured_media":3258,"comment_status":"closed","ping_status":"closed","sticky":false,"template":"","format":"standard","meta":{"colormag_page_container_layout":"default_layout","colormag_page_sidebar_layout":"default_layout","_jetpack_memberships_contains_paid_content":false,"footnotes":"","jetpack_publicize_message":"","jetpack_publicize_feature_enabled":true,"jetpack_social_post_already_shared":true,"jetpack_social_options":{"image_generator_settings":{"template":"highway","default_image_id":0,"font":"","enabled":false},"version":2}},"categories":[6],"tags":[],"class_list":["post-17500","post","type-post","status-publish","format-standard","has-post-thumbnail","hentry","category-columnistas"],"jetpack_publicize_connections":[],"jetpack_featured_media_url":"https:\/\/noticiasveracruz.com\/wp-content\/uploads\/2022\/04\/JOSE\u0301-UREN\u0303A.png","jetpack_sharing_enabled":true,"publishpress_future_action":{"enabled":false,"date":"2026-05-08 03:37:41","action":"change-status","newStatus":"draft","terms":[],"taxonomy":"category","extraData":[]},"publishpress_future_workflow_manual_trigger":{"enabledWorkflows":[]},"_links":{"self":[{"href":"https:\/\/noticiasveracruz.com\/index.php\/wp-json\/wp\/v2\/posts\/17500","targetHints":{"allow":["GET"]}}],"collection":[{"href":"https:\/\/noticiasveracruz.com\/index.php\/wp-json\/wp\/v2\/posts"}],"about":[{"href":"https:\/\/noticiasveracruz.com\/index.php\/wp-json\/wp\/v2\/types\/post"}],"author":[{"embeddable":true,"href":"https:\/\/noticiasveracruz.com\/index.php\/wp-json\/wp\/v2\/users\/4"}],"replies":[{"embeddable":true,"href":"https:\/\/noticiasveracruz.com\/index.php\/wp-json\/wp\/v2\/comments?post=17500"}],"version-history":[{"count":0,"href":"https:\/\/noticiasveracruz.com\/index.php\/wp-json\/wp\/v2\/posts\/17500\/revisions"}],"wp:featuredmedia":[{"embeddable":true,"href":"https:\/\/noticiasveracruz.com\/index.php\/wp-json\/wp\/v2\/media\/3258"}],"wp:attachment":[{"href":"https:\/\/noticiasveracruz.com\/index.php\/wp-json\/wp\/v2\/media?parent=17500"}],"wp:term":[{"taxonomy":"category","embeddable":true,"href":"https:\/\/noticiasveracruz.com\/index.php\/wp-json\/wp\/v2\/categories?post=17500"},{"taxonomy":"post_tag","embeddable":true,"href":"https:\/\/noticiasveracruz.com\/index.php\/wp-json\/wp\/v2\/tags?post=17500"}],"curies":[{"name":"wp","href":"https:\/\/api.w.org\/{rel}","templated":true}]}}