{"id":17498,"date":"2023-07-17T01:41:13","date_gmt":"2023-07-17T06:41:13","guid":{"rendered":"https:\/\/noticiasveracruz.com\/?p=17498"},"modified":"2023-07-17T01:41:13","modified_gmt":"2023-07-17T06:41:13","slug":"senalar-actos-corruptivo-o-corruptores-es-lenguaje-de-odio","status":"publish","type":"post","link":"https:\/\/noticiasveracruz.com\/index.php\/2023\/07\/17\/senalar-actos-corruptivo-o-corruptores-es-lenguaje-de-odio\/","title":{"rendered":"Se\u00f1alar actos corruptivo o corruptores es lenguaje de odio"},"content":{"rendered":"<p class=\"p1\">\n<p>&nbsp;<\/p>\n<p class=\"p1\"><span style=\"font-size: 18pt;\"><b>Por Jos\u00e9 Lima Cobos <\/b><\/span><\/p>\n<p class=\"p1\"><span style=\"font-size: 14pt;\">Los se\u00f1alamientos que el Presidente de la Rep\u00fablica, Andr\u00e9s Manuel L\u00f3pez Obrador hace mediante un lenguaje claro y preciso de actos de corrupci\u00f3n \u2014que ya est\u00e1 tipificado como delito grave en la Constituci\u00f3n\u2014 constituyen una expresi\u00f3n de odio y molestia a quienes, durante tanto tiempo se utiliz\u00f3 como el sistema m\u00e1s eficiente para lubricar el sistema pol\u00edtico imperante de manera que los beneficiarios de los grandes atracos y saqueos a la naci\u00f3n, era la vida de la normalidad, tan es as\u00ed, que<span class=\"Apple-converted-space\">\u00a0 <\/span>los<span class=\"Apple-converted-space\">\u00a0 <\/span>ministros de la Suprema Corte de Justicia, otrora togados de alto coturno, ni se<span class=\"Apple-converted-space\">\u00a0 <\/span>inmutan y la practican con argumentos rid\u00edculos y pueriles, igual o similares al grupo de Claudio X. Gonz\u00e1lez.<\/span><\/p>\n<p class=\"p1\"><span style=\"font-size: 18pt;\"><strong>Ya todo lo que hoy se restriega en la jeta de los grandes atracadores y saqueadores de la naci\u00f3n \u2014se sab\u00eda, solo que se manejaba de forma discreta, para que no se pusiera en entredicho su \u201chonestidad y prestigio\u201d, aunque el dedo flam\u00edgero se dejaba sentir por doquier, tan es as\u00ed, el caso de Miguel Alem\u00e1n Vald\u00e9s\u2014 inicio de la etapa corruptiva<span class=\"Apple-converted-space\">\u00a0 <\/span>del pa\u00eds y que en vida expres\u00f3, seg\u00fan afirmaba el gobernador L\u00f3pez Arias, que hab\u00eda recomendado que no quer\u00eda que no se abriera la p\u00e1gina de su historia y, tan as\u00ed lo fue, que cuando Alem\u00e1n \u2014el peque\u00f1o\u2014 quiso ser diputado federal all\u00e1 por el a\u00f1o 67 por el distrito de Acayucan \u2014hegemon\u00eda alemanista\u2014 no se hizo, sino hasta la \u00e9poca de Zedillo que logr\u00f3 ser senador y gobernador de Veracruz, pero su padre ya no exist\u00eda.<\/strong><\/span><\/p>\n<p class=\"p1\"><span style=\"font-size: 14pt;\">No hay duda, que como dice el refr\u00e1n o el dicho que el que de ajeno se viste en la calle lo desnudan o cualquiera les saca sus trapitos al sol, por eso, en este gobierno de transformaci\u00f3n profunda, el presidente L\u00f3pez Obrador, sin duda alguna utiliza, con firmeza pues se\u00f1ala el grado de corrupci\u00f3n que imper\u00f3 en el pasado \u2014aunque a\u00fan no se extirpa del todo\u2014 ha sido el causante \u00fanico de la criminalidad y la violencia, pues al dejarse en manos de la corrupci\u00f3n los bienes de la naci\u00f3n y al entregarse a particulares voraces e insaciables los bienes p\u00fablicos, la sociedad sufri\u00f3 las consecuencias que, no es tarea f\u00e1cil de erradicar y m\u00e1s cuando de un millonario que exist\u00eda en el pasado, \u2014todo un orgullo para Garza Sada, por su trabajo\u2014 hoy son muchos los que tiene trancada la econom\u00eda del pa\u00eds en pocas manos y la molestia de distribuirla, da\u00f1a, gravemente, los intereses de quienes son enfermos de abundancia, es decir, las complicaciones para adquirir medicamentos, c\u00e1rceles, hospitales, concesiones de todo g\u00e9nero, no tuvo l\u00edmites y en eso radica todo el nivel de corrupci\u00f3n que repercute en la sociedad.<\/span><\/p>\n<p class=\"p1\"><span style=\"font-size: 14pt;\">La molestia es normal ante tantos c\u00ednicos y desvergonzados heridos de muerte y que se hable con un lenguaje claro<span class=\"Apple-converted-space\">\u00a0 <\/span>que es<span class=\"Apple-converted-space\">\u00a0 <\/span>lo<span class=\"Apple-converted-space\">\u00a0 <\/span>que se califica<span class=\"Apple-converted-space\">\u00a0 <\/span>de odio y de polarizar al<span class=\"Apple-converted-space\">\u00a0 <\/span>pa\u00eds, pues los medios de comunicaci\u00f3n que viv\u00edan de la placenta gubernamental, \u2014lo que ahora se ha reducido\u2014 ahora se nutren con los recursos acumulados, su<span class=\"Apple-converted-space\">\u00a0 <\/span>nutrici\u00f3n es otra y eso les permite el lenguaje soez y de odio contra el<span class=\"Apple-converted-space\">\u00a0 <\/span>presidente, y tan es as\u00ed, que si se investiga a todos los involucrados y las grandes malversaciones, el asombro ser\u00eda may\u00fasculo, pues es evidente la jurisprudencia de la Corte, propuesta por el exministro Medina Mora \u2014acusado de hacer transferencias sospechosas <span class=\"Apple-converted-space\">\u00a0 <\/span>cuando estuvo en Inglaterra y Estrados Unidos de embajador de Pe\u00f1a Nieto, y que antes hab\u00eda estado en la Polic\u00eda Judicial Federal y en la procuradur\u00eda y tiene pendiente la violaci\u00f3n de onces mujeres en Atenco\u2014 en la que precia que el gobierno mexicano no puede solicitar la congelaci\u00f3n de cuentas de los delincuentes, si no est\u00e1 de por medio una solicitud<span class=\"Apple-converted-space\">\u00a0 <\/span>de un gobierno extranjero esto traiciona al pa\u00eds al exigirle al Estado mexicano que pida autorizaci\u00f3n para combatir la criminalidad que se arropa en el dinero malhabido.<\/span><\/p>\n<p class=\"p1\"><span style=\"font-size: 18pt;\"><strong>Por si lo anterior fuera poco la descongelaci\u00f3n de cuentas de la esposa de Genaro Garc\u00eda, se\u00f1alado culpable de narcotr\u00e1fico en el gobierno de Estados Unidos o bien Garc\u00eda Cabeza de Vaca que aspira a la presidencia, pero desde el exilio porque aqu\u00ed el ministro de la Corte, Jos\u00e9 Luis Gonz\u00e1lez, ech\u00f3 bajo una orden de aprehensi\u00f3n, pese a que hab\u00eda sido desaforado por los diputados para que respondiera por sus cr\u00edmenes y ahora se siente perseguido pol\u00edtico, actos de corrupci\u00f3n evidentes que se quedan sin castigo porque<span class=\"Apple-converted-space\">\u00a0 <\/span>los ministros \u2014que son once\u2014 violentan, de manera descarnada y descarada, la constituci\u00f3n pol\u00edtica que juraron cumplir y hacer cumplir.<\/strong><\/span><\/p>\n<p class=\"p1\"><span style=\"font-size: 18pt;\"><strong>Si con los anteriores casos relevantes de los ministros de la Corte no pasa nada, no tenemos porque espantarnos que acontezca los actos violentos que es causa de lo causado, los de arriba roban y violan las leyes, abajo se copia, de manea que \u201cladr\u00f3n que roba a ladr\u00f3n\u201d de Dios alcanza el perd\u00f3n, as\u00ed es que, no es de resignarse, sino que el presidente siga abriendo la caja de Pandora para que toda la misma que es mucha, salga a flote, ante que nos sepulte a todos.<\/strong><\/span><\/p>\n<p class=\"p1\"><span style=\"font-size: 14pt;\">Hay razones suficiente para que el presidente arrecie su lenguaje contra la corrupci\u00f3n, en la que ha estado inmerso el pa\u00eds, pues las palabras son hacen mucha mella en los bandidos, sin embargo, el pueblo para oreja y as\u00ed alcanzar\u00e1 su libertad que se debe reflejar en el voto que es \u00fanica arma para que la violencia se sepulte, porque la violencia como la preconizan los adversarios de balazos y no abrazos que es represi\u00f3n del Estado a nada conduce.<\/span><\/p>\n<p>&nbsp;<\/p>\n<hr \/>\n<p>&nbsp;<\/p>\n<p><span style=\"font-size: 18pt;\"><strong>Correo:<a href=\"mailto:limacobos@hotmail.com\"> limacobos@hotmail.com<\/a><\/strong><\/span><\/p>\n<p><span style=\"font-size: 18pt;\"><strong>Twitter: <a href=\"https:\/\/twitter.com\/limacobos1\">@limacobos1<\/a><\/strong><\/span><\/p>\n<p>&nbsp;<\/p>\n<p><img loading=\"lazy\" decoding=\"async\" class=\"aligncenter wp-image-11449 size-large\" src=\"http:\/\/noticiasveracruz.com\/wp-content\/uploads\/2023\/01\/FIRMA-EDITORIAL-NV-1024x125.png\" alt=\"\" width=\"800\" height=\"98\" srcset=\"https:\/\/noticiasveracruz.com\/wp-content\/uploads\/2023\/01\/FIRMA-EDITORIAL-NV-1024x125.png 1024w, https:\/\/noticiasveracruz.com\/wp-content\/uploads\/2023\/01\/FIRMA-EDITORIAL-NV-300x37.png 300w, https:\/\/noticiasveracruz.com\/wp-content\/uploads\/2023\/01\/FIRMA-EDITORIAL-NV-768x94.png 768w, https:\/\/noticiasveracruz.com\/wp-content\/uploads\/2023\/01\/FIRMA-EDITORIAL-NV-1536x188.png 1536w, https:\/\/noticiasveracruz.com\/wp-content\/uploads\/2023\/01\/FIRMA-EDITORIAL-NV-2048x250.png 2048w\" sizes=\"auto, (max-width: 800px) 100vw, 800px\" \/><\/p>\n<p>&nbsp;<\/p>\n<p>&nbsp;<\/p>\n<p>&nbsp;<\/p>\n<p>&nbsp;<\/p>\n","protected":false},"excerpt":{"rendered":"<p>&nbsp; Por Jos\u00e9 Lima Cobos Los se\u00f1alamientos que el Presidente de la Rep\u00fablica, Andr\u00e9s Manuel L\u00f3pez Obrador hace mediante un<\/p>\n","protected":false},"author":4,"featured_media":3425,"comment_status":"closed","ping_status":"closed","sticky":false,"template":"","format":"standard","meta":{"colormag_page_container_layout":"default_layout","colormag_page_sidebar_layout":"default_layout","_jetpack_memberships_contains_paid_content":false,"footnotes":"","jetpack_publicize_message":"","jetpack_publicize_feature_enabled":true,"jetpack_social_post_already_shared":true,"jetpack_social_options":{"image_generator_settings":{"template":"highway","default_image_id":0,"font":"","enabled":false},"version":2}},"categories":[6],"tags":[],"class_list":["post-17498","post","type-post","status-publish","format-standard","has-post-thumbnail","hentry","category-columnistas"],"jetpack_publicize_connections":[],"jetpack_featured_media_url":"https:\/\/noticiasveracruz.com\/wp-content\/uploads\/2022\/04\/NV-JOSE\u0301-LUIS-COBOS.png","jetpack_sharing_enabled":true,"publishpress_future_action":{"enabled":false,"date":"2026-05-08 04:28:28","action":"change-status","newStatus":"draft","terms":[],"taxonomy":"category","extraData":[]},"publishpress_future_workflow_manual_trigger":{"enabledWorkflows":[]},"_links":{"self":[{"href":"https:\/\/noticiasveracruz.com\/index.php\/wp-json\/wp\/v2\/posts\/17498","targetHints":{"allow":["GET"]}}],"collection":[{"href":"https:\/\/noticiasveracruz.com\/index.php\/wp-json\/wp\/v2\/posts"}],"about":[{"href":"https:\/\/noticiasveracruz.com\/index.php\/wp-json\/wp\/v2\/types\/post"}],"author":[{"embeddable":true,"href":"https:\/\/noticiasveracruz.com\/index.php\/wp-json\/wp\/v2\/users\/4"}],"replies":[{"embeddable":true,"href":"https:\/\/noticiasveracruz.com\/index.php\/wp-json\/wp\/v2\/comments?post=17498"}],"version-history":[{"count":0,"href":"https:\/\/noticiasveracruz.com\/index.php\/wp-json\/wp\/v2\/posts\/17498\/revisions"}],"wp:featuredmedia":[{"embeddable":true,"href":"https:\/\/noticiasveracruz.com\/index.php\/wp-json\/wp\/v2\/media\/3425"}],"wp:attachment":[{"href":"https:\/\/noticiasveracruz.com\/index.php\/wp-json\/wp\/v2\/media?parent=17498"}],"wp:term":[{"taxonomy":"category","embeddable":true,"href":"https:\/\/noticiasveracruz.com\/index.php\/wp-json\/wp\/v2\/categories?post=17498"},{"taxonomy":"post_tag","embeddable":true,"href":"https:\/\/noticiasveracruz.com\/index.php\/wp-json\/wp\/v2\/tags?post=17498"}],"curies":[{"name":"wp","href":"https:\/\/api.w.org\/{rel}","templated":true}]}}