{"id":17486,"date":"2023-07-15T12:33:13","date_gmt":"2023-07-15T17:33:13","guid":{"rendered":"https:\/\/noticiasveracruz.com\/?p=17486"},"modified":"2023-07-15T12:34:15","modified_gmt":"2023-07-15T17:34:15","slug":"embajador-esteban-moctezuma-estadounidenses-trafican-85-del-fentanilo","status":"publish","type":"post","link":"https:\/\/noticiasveracruz.com\/index.php\/2023\/07\/15\/embajador-esteban-moctezuma-estadounidenses-trafican-85-del-fentanilo\/","title":{"rendered":"Embajador Esteban Moctezuma: estadounidenses trafican 85% del fentanilo"},"content":{"rendered":"<p>&nbsp;<\/p>\n<p class=\"p1\"><span style=\"font-size: 14pt;\"><em><strong>CIUDAD DE M\u00c9XICO.<\/strong> <\/em>El embajador de M\u00e9xico en Estados Unidos, <strong>Esteban Moctezuma<\/strong> y el embajador estadounidense en nuestro pa\u00eds,<strong> Ken Salazar<\/strong>, se reunieron con senadores del vecino pa\u00eds del norte para dialogar acerca de las medidas necesarias para <strong>combatir el tr\u00e1fico de fentanilo.<\/strong><\/span><\/p>\n<p class=\"p1\"><span style=\"font-size: 18pt;\"><strong>Esteban Moctezuma plante\u00f3 que 85 por ciento del tr\u00e1fico de esa sustancia en el territorio estadounidense lo hacen ciudadanos de esa naci\u00f3n.<\/strong><\/span><\/p>\n<p class=\"p1\"><span style=\"font-size: 14pt;\">El enviado de Palacio Nacional dijo en las redes sociales que, junto con Salazar, sostuvo reuniones con senadores, entre dem\u00f3cratas, republicanos e independientes, con quienes:<\/span><\/p>\n<p>&nbsp;<\/p>\n<blockquote>\n<p class=\"p1\"><span style=\"font-size: 14pt;\">Analizamos medidas para combatir el tr\u00e1fico de fentanilo y fortalecer la colaboraci\u00f3n en temas migratorios. Agradec\u00ed su disposici\u00f3n al di\u00e1logo y reconoc\u00ed sus esfuerzos para comenzar el control del tr\u00e1fico de armas\u201d<\/span><\/p>\n<\/blockquote>\n<p>&nbsp;<\/p>\n<p class=\"p1\"><span style=\"font-size: 18pt;\"><strong>Moctezuma y Salazar tambi\u00e9n estuvieron en el Wilson Center. Ah\u00ed, el embajador mexicano asegur\u00f3 que los contrabandistas de 85 por ciento del fentanilo incautado en la frontera entre M\u00e9xico y Estados Unidos \u201cno son los migrantes\u201d, sino estadounidenses.<\/strong><\/span><\/p>\n<p>&nbsp;<\/p>\n<p class=\"p1\"><span style=\"font-size: 18pt; color: #e42d33;\"><strong>COMBATE AL TR\u00c1FICO<\/strong><\/span><\/p>\n<p class=\"p1\"><span style=\"font-size: 18pt;\"><strong>Esteban Moctezuma agreg\u00f3 que \u201ccombatir el tr\u00e1fico de fentanilo no es tema de intercambiar culpas, sino de cooperaci\u00f3n. Por ello M\u00e9xico y Estados Unidos emprendimos acciones conjuntas, como mayor control de precursores e inteligencia financiera, lo que dio como resultado el incremento en 300 por ciento de los decomisos\u201d.<\/strong><\/span><\/p>\n<p class=\"p1\"><span style=\"font-size: 14pt;\">Esteban Moctezuma se\u00f1al\u00f3 que M\u00e9xico \u201cest\u00e1 trabajando de manera muy firme\u201d contra la producci\u00f3n de fentanilo y la llegada de precursores.<\/span><\/p>\n<p class=\"p1\"><span style=\"font-size: 14pt;\">Se\u00f1al\u00f3 que los pasos terrestres han quedado en control del Ej\u00e9rcito y los puertos bajo el de la Marina y se han destruido \u201calrededor de mil 60 laboratorios clandestinos\u201d de fabricaci\u00f3n de la droga. \u201cIndependientemente de qui\u00e9n lo produzca, el compromiso es de luchar contra \u00e9l\u201d.<\/span><\/p>\n<p>&nbsp;<\/p>\n<p>&nbsp;<\/p>\n","protected":false},"excerpt":{"rendered":"<p>&nbsp; CIUDAD DE M\u00c9XICO. El embajador de M\u00e9xico en Estados Unidos, Esteban Moctezuma y el embajador estadounidense en nuestro pa\u00eds,<\/p>\n","protected":false},"author":4,"featured_media":17487,"comment_status":"closed","ping_status":"closed","sticky":false,"template":"","format":"standard","meta":{"colormag_page_container_layout":"default_layout","colormag_page_sidebar_layout":"default_layout","_jetpack_memberships_contains_paid_content":false,"footnotes":"","jetpack_publicize_message":"","jetpack_publicize_feature_enabled":true,"jetpack_social_post_already_shared":true,"jetpack_social_options":{"image_generator_settings":{"template":"highway","default_image_id":0,"font":"","enabled":false},"version":2}},"categories":[4],"tags":[2827,1537,31],"class_list":["post-17486","post","type-post","status-publish","format-standard","has-post-thumbnail","hentry","category-nacional","tag-estaban-moctezuma","tag-fentanilo","tag-mexico"],"jetpack_publicize_connections":[],"jetpack_featured_media_url":"https:\/\/noticiasveracruz.com\/wp-content\/uploads\/2023\/07\/P-MOCTEZUMA-FENTANILO.png","jetpack_sharing_enabled":true,"publishpress_future_action":{"enabled":false,"date":"2026-05-08 00:36:28","action":"change-status","newStatus":"draft","terms":[],"taxonomy":"category","extraData":[]},"publishpress_future_workflow_manual_trigger":{"enabledWorkflows":[]},"_links":{"self":[{"href":"https:\/\/noticiasveracruz.com\/index.php\/wp-json\/wp\/v2\/posts\/17486","targetHints":{"allow":["GET"]}}],"collection":[{"href":"https:\/\/noticiasveracruz.com\/index.php\/wp-json\/wp\/v2\/posts"}],"about":[{"href":"https:\/\/noticiasveracruz.com\/index.php\/wp-json\/wp\/v2\/types\/post"}],"author":[{"embeddable":true,"href":"https:\/\/noticiasveracruz.com\/index.php\/wp-json\/wp\/v2\/users\/4"}],"replies":[{"embeddable":true,"href":"https:\/\/noticiasveracruz.com\/index.php\/wp-json\/wp\/v2\/comments?post=17486"}],"version-history":[{"count":0,"href":"https:\/\/noticiasveracruz.com\/index.php\/wp-json\/wp\/v2\/posts\/17486\/revisions"}],"wp:featuredmedia":[{"embeddable":true,"href":"https:\/\/noticiasveracruz.com\/index.php\/wp-json\/wp\/v2\/media\/17487"}],"wp:attachment":[{"href":"https:\/\/noticiasveracruz.com\/index.php\/wp-json\/wp\/v2\/media?parent=17486"}],"wp:term":[{"taxonomy":"category","embeddable":true,"href":"https:\/\/noticiasveracruz.com\/index.php\/wp-json\/wp\/v2\/categories?post=17486"},{"taxonomy":"post_tag","embeddable":true,"href":"https:\/\/noticiasveracruz.com\/index.php\/wp-json\/wp\/v2\/tags?post=17486"}],"curies":[{"name":"wp","href":"https:\/\/api.w.org\/{rel}","templated":true}]}}