{"id":17468,"date":"2023-07-14T23:00:08","date_gmt":"2023-07-15T04:00:08","guid":{"rendered":"https:\/\/noticiasveracruz.com\/?p=17468"},"modified":"2023-07-15T10:40:01","modified_gmt":"2023-07-15T15:40:01","slug":"dif-estatal-de-veracruz-con-el-programa-de-desarrollo-a-la-vivienda-entrega-apoyos-a-15-municipios-en-tuxpan","status":"publish","type":"post","link":"https:\/\/noticiasveracruz.com\/index.php\/2023\/07\/14\/dif-estatal-de-veracruz-con-el-programa-de-desarrollo-a-la-vivienda-entrega-apoyos-a-15-municipios-en-tuxpan\/","title":{"rendered":"DIF estatal de Veracruz con el \u201cPrograma de Desarrollo a la Vivienda\u201d entrega apoyos a 15 municipios en Tuxpan"},"content":{"rendered":"<p>&nbsp;<\/p>\n<p class=\"p1\"><span style=\"font-size: 14pt;\"><em><strong>TUXPAN, VERACRUZ.<\/strong> <\/em><strong>El DIF estatal de Veracruz<\/strong> hizo entrega de apoyos del <strong>\u201cPrograma de Desarrollo a la Vivienda y la Comunidad 2023\u201d<\/strong> a beneficiarios y representantes de sistemas DIF de <strong>15 municipios de la zona norte de la entidad<\/strong>.\u00a0<\/span><\/p>\n<p class=\"p1\"><span style=\"font-size: 18pt;\"><strong>Encabezaron esta entrega la directora general del Sistema DIF estatal de Veracruz, Rebeca Quintanar Barcel\u00f3; presidenta del DIF Tuxpan, Pamela Morales Huesca; directora de Atenci\u00f3n a la Poblaci\u00f3n Vulnerable del DIF Estatal, Nytzia Aracely Guerrero Barrera.<\/strong><\/span><\/p>\n<p>&nbsp;<\/p>\n<p><img loading=\"lazy\" decoding=\"async\" class=\"aligncenter wp-image-22283 size-large\" src=\"https:\/\/politicosaldesnudo.com.mx\/wp-content\/uploads\/2023\/07\/P-DIF-TUXPAN-APOYOS-6-1024x573.png\" alt=\"\" width=\"800\" height=\"448\" \/><\/p>\n<p>&nbsp;<\/p>\n<p class=\"p1\"><span style=\"font-size: 18pt;\"><strong>Se entregaron refrigeradores, estufas ecol\u00f3gicas, tinacos y paquetes de l\u00e1minas para techos, que favorecer\u00e1n a familias en condiciones de vulnerabilidad.<\/strong><\/span><\/p>\n<p>&nbsp;<\/p>\n<p><img loading=\"lazy\" decoding=\"async\" class=\"aligncenter wp-image-22286 size-large\" src=\"https:\/\/politicosaldesnudo.com.mx\/wp-content\/uploads\/2023\/07\/P-DIF-TUXPAN-APOYOS-9-1024x573.png\" alt=\"\" width=\"800\" height=\"448\" \/><\/p>\n<p>&nbsp;<\/p>\n<p class=\"p1\"><span style=\"font-size: 18pt;\"><strong>A nombre del alcalde Jos\u00e9 Manuel Pozos, la presidenta del DIF Tuxpan, Pamela Morales Huesca dio la bienvenida a las autoridades estatales y a los representantes de los sistemas DIF municipales. <\/strong><\/span><\/p>\n<p>&nbsp;<\/p>\n<blockquote>\n<p class=\"p1\"><span style=\"font-size: 14pt;\">El trabajo coordinado nos est\u00e1 permitiendo garantizar el derecho de las familias a vivir en espacios sustentables\u2026 Gracias a los programas y acciones que se llevan a cabo con el respaldo del DIF Estatal, en nuestras comunidades y colonias hemos avanzado en la reducci\u00f3n de las condiciones de vulnerabilidad de las familias\u201d, se\u00f1al\u00f3 Pamela Morales Huesca, presidenta del DIF Tuxpan<\/span><\/p>\n<\/blockquote>\n<p>&nbsp;<\/p>\n<p><img loading=\"lazy\" decoding=\"async\" class=\"aligncenter wp-image-22280 size-large\" src=\"https:\/\/politicosaldesnudo.com.mx\/wp-content\/uploads\/2023\/07\/P-DIF-TUXPAN-APOYOS-3-1024x573.png\" alt=\"\" width=\"800\" height=\"448\" \/><\/p>\n<p>&nbsp;<\/p>\n<p class=\"p1\"><span style=\"font-size: 18pt;\"><strong>Adem\u00e1s Pamela Morales agradeci\u00f3 al gobernador Cuitl\u00e1huac Garc\u00eda Jim\u00e9nez y a las directoras del DIF estatal de Veracruz por el apoyo incondicional que brindan a Tuxpan, y se\u00f1al\u00f3 que existe un enorme compromiso de seguir atendiendo a quienes menos tienen.<\/strong><\/span><\/p>\n<p>&nbsp;<\/p>\n<blockquote>\n<p class=\"p1\"><span style=\"font-size: 14pt;\">Sigamos haciendo que la asistencia, la solidaridad y la empat\u00eda sean una luz esperanzadora en los tiempos dif\u00edciles. Juntos podremos cambiar realidades y transformar corazones\u201d<\/span><\/p>\n<\/blockquote>\n<p>&nbsp;<\/p>\n<p><img loading=\"lazy\" decoding=\"async\" class=\"aligncenter wp-image-22284 size-large\" src=\"https:\/\/politicosaldesnudo.com.mx\/wp-content\/uploads\/2023\/07\/P-DIF-TUXPAN-APOYOS-7-1024x573.png\" alt=\"\" width=\"800\" height=\"448\" \/><\/p>\n<p>&nbsp;<\/p>\n<p>&nbsp;<\/p>\n<p class=\"p1\"><span style=\"font-size: 18pt; color: #e42d33;\"><strong>APOYOS AL NORTE DE VERACRUZ<\/strong><\/span><\/p>\n<p class=\"p1\"><span style=\"font-size: 18pt;\"><strong>Rebeca Quintanar Barcel\u00f3 felicit\u00f3 a las presidentas<span class=\"Apple-converted-space\">\u00a0 <\/span>titulares de los sistemas DIF municipales, ya que gracias a su colaboraci\u00f3n fue posible la entrega de m\u00e1s de 1,068 apoyos en 12 municipios de la regi\u00f3n norte del estado. <\/strong><\/span><\/p>\n<p>&nbsp;<\/p>\n<blockquote>\n<p class=\"p1\"><span style=\"font-size: 14pt;\">A trav\u00e9s de estas acciones no solo estamos transformando vidas, tambi\u00e9n estamos llevando un futuro esperanzador a los hogares de Veracruz\u2026 Este programa es una respuesta de necesidades b\u00e1sicas, y una herramienta para construir viviendas con refrigeradores, estufas ecol\u00f3gicas, tinacos para almacenar agua y paquetes de l\u00e1minas de zinc\u201d<\/span><\/p>\n<\/blockquote>\n<p>&nbsp;<\/p>\n<p><img loading=\"lazy\" decoding=\"async\" class=\"aligncenter wp-image-22279 size-large\" src=\"https:\/\/politicosaldesnudo.com.mx\/wp-content\/uploads\/2023\/07\/P-DIF-TUXPAN-APOYOS-2-1024x573.png\" alt=\"\" width=\"800\" height=\"448\" \/><\/p>\n<p>&nbsp;<\/p>\n<blockquote>\n<p class=\"p1\"><span style=\"font-size: 14pt;\">En el DIF estatal de Veracruz estamos atentos a las necesidades de los veracruzanos, tal como lo instruye el gobernador Cuitl\u00e1huac Garc\u00eda Jim\u00e9nez y el presidente de la rep\u00fablica Andr\u00e9s Manuel L\u00f3pez Obrador\u201d<\/span><\/p>\n<\/blockquote>\n<p>&nbsp;<\/p>\n<p><img loading=\"lazy\" decoding=\"async\" class=\"aligncenter wp-image-22282 size-large\" src=\"https:\/\/politicosaldesnudo.com.mx\/wp-content\/uploads\/2023\/07\/P-DIF-TUXPAN-APOYOS-5-1024x573.png\" alt=\"\" width=\"800\" height=\"448\" \/><\/p>\n<p>&nbsp;<\/p>\n<p class=\"p1\"><span style=\"font-size: 18pt;\"><strong>Por su parte, la directora de Atenci\u00f3n a la Poblaci\u00f3n Vulnerable del DIF Estatal, Nytzia Aracely Guerrero Barrera, indic\u00f3: \u201cHemos venido a entregar insumos para la zona norte del estado del \u201cPrograma de Desarrollo a la Vivienda y la Comunidad\u201d, en su etapa 2023.<\/strong><\/span><\/p>\n<p>&nbsp;<\/p>\n<p><img loading=\"lazy\" decoding=\"async\" class=\"aligncenter wp-image-22281 size-large\" src=\"https:\/\/politicosaldesnudo.com.mx\/wp-content\/uploads\/2023\/07\/P-DIF-TUXPAN-APOYOS-4-1024x573.png\" alt=\"\" width=\"800\" height=\"448\" \/><\/p>\n<p>&nbsp;<\/p>\n<p class=\"p1\"><span style=\"font-size: 18pt;\"><strong>Dio las gracias a la presidenta del DIF Tuxpan y al alcalde Jos\u00e9 Manuel Pozos\u00a0 por las facilidades para llevar a cabo este evento. Asimismo, agradeci\u00f3 a las presidentas, presidentes, directoras y directores de los sistemas municipales DIF por su trabajo hacia los m\u00e1s vulnerables de sus municipios.<\/strong><\/span><\/p>\n<p>&nbsp;<\/p>\n<p><img loading=\"lazy\" decoding=\"async\" class=\"aligncenter wp-image-22285 size-large\" src=\"https:\/\/politicosaldesnudo.com.mx\/wp-content\/uploads\/2023\/07\/P-DIF-TUXPAN-APOYOS-8-1024x573.png\" alt=\"\" width=\"800\" height=\"448\" \/><\/p>\n<p>&nbsp;<\/p>\n","protected":false},"excerpt":{"rendered":"<p>&nbsp; TUXPAN, VERACRUZ. El DIF estatal de Veracruz hizo entrega de apoyos del \u201cPrograma de Desarrollo a la Vivienda y<\/p>\n","protected":false},"author":4,"featured_media":17469,"comment_status":"closed","ping_status":"closed","sticky":false,"template":"","format":"standard","meta":{"colormag_page_container_layout":"default_layout","colormag_page_sidebar_layout":"default_layout","_jetpack_memberships_contains_paid_content":false,"footnotes":"","jetpack_publicize_message":"","jetpack_publicize_feature_enabled":true,"jetpack_social_post_already_shared":true,"jetpack_social_options":{"image_generator_settings":{"template":"highway","default_image_id":0,"font":"","enabled":false},"version":2}},"categories":[356],"tags":[2822,1042,2821,2823,72,73],"class_list":["post-17468","post","type-post","status-publish","format-standard","has-post-thumbnail","hentry","category-veracruz","tag-dif-estatal-tuxpan","tag-dif-tuxpan","tag-pamela-morales-huesca","tag-programa-de-desarrollo-a-la-vivienda","tag-tuxpan","tag-veracruz"],"jetpack_publicize_connections":[],"jetpack_featured_media_url":"https:\/\/noticiasveracruz.com\/wp-content\/uploads\/2023\/07\/P-DIF-TUXPAN-APOYOS-1.png","jetpack_sharing_enabled":true,"publishpress_future_action":{"enabled":false,"date":"2026-05-07 22:09:47","action":"change-status","newStatus":"draft","terms":[],"taxonomy":"category","extraData":[]},"publishpress_future_workflow_manual_trigger":{"enabledWorkflows":[]},"_links":{"self":[{"href":"https:\/\/noticiasveracruz.com\/index.php\/wp-json\/wp\/v2\/posts\/17468","targetHints":{"allow":["GET"]}}],"collection":[{"href":"https:\/\/noticiasveracruz.com\/index.php\/wp-json\/wp\/v2\/posts"}],"about":[{"href":"https:\/\/noticiasveracruz.com\/index.php\/wp-json\/wp\/v2\/types\/post"}],"author":[{"embeddable":true,"href":"https:\/\/noticiasveracruz.com\/index.php\/wp-json\/wp\/v2\/users\/4"}],"replies":[{"embeddable":true,"href":"https:\/\/noticiasveracruz.com\/index.php\/wp-json\/wp\/v2\/comments?post=17468"}],"version-history":[{"count":0,"href":"https:\/\/noticiasveracruz.com\/index.php\/wp-json\/wp\/v2\/posts\/17468\/revisions"}],"wp:featuredmedia":[{"embeddable":true,"href":"https:\/\/noticiasveracruz.com\/index.php\/wp-json\/wp\/v2\/media\/17469"}],"wp:attachment":[{"href":"https:\/\/noticiasveracruz.com\/index.php\/wp-json\/wp\/v2\/media?parent=17468"}],"wp:term":[{"taxonomy":"category","embeddable":true,"href":"https:\/\/noticiasveracruz.com\/index.php\/wp-json\/wp\/v2\/categories?post=17468"},{"taxonomy":"post_tag","embeddable":true,"href":"https:\/\/noticiasveracruz.com\/index.php\/wp-json\/wp\/v2\/tags?post=17468"}],"curies":[{"name":"wp","href":"https:\/\/api.w.org\/{rel}","templated":true}]}}