{"id":17460,"date":"2023-07-15T09:57:59","date_gmt":"2023-07-15T14:57:59","guid":{"rendered":"https:\/\/noticiasveracruz.com\/?p=17460"},"modified":"2023-07-15T09:57:59","modified_gmt":"2023-07-15T14:57:59","slug":"hoy-veracruz-ha-implementado-acciones-importantes-al-fortalecimiento-de-la-seguridad-publica-jose-manuel-pozos","status":"publish","type":"post","link":"https:\/\/noticiasveracruz.com\/index.php\/2023\/07\/15\/hoy-veracruz-ha-implementado-acciones-importantes-al-fortalecimiento-de-la-seguridad-publica-jose-manuel-pozos\/","title":{"rendered":"Hoy Veracruz ha implementado acciones importantes al fortalecimiento de la seguridad p\u00fablica: Jos\u00e9 Manuel Pozos"},"content":{"rendered":"<p>&nbsp;<\/p>\n<p class=\"p1\" style=\"text-align: center;\"><em><span style=\"font-size: 18pt;\"><strong>&lt;&lt;En la Primera Sesi\u00f3n de la Conferencia Estatal de Seguridad P\u00fablica Municipal convocan a alcaldes veracruzanos\u00a0implementar reglamentos que atiendan y sancionen el maltrato animal&gt;&gt;<\/strong><\/span><\/em><\/p>\n<p class=\"p2\"><span class=\"Apple-converted-space\" style=\"font-size: 14pt;\">\u00a0<\/span><\/p>\n<p class=\"p1\"><span style=\"font-size: 14pt;\"><em><strong>BOCA DEL R\u00cdO, VERACRUZ.<\/strong> <\/em>En el marco de la <strong>\u201cPrimera Sesi\u00f3n Ordinaria 2023 de la Conferencia Estatal de Seguridad P\u00fablica Municipal\u201d<\/strong> y en presencia del <strong>Gobernador de Veracruz, Cuitl\u00e1huac Garc\u00eda Jim\u00e9nez<\/strong>, el <strong>alcalde de Tuxpan y Presidente de la Conferencia Estatal de Seguridad P\u00fablica Municipal, Jos\u00e9 Manuel Pozos<\/strong>, destac\u00f3 la importancia de la <strong>dignificaci\u00f3n policial y convoc\u00f3 a las alcaldesas y alcaldes de todo el estado, a tomar acciones para prevenir la violencia hacia los animales<\/strong> y sancionar a los responsables.<\/span><\/p>\n<p class=\"p1\"><span style=\"font-size: 18pt;\"><strong>Jos\u00e9 Manuel Pozos record\u00f3 que la gran mayor\u00eda de las presidentas y presidentes municipales, al inicio de su administraci\u00f3n hallaron un \u00e1rea de seguridad p\u00fablica con instalaciones inadecuadas, polic\u00edas sin certificaci\u00f3n, sin equipamiento y con salarios muy bajos.<\/strong><\/span><\/p>\n<p>&nbsp;<\/p>\n<p><img loading=\"lazy\" decoding=\"async\" class=\"aligncenter wp-image-22269 size-large\" src=\"https:\/\/politicosaldesnudo.com.mx\/wp-content\/uploads\/2023\/07\/P-SEGURIDAD-VERACRUZ-4-1024x573.png\" alt=\"\" width=\"800\" height=\"448\" \/><\/p>\n<p>&nbsp;<\/p>\n<blockquote>\n<p class=\"p1\"><span style=\"font-size: 14pt;\">Hoy en Veracruz, atendiendo las recomendaciones del Secretariado Ejecutivo del Sistema Nacional de Seguridad P\u00fablica y de la Secretar\u00eda de Seguridad P\u00fablica, hemos implementado acciones importantes orientadas al fortalecimiento de la seguridad p\u00fablica en cada uno de nuestros municipios, acciones que han permitido que en Veracruz hayan mejorado los indicadores de seguridad\u201d, destac\u00f3 el alcalde de Tuxpan<\/span><\/p>\n<\/blockquote>\n<p>&nbsp;<\/p>\n<p class=\"p1\"><span style=\"font-size: 18pt;\"><strong>Jos\u00e9 Manuel Pozos dejo en claro que todos estos logros no ser\u00edan posible sin el apoyo del gobernador y tambi\u00e9n Presidente del Consejo Estatal de Seguridad P\u00fablica, Cuitl\u00e1huac Garc\u00eda Jim\u00e9nez. Reiter\u00f3 la importancia del trabajo coordinado con las instancias federales y estatales.<\/strong><\/span><\/p>\n<p class=\"p1\"><span style=\"font-size: 14pt;\">Tambi\u00e9n agradeci\u00f3 a la Secretar\u00eda de Marina, a la Secretar\u00eda de la Defensa Nacional, Guardia Nacional y a todas las corporaciones de seguridad p\u00fablica del estado, su incondicional compromiso y apoyos en aras del fortalecimiento en las estrategias de seguridad p\u00fablica.<\/span><\/p>\n<p>&nbsp;<\/p>\n<p><img loading=\"lazy\" decoding=\"async\" class=\"aligncenter wp-image-22268 size-large\" src=\"https:\/\/politicosaldesnudo.com.mx\/wp-content\/uploads\/2023\/07\/P-SEGURIDAD-VERACRUZ-3-1024x573.png\" alt=\"\" width=\"800\" height=\"448\" \/><\/p>\n<p>&nbsp;<\/p>\n<p class=\"p1\"><span style=\"font-size: 18pt;\"><strong>Adem\u00e1s, el alcalde Jos\u00e9 Manuel Pozos expuso que adem\u00e1s de los aumentos salariales aplicados a polic\u00edas, se debe acompa\u00f1ar este esfuerzo con seguridad social, instalaciones dignas, uniformes y equipamiento, as\u00ed como trabajar constantemente en mejorar la imagen de la polic\u00eda y con ello ganar la confianza de la ciudadan\u00eda.<\/strong><\/span><\/p>\n<p>&nbsp;<\/p>\n<p class=\"p1\"><span style=\"font-size: 24pt; color: #e42d33;\"><strong>Record\u00f3 que sin seguridad, no hay desarrollo\u2026y que la paz es el fruto de la justicia.<\/strong><\/span><\/p>\n<p class=\"p2\"><span class=\"Apple-converted-space\" style=\"font-size: 14pt;\">\u00a0<\/span><\/p>\n<p><img loading=\"lazy\" decoding=\"async\" class=\"aligncenter wp-image-22271 size-large\" src=\"https:\/\/politicosaldesnudo.com.mx\/wp-content\/uploads\/2023\/07\/P-SEGURIDAD-VERACRUZ-6-1024x573.png\" alt=\"\" width=\"800\" height=\"448\" \/><\/p>\n<p>&nbsp;<\/p>\n<p>&nbsp;<\/p>\n<p class=\"p1\"><span style=\"font-size: 18pt; color: #e42d33;\"><strong>PREVENCI\u00d3N CONTRA VIOLENCIA ANIMAL <\/strong><\/span><\/p>\n<p class=\"p1\"><span style=\"font-size: 18pt;\"><strong>Jos\u00e9 Manuel Pozos tambi\u00e9n habl\u00f3 la prevenci\u00f3n de la violencia hacia los animales para evitar agresiones hacia seres con pocas o nulas posibilidades de defenderse, garantizando la protecci\u00f3n de vida y el trato digno, que es un paso importante en el respeto de todos los seres vivos. <\/strong><\/span><\/p>\n<p class=\"p1\"><span style=\"font-size: 18pt; color: #e42d33;\"><strong>Fue claro y preciso al se\u00f1alar que aquellas personas que violentan a los animales, tienden a ser personas con problemas psicosociales, y que pueden en un momento dado llegar a ser un peligro para su entorno familiar y social.<\/strong><\/span><\/p>\n<p>&nbsp;<\/p>\n<p><img loading=\"lazy\" decoding=\"async\" class=\"aligncenter wp-image-22266 size-large\" src=\"https:\/\/politicosaldesnudo.com.mx\/wp-content\/uploads\/2023\/07\/P-SEGURIDAD-VERACRUZ-1-1024x573.png\" alt=\"\" width=\"800\" height=\"448\" \/><\/p>\n<p>&nbsp;<\/p>\n<p class=\"p1\"><span style=\"font-size: 14pt;\">Por lo anterior, Jos\u00e9 Manuel Pozos hizo un llamado a las presidentas y presidentes municipales de todo Veracruz para que se implementen reglamentos que atiendan y sancionen el maltrato animal.<\/span><\/p>\n<p class=\"p1\"><span style=\"font-size: 18pt;\"><strong>Actualmente, en el c\u00f3digo penal para el estado de Veracruz existe un cap\u00edtulo denominado \u201cDelitos cometidos por actos de maltrato o crueldad en contra de animales\u201d, con sanciones que van desde los 6 meses hasta 3 a\u00f1os de prisi\u00f3n, adem\u00e1s de multas.<\/strong><\/span><\/p>\n<p class=\"p1\"><span style=\"font-size: 14pt;\">Rememor\u00f3 que, un ejemplo de justicia, fue el que se aplic\u00f3 por la muerte de los perros rescatistas Athos y Tango, derivando en juicio penal por maltrato animal; donde se dict\u00f3 sentencia condenatoria de diez a\u00f1os y seis meses de prisi\u00f3n y por concepto de sanci\u00f3n de reparaci\u00f3n del da\u00f1o la cantidad de dos millones de pesos.<\/span><\/p>\n<p>&nbsp;<\/p>\n<p><img loading=\"lazy\" decoding=\"async\" class=\"aligncenter wp-image-22270 size-large\" src=\"https:\/\/politicosaldesnudo.com.mx\/wp-content\/uploads\/2023\/07\/P-SEGURIDAD-VERACRUZ-5-1024x573.png\" alt=\"\" width=\"800\" height=\"448\" \/><\/p>\n<p>&nbsp;<\/p>\n<blockquote>\n<p class=\"p1\"><span style=\"font-size: 14pt;\">Nunca m\u00e1s una agresi\u00f3n como a Tango, Athos y Scooby\u201d<\/span><\/p>\n<\/blockquote>\n<p>&nbsp;<\/p>\n<p class=\"p1\"><span style=\"font-size: 14pt;\">En esta sesi\u00f3n ordinaria tambi\u00e9n estuvieron presentes Eric Cisneros Burgos, Secretario de Gobierno; Ver\u00f3nica Hern\u00e1ndez Giad\u00e1ns, Fiscal General del Estado; el Capit\u00e1n de Nav\u00edo Cuauht\u00e9moc Z\u00fa\u00f1iga Bonilla, Secretario de Seguridad P\u00fablica del Estado; Javier Rica\u00f1o Escobar, Secretario Ejecutivo del Sistema y del Consejo Estatal de Seguridad P\u00fablica.<\/span><\/p>\n<p class=\"p1\"><span style=\"font-size: 14pt;\">Asimismo la Magistrada Lisbeth Aurelia Jim\u00e9nez Aguirre, Presidenta del Tribunal Superior de Justicia y del Consejo de la Judicatura; el Almirante Ra\u00fal P\u00e9rez V\u00e1zquez, Comandante de la 3\u00aa Regi\u00f3n Naval y el General de Brigada Rub\u00e9n Zamudio Mat\u00edas, Comandante de la 26 Zona Militar.<\/span><\/p>\n<p>&nbsp;<\/p>\n<p>&nbsp;<\/p>\n<p>&nbsp;<\/p>\n","protected":false},"excerpt":{"rendered":"<p>&nbsp; &lt;&lt;En la Primera Sesi\u00f3n de la Conferencia Estatal de Seguridad P\u00fablica Municipal convocan a alcaldes veracruzanos\u00a0implementar reglamentos que atiendan<\/p>\n","protected":false},"author":4,"featured_media":17462,"comment_status":"closed","ping_status":"closed","sticky":false,"template":"","format":"standard","meta":{"colormag_page_container_layout":"default_layout","colormag_page_sidebar_layout":"default_layout","_jetpack_memberships_contains_paid_content":false,"footnotes":"","jetpack_publicize_message":"","jetpack_publicize_feature_enabled":true,"jetpack_social_post_already_shared":true,"jetpack_social_options":{"image_generator_settings":{"template":"highway","default_image_id":0,"font":"","enabled":false},"version":2}},"categories":[356],"tags":[98,701,2064,592,72,73],"class_list":["post-17460","post","type-post","status-publish","format-standard","has-post-thumbnail","hentry","category-veracruz","tag-cuitlahuac-garcia","tag-jose-manuel-pozos","tag-maltrato-animal","tag-seguridad-publica","tag-tuxpan","tag-veracruz"],"jetpack_publicize_connections":[],"jetpack_featured_media_url":"https:\/\/noticiasveracruz.com\/wp-content\/uploads\/2023\/07\/P-SEGURIDAD-VERACRUZ-2.png","jetpack_sharing_enabled":true,"publishpress_future_action":{"enabled":false,"date":"2026-05-07 22:54:21","action":"change-status","newStatus":"draft","terms":[],"taxonomy":"category","extraData":[]},"publishpress_future_workflow_manual_trigger":{"enabledWorkflows":[]},"_links":{"self":[{"href":"https:\/\/noticiasveracruz.com\/index.php\/wp-json\/wp\/v2\/posts\/17460","targetHints":{"allow":["GET"]}}],"collection":[{"href":"https:\/\/noticiasveracruz.com\/index.php\/wp-json\/wp\/v2\/posts"}],"about":[{"href":"https:\/\/noticiasveracruz.com\/index.php\/wp-json\/wp\/v2\/types\/post"}],"author":[{"embeddable":true,"href":"https:\/\/noticiasveracruz.com\/index.php\/wp-json\/wp\/v2\/users\/4"}],"replies":[{"embeddable":true,"href":"https:\/\/noticiasveracruz.com\/index.php\/wp-json\/wp\/v2\/comments?post=17460"}],"version-history":[{"count":0,"href":"https:\/\/noticiasveracruz.com\/index.php\/wp-json\/wp\/v2\/posts\/17460\/revisions"}],"wp:featuredmedia":[{"embeddable":true,"href":"https:\/\/noticiasveracruz.com\/index.php\/wp-json\/wp\/v2\/media\/17462"}],"wp:attachment":[{"href":"https:\/\/noticiasveracruz.com\/index.php\/wp-json\/wp\/v2\/media?parent=17460"}],"wp:term":[{"taxonomy":"category","embeddable":true,"href":"https:\/\/noticiasveracruz.com\/index.php\/wp-json\/wp\/v2\/categories?post=17460"},{"taxonomy":"post_tag","embeddable":true,"href":"https:\/\/noticiasveracruz.com\/index.php\/wp-json\/wp\/v2\/tags?post=17460"}],"curies":[{"name":"wp","href":"https:\/\/api.w.org\/{rel}","templated":true}]}}