{"id":17442,"date":"2023-07-14T09:20:38","date_gmt":"2023-07-14T14:20:38","guid":{"rendered":"https:\/\/noticiasveracruz.com\/?p=17442"},"modified":"2023-07-14T11:00:15","modified_gmt":"2023-07-14T16:00:15","slug":"heineken-green-challenge-convoca-a-emprendedores-a-resolver-problemas-socio-ambientales-en-mexico","status":"publish","type":"post","link":"https:\/\/noticiasveracruz.com\/index.php\/2023\/07\/14\/heineken-green-challenge-convoca-a-emprendedores-a-resolver-problemas-socio-ambientales-en-mexico\/","title":{"rendered":"Heineken Green Challenge convoca a emprendedores a resolver problemas socio-ambientales en M\u00e9xico"},"content":{"rendered":"<p>&nbsp;<\/p>\n<p>&nbsp;<\/p>\n<p class=\"p2\" style=\"text-align: center;\"><em><span style=\"font-size: 18pt;\"><strong>&lt;&lt;El reto est\u00e1 enfocado en buscar soluciones en cambio clim\u00e1tico, falta de agua potable, uso ineficiente del agua y desaprovechamiento de aguas residuales&gt;&gt;<\/strong><\/span><\/em><\/p>\n<p>&nbsp;<\/p>\n<p class=\"p2\"><span style=\"font-size: 14pt;\"><em><strong>VERACRUZ, VERACRUZ.<\/strong> <strong>Heineken Green Challenge<\/strong><\/em>, iniciativa de <strong>Heineken M\u00e9xico e incMTY<\/strong>, presenta por sexta ocasi\u00f3n su <strong>convocatoria dirigida a las emprendedoras y emprendedores mexicanos interesados en resolver problemas socio-ambientales en M\u00e9xico<\/strong> mediante soluciones innovadoras basadas en el sector del agua. <\/span><\/p>\n<p class=\"p2\"><span style=\"font-size: 18pt;\"><strong>El reto del <em>Heineken Green Challenge<\/em> en su edici\u00f3n 2023 se enfoca a los emprendimientos que est\u00e9n dirigidos a alguna de las cuatro vertientes relacionadas con el agua: cambio clim\u00e1tico afectando el agua, falta de agua potable en las comunidades, uso ineficiente del agua y desaprovechamiento de aguas residuales.<\/strong><\/span><\/p>\n<p class=\"p2\"><span style=\"font-size: 14pt;\">El ecosistema emprendedor de M\u00e9rida, Yucat\u00e1n pudo ser testigo del lanzamiento el pasado 11 de julio; mientras que en Veracruz, Veracruz se realiz\u00f3 este 13 de julio.<\/span><\/p>\n<p>&nbsp;<\/p>\n<p class=\"p2\"><span style=\"font-size: 18pt;\"><strong>Yarely G\u00f3mez Rosillo, Relaciones Institucionales en el Estado de Veracruz de Heineken M\u00e9xico, coment\u00f3:<span class=\"Apple-converted-space\">\u00a0 <\/span><\/strong><\/span><\/p>\n<blockquote>\n<p class=\"p2\"><span style=\"font-size: 14pt;\"><em>Heineken Green Challenge<\/em> ha reunido a m\u00e1s de 3 mil 600 proyectos, durante cinco a\u00f1os nos hemos sorprendido con las soluciones que con gran inventiva proponen caminos viables, eficientes, y sobre todo, sustentables. Invitamos a los emprendedores de Veracruz que inscriban sus proyectos y vivan la experiencia de ser parte de esta gran comunidad de mentes innovadoras\u201d<\/span><\/p>\n<\/blockquote>\n<p>&nbsp;<\/p>\n<p><img loading=\"lazy\" decoding=\"async\" class=\"aligncenter wp-image-22246 size-large\" src=\"https:\/\/politicosaldesnudo.com.mx\/wp-content\/uploads\/2023\/07\/P-HGC-AGUA-1-1024x573.png\" alt=\"\" width=\"800\" height=\"448\" \/><\/p>\n<p>&nbsp;<\/p>\n<p>&nbsp;<\/p>\n<blockquote>\n<p class=\"p2\"><span style=\"font-size: 14pt;\">incMTY conecta al ecosistema emprendedor con oportunidades reales y el <em>Heineken Green Challenge<\/em> es una oportunidad para que las mentes m\u00e1s creativas de M\u00e9xico potencialicen su emprendimiento enfocado en solucionar problemas relacionados con el agua \u201d, se\u00f1al\u00f3 Francisco L\u00f3pez Azuara, L\u00edder de Programas de Innovaci\u00f3n Corporativa de incMTY.<\/span><\/p>\n<\/blockquote>\n<p>&nbsp;<\/p>\n<p>&nbsp;<\/p>\n<p class=\"p2\"><span style=\"font-size: 18pt; color: #e42d33;\"><strong>\u00bfC\u00d3MO PARTICIPAR?<\/strong><\/span><\/p>\n<p class=\"p2\"><span style=\"font-size: 18pt;\"><strong>El registro deber\u00e1 hacerse en el sitio web <a href=\"https:\/\/heineken.incmty.com\/\">heineken.incmty.com<\/a> del 28 de junio al 8 de septiembre del 2023. Los participantes deber\u00e1n organizarse en equipos de 2 a 5 personas, cuyos miembros deber\u00e1n cumplir con todos los requisitos siguientes:<\/strong><\/span><\/p>\n<ul class=\"ul1\">\n<li class=\"li2\"><span style=\"font-size: 14pt;\">Residir permanentemente en M\u00e9xico<\/span><\/li>\n<li class=\"li2\"><span style=\"font-size: 14pt;\">Tener m\u00ednimo 18 a\u00f1os y sin l\u00edmite de edad<\/span><\/li>\n<li class=\"li2\"><span style=\"font-size: 14pt;\">Estudiantes activos o egresados desde nivel t\u00e9cnico hasta posgrado de instituciones educativas en M\u00e9xico o expertos en el tema<\/span><\/li>\n<li class=\"li2\"><span style=\"font-size: 14pt;\">Contar con un proyecto en etapa de desarrollo desde idea hasta una startup con primeras ventas y en crecimiento o iniciativas de ONG\u00b4s:<\/span><\/li>\n<\/ul>\n<ul class=\"ul1\">\n<li style=\"list-style-type: none;\">\n<ul class=\"ul1\">\n<li class=\"li2\"><span style=\"font-size: 14pt;\">Ventas no mayores a cinco millones anuales (base tecnol\u00f3gica) <\/span><\/li>\n<li class=\"li2\"><span style=\"font-size: 14pt;\">Ventas no mayores a dos millones anuales (sociales) <\/span><\/li>\n<\/ul>\n<\/li>\n<\/ul>\n<ul class=\"ul1\">\n<li class=\"li2\"><span style=\"font-size: 14pt;\">Los equipos deben ser integrados con un m\u00ednimo de dos personas y un m\u00e1ximo de cinco. <\/span><\/li>\n<li class=\"li2\"><span style=\"font-size: 14pt;\">Es necesario que el registro del proyecto sea bajo el nombre del l\u00edder.<\/span><\/li>\n<li class=\"li2\"><span style=\"font-size: 14pt;\">En caso de resultar seleccionados para participar en el bootcamp de selecci\u00f3n, el fundador\/cofundador deber\u00e1 contar con disponibilidad de atender las actividades de dicha etapa.<\/span><\/li>\n<\/ul>\n<p>&nbsp;<\/p>\n<p class=\"p2\"><span style=\"font-size: 18pt; color: #e42d33;\"><strong>\u00bfQU\u00c9 HAY PARA LOS GANADORES?<\/strong><\/span><\/p>\n<p class=\"p2\"><span style=\"font-size: 18pt;\"><strong>El <em>Heineken Green Challenge<\/em> premiar\u00e1 a los mejores proyectos de la edici\u00f3n 2023 de la siguiente manera:<\/strong><\/span><\/p>\n<p class=\"p2\" style=\"text-align: center;\"><span style=\"font-size: 14pt;\"><span style=\"font-size: 18pt;\"><strong>\u00a01er lugar:<\/strong> <span style=\"color: #e42d33;\"><em><strong>$650,000 MXN <\/strong><\/em><\/span><\/span><\/span><\/p>\n<p class=\"p2\" style=\"text-align: center;\"><span style=\"font-size: 14pt;\"><span style=\"font-size: 18pt;\"><strong>\u00a02do lugar: <span style=\"color: #e42d33;\"><em>$265,000 MXN <\/em><\/span><\/strong><\/span><\/span><\/p>\n<p class=\"p2\" style=\"text-align: center;\"><span style=\"font-size: 14pt;\">\u00a0<span style=\"font-size: 18pt;\"><strong>3er lugar: <span style=\"color: #e42d33;\"><em>$130,000 MXN <\/em><\/span><\/strong><\/span><\/span><\/p>\n<p class=\"p2\" style=\"text-align: center;\"><span style=\"font-size: 18pt;\"><strong>\u00a04to al 10mo lugar: <em><span style=\"color: #e42d33;\">$65,000 MXN <\/span><\/em><\/strong><\/span><\/p>\n<p>&nbsp;<\/p>\n<p class=\"p2\"><span style=\"font-size: 18pt;\"><strong>Adem\u00e1s, habr\u00e1 premios en especie para los mejores 20 proyectos de la edici\u00f3n: <\/strong><\/span><\/p>\n<p class=\"p2\"><span style=\"font-size: 14pt;\">&#8211; Programa de aceleraci\u00f3n con duraci\u00f3n de 12 semanas <\/span><\/p>\n<p class=\"p2\"><span style=\"font-size: 14pt;\">&#8211; Acceso a la competencia incMTY Accelerator 2024<\/span><\/p>\n<p>&nbsp;<\/p>\n<p class=\"p2\"><span style=\"font-size: 18pt; color: #e42d33;\"><strong>FECHAS IMPORTANTES<\/strong><\/span><\/p>\n<ul class=\"ul1\">\n<li class=\"li2\"><span style=\"font-size: 14pt;\"><strong>Preselecci\u00f3n nacional:<span class=\"Apple-converted-space\">\u00a0 <\/span><\/strong>del 18 de septiembre al 1 de octubre<span class=\"Apple-converted-space\">\u00a0 <\/span>del 2023 en modalidad virtual<\/span><\/li>\n<li class=\"li2\"><span style=\"font-size: 14pt;\"><strong>Selecci\u00f3n regional:<\/strong> del 2 al 15<span class=\"Apple-converted-space\">\u00a0 <\/span>de octubre del 2023 en modalidad virtual<\/span><\/li>\n<li class=\"li2\"><span style=\"font-size: 14pt;\"><strong>Bootcamp nacional:<\/strong> 9 y 10 de noviembre de 2023 en modalidad presencial en el Tec de Monterrey, campus Monterrey<\/span><\/li>\n<li class=\"li2\"><span style=\"font-size: 14pt;\"><strong>Semifinal:<\/strong><span class=\"Apple-converted-space\">\u00a0 <\/span>11 de noviembre del 2023 en modalidad presencial en el Tec de Monterrey, campus Monterrey<\/span><\/li>\n<li class=\"li2\"><span style=\"font-size: 14pt;\"><strong>Heineken Pitch:<\/strong> en el marco del festival incMTY 2023 el 15 de noviembre del 2023 en modalidad presencial en Monterrey, Nuevo Le\u00f3n. <\/span><\/li>\n<\/ul>\n<p>&nbsp;<\/p>\n<p>&nbsp;<\/p>\n<p class=\"p2\" style=\"text-align: center;\"><span style=\"color: #e42d33;\"><em><span style=\"font-size: 18pt;\"><strong>Para m\u00e1s detalles sobre el reto visita la p\u00e1gina <a style=\"color: #e42d33;\" href=\"https:\/\/heineken.incmty.com\/\">https:\/\/heineken.incmty.com\/<\/a><\/strong><\/span><\/em><\/span><\/p>\n<p>&nbsp;<\/p>\n<p>&nbsp;<\/p>\n<p>&nbsp;<\/p>\n<p>&nbsp;<\/p>\n","protected":false},"excerpt":{"rendered":"<p>&nbsp; &nbsp; &lt;&lt;El reto est\u00e1 enfocado en buscar soluciones en cambio clim\u00e1tico, falta de agua potable, uso ineficiente del agua<\/p>\n","protected":false},"author":4,"featured_media":17444,"comment_status":"closed","ping_status":"closed","sticky":false,"template":"","format":"standard","meta":{"colormag_page_container_layout":"default_layout","colormag_page_sidebar_layout":"default_layout","_jetpack_memberships_contains_paid_content":false,"footnotes":"","jetpack_publicize_message":"","jetpack_publicize_feature_enabled":true,"jetpack_social_post_already_shared":true,"jetpack_social_options":{"image_generator_settings":{"template":"highway","default_image_id":0,"font":"","enabled":false},"version":2}},"categories":[356],"tags":[206,1287,2820,73],"class_list":["post-17442","post","type-post","status-publish","format-standard","has-post-thumbnail","hentry","category-veracruz","tag-agua","tag-emprendedores","tag-heineken-green-challenge","tag-veracruz"],"jetpack_publicize_connections":[],"jetpack_featured_media_url":"https:\/\/noticiasveracruz.com\/wp-content\/uploads\/2023\/07\/P-HGC-AGUA-2.png","jetpack_sharing_enabled":true,"publishpress_future_action":{"enabled":false,"date":"2026-05-07 20:19:45","action":"change-status","newStatus":"draft","terms":[],"taxonomy":"category","extraData":[]},"publishpress_future_workflow_manual_trigger":{"enabledWorkflows":[]},"_links":{"self":[{"href":"https:\/\/noticiasveracruz.com\/index.php\/wp-json\/wp\/v2\/posts\/17442","targetHints":{"allow":["GET"]}}],"collection":[{"href":"https:\/\/noticiasveracruz.com\/index.php\/wp-json\/wp\/v2\/posts"}],"about":[{"href":"https:\/\/noticiasveracruz.com\/index.php\/wp-json\/wp\/v2\/types\/post"}],"author":[{"embeddable":true,"href":"https:\/\/noticiasveracruz.com\/index.php\/wp-json\/wp\/v2\/users\/4"}],"replies":[{"embeddable":true,"href":"https:\/\/noticiasveracruz.com\/index.php\/wp-json\/wp\/v2\/comments?post=17442"}],"version-history":[{"count":0,"href":"https:\/\/noticiasveracruz.com\/index.php\/wp-json\/wp\/v2\/posts\/17442\/revisions"}],"wp:featuredmedia":[{"embeddable":true,"href":"https:\/\/noticiasveracruz.com\/index.php\/wp-json\/wp\/v2\/media\/17444"}],"wp:attachment":[{"href":"https:\/\/noticiasveracruz.com\/index.php\/wp-json\/wp\/v2\/media?parent=17442"}],"wp:term":[{"taxonomy":"category","embeddable":true,"href":"https:\/\/noticiasveracruz.com\/index.php\/wp-json\/wp\/v2\/categories?post=17442"},{"taxonomy":"post_tag","embeddable":true,"href":"https:\/\/noticiasveracruz.com\/index.php\/wp-json\/wp\/v2\/tags?post=17442"}],"curies":[{"name":"wp","href":"https:\/\/api.w.org\/{rel}","templated":true}]}}