{"id":17430,"date":"2023-07-14T05:20:16","date_gmt":"2023-07-14T10:20:16","guid":{"rendered":"https:\/\/noticiasveracruz.com\/?p=17430"},"modified":"2023-07-14T08:20:58","modified_gmt":"2023-07-14T13:20:58","slug":"la-senora-xochitl","status":"publish","type":"post","link":"https:\/\/noticiasveracruz.com\/index.php\/2023\/07\/14\/la-senora-xochitl\/","title":{"rendered":"La se\u00f1ora X\u00f3chitl\u2026"},"content":{"rendered":"<p class=\"p1\">\n<p>&nbsp;<\/p>\n<p class=\"p1\"><span style=\"font-size: 18pt;\"><strong>Por Mois\u00e9s S\u00e1nchez Lim\u00f3n<\/strong><\/span><\/p>\n<p class=\"p1\"><span style=\"font-size: 14pt;\">Hasta la culta y dem\u00f3crata Layda Sansores San Rom\u00e1n se trep\u00f3 a la campa\u00f1a contra X\u00f3chitl G\u00e1lvez Ruiz.<\/span><\/p>\n<p class=\"p1\"><span style=\"font-size: 14pt;\">Se los dije.<\/span><\/p>\n<p class=\"p1\"><span style=\"font-size: 14pt;\">\u00bfPara eso urg\u00eda el comandante en jefe de Morena el destape de la candidata o candidato de <em>Vamos por M\u00e9xico<\/em> a la Presidencia de la Rep\u00fablica?<\/span><\/p>\n<p class=\"p1\"><span style=\"font-size: 14pt;\">\u00bfPor eso el insistente reproche: d\u00f3nde est\u00e1 la oposici\u00f3n?<\/span><\/p>\n<p class=\"p1\"><span style=\"font-size: 14pt;\">Y cuando la oposici\u00f3n reaccion\u00f3 y X\u00f3chitl creci\u00f3 como la espuma, entonces el Duce de los destinos nacionales reaccion\u00f3 junto con la pl\u00e9yade oficialista que evidenci\u00f3 lo esperado: hacer pedazos a la que el licenciado L\u00f3pez Obrador considera ungida.<\/span><\/p>\n<p class=\"p1\"><span style=\"font-size: 14pt;\">Porque\u2026<\/span><\/p>\n<p class=\"p1\"><span style=\"font-size: 14pt;\">Sin duda, usted ya se dio cuenta de que la embestida, sin rubor e irreverente contra la ingeniera, la encabeza el dem\u00f3crata e impoluto licenciado presidente. Cuidado, cuidado\u2026<\/span><\/p>\n<p class=\"p1\"><span style=\"font-size: 14pt;\">Y es que, pese a insistir en que no es igual a sus antecesores, opera con el mejor estilo de buscar esqueletos en el cl\u00f3set o bajo la alfombra del opositor. El licenciado L\u00f3pez Obrador es bien listo.<\/span><\/p>\n<p class=\"p1\"><span style=\"font-size: 14pt;\">As\u00ed, la puntada va m\u00e1s all\u00e1 de la iron\u00eda de pedir a Claudio X Gonz\u00e1lez y a Mar\u00eda Amparo Casar con <em>Mexicanos Contra la Corrupci\u00f3n<\/em> y la Impunidad investigar las propiedades de X\u00f3chitl, entra\u00f1a la advertencia de usar a los cancerberos de la Secretar\u00eda de Hacienda, el SAT y la Unidad de Inteligencia Financiera para investigar a la senadora G\u00e1lvez Ruiz.<\/span><\/p>\n<p class=\"p1\"><span style=\"font-size: 14pt;\">\u201cLa intenci\u00f3n de \u00e9l es descarrilarme\u201d, declar\u00f3 X\u00f3chitl.<\/span><\/p>\n<p class=\"p1\"><span style=\"font-size: 14pt;\">Pero\u2026<\/span><\/p>\n<p class=\"p1\"><span style=\"font-size: 14pt;\">Lejos de amilanarse, present\u00f3 ante el INE denuncias por violencia pol\u00edtica de g\u00e9nero y uso indebido de recursos p\u00fablicos, contra el licenciado presidente y el poeta y escritor Jes\u00fas Ram\u00edrez adem\u00e1s del director de lo que queda de Cepropie, Sigfrido Barjau de la Rosa.<\/span><\/p>\n<p class=\"p1\"><span style=\"font-size: 14pt;\"><span class=\"s1\">De inmediato, en lo que puede asumirse como el \u201c\u00a1ya chole!, presidente\u201d, X\u00f3chitl zanj\u00f3:\u00a0<\/span>\u201cuna cosa es aguantar los chismes del presidente todas las ma\u00f1anas\u2026 y otra muy distinta es tolerar la ilegalidad\u201d.<\/span><\/p>\n<p class=\"p1\"><span style=\"font-size: 14pt;\">En fundamento de su denuncia, X\u00f3chitl refiri\u00f3 que L\u00f3pez Obrador en sus mensajes de las ma\u00f1aneras de los d\u00edas tres, cuatro, cinco y siete de julio ejerci\u00f3 violencia pol\u00edtica en raz\u00f3n de g\u00e9nero en su contra.<\/span><\/p>\n<p class=\"p1\"><span style=\"font-size: 14pt;\">Mire usted, en la ma\u00f1anera el licenciado Andr\u00e9s Manuel I se gasta el tiempo en atacar y descalificar a X\u00f3chitl G\u00e1lvez de suerte que nadie le cree su dicho de que respeta a las mujeres.<\/span><\/p>\n<p class=\"p1\"><span style=\"font-size: 14pt;\">Y se atreve, en un exceso al sentido com\u00fan, a asumirse como el adivino due\u00f1o del presente y futuro de la oposici\u00f3n pol\u00edtica.<\/span><\/p>\n<p class=\"p1\"><span style=\"font-size: 14pt;\">&#8211;\u00bfQu\u00e9 estoy visualizando?\u2014se pregunt\u00f3 Su Alteza Seren\u00edsima, en la ma\u00f1anera.<\/span><\/p>\n<p class=\"p1\"><span style=\"font-size: 14pt;\">&#8211;Que van a fracasar \u2013se respondi\u00f3.<\/span><\/p>\n<p class=\"p1\"><span style=\"font-size: 14pt;\">Aduce que la oposici\u00f3n fracasar\u00e1 \u201cporque la gente est\u00e1 muy consciente, la gente est\u00e1 recibiendo ahora lo que no le daban. Hay gobiernos que dan y hay gobiernos que quitan (\u2026)\u201d.<\/span><\/p>\n<p class=\"p1\"><span style=\"font-size: 14pt;\">\u00a1Ah!, porque seg\u00fan \u00e9l, \u201clos otros buscan llegar a los cargos para saquear, para robar, para hacerse grandes con la riqueza mal habida, y eso lo saben muy bien la gente\u201d.<\/span><\/p>\n<p class=\"p1\"><span style=\"font-size: 14pt;\">Bueno, bueno.<\/span><\/p>\n<p class=\"p1\"><span style=\"font-size: 14pt;\">Cuesti\u00f3n de que alguien le pregunte en la ma\u00f1anera, a qu\u00e9 llegaron Manuel Bartlett y su v\u00e1stago, Ignacio Ovalle Fern\u00e1ndez en Segalmex y aquellos que, por citar unos ejemplos, han saqueado al Instituto para Devolver al Pueblo lo Robado y han vaciado, desde el Banco del Bienestar, las cuentas de beneficiarios de la tercera edad.<\/span><\/p>\n<p class=\"p1\"><span style=\"font-size: 14pt;\">Pero, bueno, est\u00e1bamos con la embestida contra la ingeniera G\u00e1lvez, con esa burda campa\u00f1a que dicta l\u00ednea desde el p\u00falpito en la ma\u00f1anera y en las redes sociales morenistas hay obediencia ciega para golpear y estigmatizar a X\u00f3chitl.<\/span><\/p>\n<p class=\"p1\"><span style=\"font-size: 14pt;\">Lea usted lo dicho por el licenciado L\u00f3pez Obrador:<\/span><\/p>\n<p class=\"p1\"><span style=\"font-size: 14pt;\">\u201cAhora ya hasta estamos prepar\u00e1ndonos porque, como no les funcion\u00f3 lo de X\u00f3chitl porque ese globo no vol\u00f3, van \u2014ya lo est\u00e1n haciendo\u2014 a destinar todas sus bater\u00edas, las van a orientar, a enfocar a la violencia (\u2026)\u201d.<\/span><\/p>\n<p class=\"p1\"><span style=\"font-size: 14pt;\">\u00bfLa violencia? \u00a1Sopas! Nom\u00e1s falta que culpe a X\u00f3chitl del desgobierno que hay en Guerrero y Michoac\u00e1n y Tamaulipas y\u2026<\/span><\/p>\n<p class=\"p1\"><span style=\"font-size: 14pt;\">\u00a1Rec\u00e1spita Batman!<\/span><\/p>\n<p class=\"p1\"><span style=\"font-size: 14pt;\">\u201cEs que &#8211;seg\u00fan Andr\u00e9s Manuel I&#8211;\u00a0 la se\u00f1ora X\u00f3chitl G\u00e1lvez, pues, es Fox, es Salinas, es Claudio X. Gonz\u00e1lez, es Roberto Hern\u00e1ndez. Entonces entran as\u00ed, los imponen y entran atados de pies y manos. Son peleles, son t\u00edteres, empleados de la oligarqu\u00eda.<\/span><\/p>\n<p class=\"p1\"><span style=\"font-size: 14pt;\">\u201cEn cambio, los que van a recibir el bast\u00f3n de mando del movimiento de transformaci\u00f3n, al que voy a entregarle el bast\u00f3n de mando, hombre o mujer, pues van a tener autonom\u00eda, van a ser independientes, van a tener s\u00f3lo como amo al pueblo de M\u00e9xico\u201d.<\/span><\/p>\n<p class=\"p1\"><span style=\"font-size: 14pt;\">En serio, no se r\u00eda.<\/span><\/p>\n<p class=\"p1\"><span style=\"font-size: 14pt;\">\u00bfUna corcholata independiente?<\/span><\/p>\n<p class=\"p1\"><span style=\"font-size: 14pt;\">Uno de esos mercenarios de la ma\u00f1anera puso en bandeja de plata la pregunta al Duce:<\/span><\/p>\n<p class=\"p1\"><span style=\"font-size: 14pt;\">&#8211;En\u00a0<i>Televisa\u00a0<\/i>hay una campa\u00f1a contra Ad\u00e1n Augusto L\u00f3pez. \u00bfA qu\u00e9 cree que se deba?<\/span><\/p>\n<p class=\"p1\"><span style=\"font-size: 14pt;\">&#8211;A eso mismo, a eso, les dan l\u00ednea&#8211; respondi\u00f3 el licenciado presidente.<\/span><\/p>\n<p class=\"p1\"><span style=\"font-size: 14pt;\">&#8211;\u00bfPero por qu\u00e9 Ad\u00e1n Augusto, precisamente?<\/span><\/p>\n<p class=\"p1\"><span style=\"font-size: 14pt;\">&#8211;Por algo ser\u00e1 \u2013atendi\u00f3 L\u00f3pez Obrador&#8211;, as\u00ed dicen all\u00e1 en mi pueblo, por algo ser\u00e1. Pero se ve, ya me di cuenta, o sea, es muy notorio que\u00a0<i>Televisa<\/i>\u00a0la trae contra Ad\u00e1n. No s\u00e9 por qu\u00e9 raz\u00f3n. Pero qu\u00e9 bien lo que dices, porque ten\u00eda yo ganas de mencionarlo. Pero, bueno, todos en esa l\u00ednea, \u00bfno?<\/span><\/p>\n<p class=\"p1\"><span style=\"font-size: 14pt;\">Y le rest\u00f3 importancia:<\/span><\/p>\n<p class=\"p1\"><span style=\"font-size: 14pt;\">&#8211;Afortunadamente \u2013dijo&#8211;, esos programas tambi\u00e9n no los ve mucha gente, los ve el llamado c\u00edrculo rojo, y esos, pues ya sabemos, \u00bfno?, pero s\u00ed est\u00e1n constantemente en contra. Y ahora tienen como consigna hablar bien de la se\u00f1ora X\u00f3chitl, ya les dieron l\u00ednea, pero no.<\/span><\/p>\n<p class=\"p1\"><span style=\"font-size: 14pt;\">&#8211;\u00bfYa vio la lista de los finalistas en la oposici\u00f3n, presidente?<\/span><\/p>\n<p class=\"p1\"><span style=\"font-size: 14pt;\">&#8211;S\u00ed, pero ya, ya, ya es complemento, es accesorio, es aderezo, nada m\u00e1s es la se\u00f1ora X\u00f3chitl. Ya hicieron la consulta arriba, ya Salinas, y Fox, y Calder\u00f3n, y Claudio, y Roberto Hern\u00e1ndez, y Diego, ya, ya decidieron, o sea, ya lo dem\u00e1s es pura faramalla.<\/span><\/p>\n<p class=\"p1\"><span style=\"font-size: 14pt;\">\u00a1Joder!, porque\u2026<\/span><\/p>\n<p class=\"p1\"><span style=\"font-size: 14pt;\">&#8211;El caso de X\u00f3chitl pues ya sabemos, \u00bfpara qu\u00e9 quieren a X\u00f3chitl? Para seguir saqueando, para seguir robando\u2014acus\u00f3 y dio la primicia:<\/span><\/p>\n<p class=\"p1\"><span style=\"font-size: 14pt;\">\u201c(\u2026) le voy a pedir a Claudio X. Gonz\u00e1lez aqu\u00ed que haga una investigaci\u00f3n sobre la empresa de X\u00f3chitl, y los contratos que ha recibido del gobierno de cuando fue funcionaria en el gobierno de Fox y de cuando fue jefa de Gobierno\u201d.<\/span><\/p>\n<p class=\"p1\"><span style=\"font-size: 14pt;\">Pero\u2026<\/span><\/p>\n<p class=\"p1\"><span style=\"font-size: 14pt;\">Elemental la iron\u00eda y la advertencia. Pero, X\u00f3chitl fue delegada, no jefa de Gobierno y Claudio no es autoridad para investigarla, aunque Hacienda y el SAT y la UIF lo son, am\u00e9n de que la jaur\u00eda anda suelta y &#8211;\u00bfde motu proprio?&#8211; se revelan propiedades de X\u00f3chitl y contratos otorgados cuando funcionaria \u00a0en la administraci\u00f3n de Vicente Fox y delegada en Miguel Hidalgo. Elemental, se los dije.<\/span><\/p>\n<p class=\"p1\"><span style=\"font-size: 14pt;\">&#8211;Ya lo denunci\u00f3 por violencia pol\u00edtica de g\u00e9nero, tambi\u00e9n est\u00e1 denunciado usted, presidente, lo denunci\u00f3\u2014 refiri\u00f3 uno de los mercenarios ma\u00f1aneros al licenciado Andr\u00e9s Manuel.<\/span><\/p>\n<p class=\"p1\"><span style=\"font-size: 14pt;\">&#8211;\u00a1Ah!, s\u00ed, pero eso no. Yo no ofendo a las mujeres\u2014respondi\u00f3 y se sacudi\u00f3 con una canci\u00f3n del compositor tabasque\u00f1o Juan Manuel L\u00f3pez Ochoa: \u201cTodas las mujeres, coraz\u00f3n\u201d.<\/span><\/p>\n<p class=\"p1\"><span style=\"font-size: 14pt;\">\u00a1Ay!, \u00a1qu\u00e9 lindo! X\u00f3chitl, la se\u00f1ora X\u00f3chitl quita el sue\u00f1o al Duce. \u00a1Rec\u00f3rcholis, Drakko! Digo.<\/span><\/p>\n<p>&nbsp;<\/p>\n<hr \/>\n<p>&nbsp;<\/p>\n<p><strong><span style=\"font-size: 18pt;\">Correo: <\/span><span class=\"s1\"><a href=\"mailto:sanchezlimon@gmail.com\"><span style=\"font-size: 18pt;\">sanchezlimon@gmail.com<\/span><\/a><\/span><span class=\"s2\" style=\"font-size: 18pt;\">\u00a0<\/span><\/strong><\/p>\n<p class=\"p3\"><strong><span style=\"font-size: 18pt;\"><span class=\"s2\">Twitter: <a href=\"https:\/\/twitter.com\/sanchezlimon1\">@sanchezlimon1<\/a><\/span><\/span><\/strong><\/p>\n<p>&nbsp;<\/p>\n<p><img loading=\"lazy\" decoding=\"async\" class=\"aligncenter wp-image-11449 size-large\" src=\"http:\/\/noticiasveracruz.com\/wp-content\/uploads\/2023\/01\/FIRMA-EDITORIAL-NV-1024x125.png\" alt=\"\" width=\"800\" height=\"98\" srcset=\"https:\/\/noticiasveracruz.com\/wp-content\/uploads\/2023\/01\/FIRMA-EDITORIAL-NV-1024x125.png 1024w, https:\/\/noticiasveracruz.com\/wp-content\/uploads\/2023\/01\/FIRMA-EDITORIAL-NV-300x37.png 300w, https:\/\/noticiasveracruz.com\/wp-content\/uploads\/2023\/01\/FIRMA-EDITORIAL-NV-768x94.png 768w, https:\/\/noticiasveracruz.com\/wp-content\/uploads\/2023\/01\/FIRMA-EDITORIAL-NV-1536x188.png 1536w, https:\/\/noticiasveracruz.com\/wp-content\/uploads\/2023\/01\/FIRMA-EDITORIAL-NV-2048x250.png 2048w\" sizes=\"auto, (max-width: 800px) 100vw, 800px\" \/><\/p>\n<p>&nbsp;<\/p>\n<p>&nbsp;<\/p>\n<p>&nbsp;<\/p>\n<p>&nbsp;<\/p>\n","protected":false},"excerpt":{"rendered":"<p>&nbsp; Por Mois\u00e9s S\u00e1nchez Lim\u00f3n Hasta la culta y dem\u00f3crata Layda Sansores San Rom\u00e1n se trep\u00f3 a la campa\u00f1a contra<\/p>\n","protected":false},"author":4,"featured_media":12769,"comment_status":"closed","ping_status":"closed","sticky":false,"template":"","format":"standard","meta":{"colormag_page_container_layout":"default_layout","colormag_page_sidebar_layout":"default_layout","_jetpack_memberships_contains_paid_content":false,"footnotes":"","jetpack_publicize_message":"","jetpack_publicize_feature_enabled":true,"jetpack_social_post_already_shared":true,"jetpack_social_options":{"image_generator_settings":{"template":"highway","default_image_id":0,"font":"","enabled":false},"version":2}},"categories":[6],"tags":[],"class_list":["post-17430","post","type-post","status-publish","format-standard","has-post-thumbnail","hentry","category-columnistas"],"jetpack_publicize_connections":[],"jetpack_featured_media_url":"https:\/\/noticiasveracruz.com\/wp-content\/uploads\/2023\/02\/P-MOISES-SANCHEZ.png","jetpack_sharing_enabled":true,"publishpress_future_action":{"enabled":false,"date":"2026-05-07 17:45:56","action":"change-status","newStatus":"draft","terms":[],"taxonomy":"category","extraData":[]},"publishpress_future_workflow_manual_trigger":{"enabledWorkflows":[]},"_links":{"self":[{"href":"https:\/\/noticiasveracruz.com\/index.php\/wp-json\/wp\/v2\/posts\/17430","targetHints":{"allow":["GET"]}}],"collection":[{"href":"https:\/\/noticiasveracruz.com\/index.php\/wp-json\/wp\/v2\/posts"}],"about":[{"href":"https:\/\/noticiasveracruz.com\/index.php\/wp-json\/wp\/v2\/types\/post"}],"author":[{"embeddable":true,"href":"https:\/\/noticiasveracruz.com\/index.php\/wp-json\/wp\/v2\/users\/4"}],"replies":[{"embeddable":true,"href":"https:\/\/noticiasveracruz.com\/index.php\/wp-json\/wp\/v2\/comments?post=17430"}],"version-history":[{"count":0,"href":"https:\/\/noticiasveracruz.com\/index.php\/wp-json\/wp\/v2\/posts\/17430\/revisions"}],"wp:featuredmedia":[{"embeddable":true,"href":"https:\/\/noticiasveracruz.com\/index.php\/wp-json\/wp\/v2\/media\/12769"}],"wp:attachment":[{"href":"https:\/\/noticiasveracruz.com\/index.php\/wp-json\/wp\/v2\/media?parent=17430"}],"wp:term":[{"taxonomy":"category","embeddable":true,"href":"https:\/\/noticiasveracruz.com\/index.php\/wp-json\/wp\/v2\/categories?post=17430"},{"taxonomy":"post_tag","embeddable":true,"href":"https:\/\/noticiasveracruz.com\/index.php\/wp-json\/wp\/v2\/tags?post=17430"}],"curies":[{"name":"wp","href":"https:\/\/api.w.org\/{rel}","templated":true}]}}