{"id":17428,"date":"2023-07-14T05:10:24","date_gmt":"2023-07-14T10:10:24","guid":{"rendered":"https:\/\/noticiasveracruz.com\/?p=17428"},"modified":"2023-07-14T08:16:37","modified_gmt":"2023-07-14T13:16:37","slug":"tres-mujeres-para-la-presidencia","status":"publish","type":"post","link":"https:\/\/noticiasveracruz.com\/index.php\/2023\/07\/14\/tres-mujeres-para-la-presidencia\/","title":{"rendered":"Tres mujeres para la presidencia"},"content":{"rendered":"<p class=\"p1\">\n<p>&nbsp;<\/p>\n<p class=\"p1\"><span style=\"font-size: 18pt;\"><strong>Por Luis Ram\u00edrez Baqueiro<\/strong><\/span><\/p>\n<p class=\"p1\">\n<p>&nbsp;<\/p>\n<p class=\"p1\" style=\"text-align: center;\"><em><span style=\"font-size: 18pt;\"><strong>\u201cEl viento endereza el \u00e1rbol despu\u00e9s de haberlo inclinado\u201d <\/strong><\/span><\/em><\/p>\n<p class=\"p1\" style=\"text-align: center;\"><span style=\"font-size: 18pt;\">\u2013\u00a0Charles De Gaulle \u2013\u00a0<\/span><\/p>\n<p class=\"p1\">\n<p>&nbsp;<\/p>\n<p class=\"p1\"><span style=\"font-size: 14pt;\">M\u00e9xico enfrentar\u00e1 en el 2024 la primera contienda electoral federal en la que las tres candidatas a la presidencia ser\u00e1n mujeres.<\/span><\/p>\n<p class=\"p1\"><span style=\"font-size: 14pt;\">Por un lado, Claudia Sheinbaum Pardo quien ser\u00e1 la abanderada de la Coalici\u00f3n que conforman Morena, PT y PVEM, quien al momento lleva ya 30 d\u00edas recorriendo el pa\u00eds, apenas este jueves toc\u00f3 tierras veracruzanas de manera formal.<\/span><\/p>\n<p class=\"p1\"><span style=\"font-size: 14pt;\">Aun cuando cabe recordar, que la primera visita realizada ya en su car\u00e1cter de aspirante a Coordinadora Nacional de la Defensa de la 4T, fue a Veracruz y su desayuno con legisladores locales en conocido caf\u00e9, para posteriormente trasladarse a Tuxtepec, Oaxaca donde de manera oficial inici\u00f3 sus recorridos por el pa\u00eds.<\/span><\/p>\n<p class=\"p1\"><span style=\"font-size: 14pt;\">Del otro lado estar\u00e1, X\u00f3chitl G\u00e1lvez Ruiz, aspirante a convertirse en la abanderada del<em> Frente Amplio por M\u00e9xico<\/em>, quien en tan solo dos semanas ha puesto de cabeza a todo el proyecto transformador del presidente Andr\u00e9s Manuel L\u00f3pez Obrador, quien perdi\u00f3 el control de la agenda p\u00fablica nacional.<\/span><\/p>\n<p class=\"p1\"><span style=\"font-size: 14pt;\">Primero, porque sus corcholatas \u2013\u00e9l el destapador- nom\u00e1s no generan ning\u00fan tipo de empat\u00eda con la sociedad, pues repiten el mismo cuento c\u00edlindrero que por los \u00faltimos 5 a\u00f1os nos hemos chutado los mexicanos en las conferencias ma\u00f1aneras del C. Presidente.<\/span><\/p>\n<p class=\"p1\"><span style=\"font-size: 14pt;\">Segundo, porque la crisis de seguridad que enfrenta el pa\u00eds, simplemente ha rebasado el escenario presupuestado por el mismo l\u00edder moral de la 4T, quien para todo tiene una respuesta que evade la situaci\u00f3n de su responsabilidad.<\/span><\/p>\n<p class=\"p1\"><span style=\"font-size: 14pt;\">Y es que si algo ha caracterizado a la 4T y a su presidente Andr\u00e9s Manuel L\u00f3pez Obrador es el no responsabilizarse de los hechos y acciones que se desarrollan a lo largo y ancho del pa\u00eds, descargando la presi\u00f3n en sus enemigos ficticios, en los gobiernos anteriores, o en los medios de comunicaci\u00f3n y comunicadores.<\/span><\/p>\n<p class=\"p1\"><span style=\"font-size: 14pt;\">Pero en esta batalla por alcanzar la famosa silla del \u00e1guila, otra mujer irrumpir\u00e1 en pr\u00f3ximos d\u00edas al escenario nacional, una emanada del partido esquirol de la contienda.<\/span><\/p>\n<p class=\"p1\"><span style=\"font-size: 14pt;\">Movimiento Ciudadano (MC) va a proponer porque as\u00ed est\u00e1 presupuestado una supuesta tercera opci\u00f3n pol\u00edtica, una que permita dividir y pulverizar lo m\u00e1s posible el voto ciudadano.<\/span><\/p>\n<p class=\"p1\"><span style=\"font-size: 14pt;\">La f\u00e9mina elegida para ello ser\u00e1 una ex gobernadora de Yucat\u00e1n, como Ivonne Ortega Pacheco hoy convertida al \u201cemecismo\u201d, quien habr\u00e1 de buscar frenar el crecimiento de la segunda opci\u00f3n que representar\u00e1 la candidata del Frente Amplio por M\u00e9xico, X\u00f3chitl G\u00e1lvez, a quien deben detener para allanar el camino de la principal fuerza pol\u00edtica nacional.<\/span><\/p>\n<p class=\"p1\"><span style=\"font-size: 14pt;\">La jugada ya la hemos visto y conocido en otros procesos electorales, casos como el de Veracruz durante el bienio promovido e impulsado por el innombrable Javier \u201cN\u201d quien se encarg\u00f3 sin conseguirlo de meter al hoy gobernador Cuitl\u00e1huac Garc\u00eda Jim\u00e9nez como ese tercer personaje que restar\u00e1 votos a la entonces oposici\u00f3n que encabez\u00f3 Miguel \u00c1ngel Yunes Linares, claro sin conseguirlo.<\/span><\/p>\n<p class=\"p1\"><span style=\"font-size: 14pt;\">De igual modo, ocurri\u00f3 en el relevo gubernamental al t\u00e9rmino del bienio, empleando al PRI como ese tercero en discordia, que le restar\u00e1 votos a Morena, sin poder lograrlos, pues de tanto apretar la tuerca en contra de todos los ex socios y aliados del Duartismo, optaron por apoyar a Cuitl\u00e1huac Garc\u00eda Jim\u00e9nez y llevarlo a la gubernatura, logrando zancadillear el proyecto sucesorio de los Yunes del Estero.<\/span><\/p>\n<p class=\"p1\"><span style=\"font-size: 14pt;\">As\u00ed que ese mismo escenario habremos de ver en el pr\u00f3ximo proceso electoral federal del 2024, en donde la presidencia de la Rep\u00fablica ser\u00e1 la joya de la corona para los partidos pol\u00edticos y para las aspiraciones del presidente L\u00f3pez Obrador, quien anhela perpetuar su proyecto pol\u00edtico otro sexenio m\u00e1s.<\/span><\/p>\n<p>&nbsp;<\/p>\n<p class=\"p1\"><span style=\"font-size: 18pt;\"><strong>Al tiempo<\/strong><\/span><\/p>\n<p>&nbsp;<\/p>\n<hr \/>\n<p>&nbsp;<\/p>\n<p class=\"p1\"><span style=\"font-size: 18pt;\"><strong>Correo: <a href=\"mailto:astrolabiopoliticomx@gmail.com\">astrolabiopoliticomx@gmail.com<\/a><\/strong><\/span><\/p>\n<p class=\"p1\"><span style=\"font-size: 18pt;\"><strong>Twitter: <a href=\"http:\/\/www.twitter.com\/LuisBaqueiro_mx\">@LuisBaqueiro_mx<\/a><\/strong><\/span><\/p>\n<p>&nbsp;<\/p>\n<p><img loading=\"lazy\" decoding=\"async\" class=\"aligncenter wp-image-11449 size-large\" src=\"http:\/\/noticiasveracruz.com\/wp-content\/uploads\/2023\/01\/FIRMA-EDITORIAL-NV-1024x125.png\" alt=\"\" width=\"800\" height=\"98\" srcset=\"https:\/\/noticiasveracruz.com\/wp-content\/uploads\/2023\/01\/FIRMA-EDITORIAL-NV-1024x125.png 1024w, https:\/\/noticiasveracruz.com\/wp-content\/uploads\/2023\/01\/FIRMA-EDITORIAL-NV-300x37.png 300w, https:\/\/noticiasveracruz.com\/wp-content\/uploads\/2023\/01\/FIRMA-EDITORIAL-NV-768x94.png 768w, https:\/\/noticiasveracruz.com\/wp-content\/uploads\/2023\/01\/FIRMA-EDITORIAL-NV-1536x188.png 1536w, https:\/\/noticiasveracruz.com\/wp-content\/uploads\/2023\/01\/FIRMA-EDITORIAL-NV-2048x250.png 2048w\" sizes=\"auto, (max-width: 800px) 100vw, 800px\" \/><\/p>\n<p>&nbsp;<\/p>\n<p>&nbsp;<\/p>\n<p>&nbsp;<\/p>\n<p>&nbsp;<\/p>\n","protected":false},"excerpt":{"rendered":"<p>&nbsp; Por Luis Ram\u00edrez Baqueiro &nbsp; \u201cEl viento endereza el \u00e1rbol despu\u00e9s de haberlo inclinado\u201d \u2013\u00a0Charles De Gaulle \u2013\u00a0 &nbsp;<\/p>\n","protected":false},"author":4,"featured_media":3572,"comment_status":"closed","ping_status":"closed","sticky":false,"template":"","format":"standard","meta":{"colormag_page_container_layout":"default_layout","colormag_page_sidebar_layout":"default_layout","_jetpack_memberships_contains_paid_content":false,"footnotes":"","jetpack_publicize_message":"","jetpack_publicize_feature_enabled":true,"jetpack_social_post_already_shared":true,"jetpack_social_options":{"image_generator_settings":{"template":"highway","default_image_id":0,"font":"","enabled":false},"version":2}},"categories":[6],"tags":[],"class_list":["post-17428","post","type-post","status-publish","format-standard","has-post-thumbnail","hentry","category-columnistas"],"jetpack_publicize_connections":[],"jetpack_featured_media_url":"https:\/\/noticiasveracruz.com\/wp-content\/uploads\/2022\/04\/LUIS-RAMI\u0301REZ-BAQUEIRO.png","jetpack_sharing_enabled":true,"publishpress_future_action":{"enabled":false,"date":"2026-05-07 18:39:34","action":"change-status","newStatus":"draft","terms":[],"taxonomy":"category","extraData":[]},"publishpress_future_workflow_manual_trigger":{"enabledWorkflows":[]},"_links":{"self":[{"href":"https:\/\/noticiasveracruz.com\/index.php\/wp-json\/wp\/v2\/posts\/17428","targetHints":{"allow":["GET"]}}],"collection":[{"href":"https:\/\/noticiasveracruz.com\/index.php\/wp-json\/wp\/v2\/posts"}],"about":[{"href":"https:\/\/noticiasveracruz.com\/index.php\/wp-json\/wp\/v2\/types\/post"}],"author":[{"embeddable":true,"href":"https:\/\/noticiasveracruz.com\/index.php\/wp-json\/wp\/v2\/users\/4"}],"replies":[{"embeddable":true,"href":"https:\/\/noticiasveracruz.com\/index.php\/wp-json\/wp\/v2\/comments?post=17428"}],"version-history":[{"count":0,"href":"https:\/\/noticiasveracruz.com\/index.php\/wp-json\/wp\/v2\/posts\/17428\/revisions"}],"wp:featuredmedia":[{"embeddable":true,"href":"https:\/\/noticiasveracruz.com\/index.php\/wp-json\/wp\/v2\/media\/3572"}],"wp:attachment":[{"href":"https:\/\/noticiasveracruz.com\/index.php\/wp-json\/wp\/v2\/media?parent=17428"}],"wp:term":[{"taxonomy":"category","embeddable":true,"href":"https:\/\/noticiasveracruz.com\/index.php\/wp-json\/wp\/v2\/categories?post=17428"},{"taxonomy":"post_tag","embeddable":true,"href":"https:\/\/noticiasveracruz.com\/index.php\/wp-json\/wp\/v2\/tags?post=17428"}],"curies":[{"name":"wp","href":"https:\/\/api.w.org\/{rel}","templated":true}]}}