{"id":17424,"date":"2023-07-14T05:00:03","date_gmt":"2023-07-14T10:00:03","guid":{"rendered":"https:\/\/noticiasveracruz.com\/?p=17424"},"modified":"2023-07-14T08:48:22","modified_gmt":"2023-07-14T13:48:22","slug":"monreal-con-el-g10","status":"publish","type":"post","link":"https:\/\/noticiasveracruz.com\/index.php\/2023\/07\/14\/monreal-con-el-g10\/","title":{"rendered":"Monreal con el G10"},"content":{"rendered":"<p>&nbsp;<\/p>\n<p class=\"p1\" style=\"text-align: center;\"><em><span style=\"font-size: 18pt;\"><strong>&lt;&lt;En \u00c1lamo tuve que hacer reuniones casi secretas&gt;&gt;<\/strong><\/span><\/em><\/p>\n<p class=\"p1\" style=\"text-align: center;\"><em><span style=\"font-size: 18pt;\"><strong>&lt;&lt;Hay muchos Monrealistas de cl\u00f3set, que no quieren salir&gt;&gt;<\/strong><\/span><\/em><\/p>\n<p class=\"p1\" style=\"text-align: center;\"><em><span style=\"font-size: 18pt;\"><strong>&lt;&lt;Estamos en una lucha muy dif\u00edcil, es desigual, pero tengo mucho \u00e1nimo&gt;&gt;<\/strong><\/span><\/em><\/p>\n<p>&nbsp;<\/p>\n<p>&nbsp;<\/p>\n<p class=\"p1\"><span style=\"font-size: 18pt;\"><strong>Por Miguel \u00c1ngel Cristiani G.<\/strong><\/span><\/p>\n<p class=\"p1\"><span style=\"font-size: 14pt;\">Ricardo Monreal uno de los aspirantes a la candidatura presidencial por Morena estuvo este jueves en Xalapa y a primera hora, se reuni\u00f3 con periodistas, columnistas y comunicadores, a quienes extern\u00f3 su reconocimiento por asistir a la reuni\u00f3n en la que dio un breve mensaje de agradecimiento:<\/span><\/p>\n<p class=\"p1\"><span style=\"font-size: 14pt;\">\u201cYo quiero primero agradecerles que tengan tanta valent\u00eda. No es f\u00e1cil, pues, yo entiendo, y ahora que estaba en \u00c1lamo, tuve que hacer reuniones casi secretas, con grupos de personas, porque tienen temor, productores, ganaderos, y as\u00ed. Queremos verlo, platicar, pero somos un grupo de 100 personas, pero vamos a una casa y no hay a nadie, porque no queremos prensa, no queremos nada.<\/span><\/p>\n<p class=\"p1\"><span style=\"font-size: 14pt;\">\u00bfD\u00f3nde estamos? Veracruz, donde han sido valientes cuatro veces, donde Ju\u00e1rez se alababa aqu\u00ed a Veracruz cuando despidi\u00f3 las leyes de reforma en 58. Entonces yo le dije a Del R\u00edo, vamos a reunir con algunos columnistas, medios, y le dije, \u00bfqui\u00e9n sabe si vayan? No es f\u00e1cil, pues, y yo se los agradezco, porque estamos en una lucha muy dif\u00edcil, es desigual, pero tengo mucho \u00e1nimo, mucho entusiasmo, tengo mucho cari\u00f1o por esta tierra, conozco su historia, admiro la historia de Veracruz, las pocas historias que son cuatro veces hist\u00f3ricas, han resistido a intervenciones, cuatro, la quinta, cuatro las registro de historia, la quinta las va a registrar pronto, pero yo les quiero agradecer, agradecer dar un saludo, y decirles que muchas gracias por lo que hacen diario, yo respeto mucho la libertad de expresi\u00f3n, la libre manifestaci\u00f3n de ideas, y de verdad que quer\u00eda solo ofrecerles mis respetos.<\/span><\/p>\n<p class=\"p1\"><span style=\"font-size: 14pt;\">Me met\u00ed hasta Ixhuatl\u00e1n, all\u00e1 en la parte norte, y la gente se port\u00f3 muy bien, en las comunidades sal\u00eda para detener el veh\u00edculo, y tratar con lo que estaba pasando, y obviamente tengo muy claro lo que est\u00e1 pasando. Luego en \u00c1lamo, en Tuxpan, en donde fui a Poza Rica y Papantla, le dediqu\u00e9 dos d\u00edas a Veracruz, dos d\u00edas, creo que es el \u00fanico estado que le estoy dedicando dos d\u00edas, pero es por el mismo prop\u00f3sito y por la misma circunstancia. Entonces yo quiero agradecerles, conozco casi a todos, he visto, he le\u00eddo donde est\u00e1n escritos, pero quiero expresarles un agradecimiento personal.<\/span><\/p>\n<p class=\"p1\"><span style=\"font-size: 14pt;\">Decirles que estoy luchando, estoy consciente de la dificultad, yo no tengo aparato pol\u00edtico, ni tampoco poderes que estuvieran detr\u00e1s de m\u00ed, yo soy un hombre limpio, sin arrogancia y sin ninguna actitud petulante, soy el m\u00e1s preparado de todos. La experiencia pol\u00edtica acumulada no la tiene nadie, nadie ha sido tres veces diputado federal por elecci\u00f3n, nadie ha sido tres veces senador por elecci\u00f3n directa, nadie ha tenido la experiencia que yo he tenido en diversos cargos como servidor p\u00fablico y estoy en mi etapa de madurez, dir\u00eda yo, de mayor conocimiento, de mayor serenidad para la toma de decisiones, de mayor juicio para llamar a la reconstituci\u00f3n del pa\u00eds, de mayor sensatez, para poder llevar a M\u00e9xico a niveles de desarrollo econ\u00f3mico, social, cultural y pol\u00edticos superiores.<\/span><\/p>\n<p class=\"p1\"><span style=\"font-size: 14pt;\">Yo estoy muy tranquilo, estoy muy contento, llevo 25 d\u00edas en esta contienda interna, en 25 d\u00edas he visitado 15 estados del pa\u00eds, con estos 15 d\u00edas, y que me siento completo, muy fortalecido por la respuesta en muchas partes, desde recursos y claro con las tolerancias, el caso no expongo a la gente, hay mucha gente son como una especie de, de Monrealistas de cl\u00f3set, como los alcoh\u00f3licos que a veces no salen pero si salen en la casa, hay muchos Monrealistas de cl\u00f3set, que no quieren salir porque tienen preocupaci\u00f3n o porque me ven como opositor interno, no quieren meterse en problemas con el gobierno ni con nada, yo los entiendo, pero yo estoy luchando a la buena, no me voy a ir de Morena, es una decisi\u00f3n pol\u00edtica, me voy a quedar en Morena y voy a luchar hasta el \u00faltimo d\u00eda al gobierno del presidente L\u00f3pez Obrador, no voy a salirme, voy a acompa\u00f1arlo, voy a hacer actividades con \u00e9l, y por eso quer\u00eda reunirme con usted brevemente, explicarle brevemente esto, y de nueva cuenta decirles que no voy a fallar, en el caso de que yo sea nominado, va a ser una encuesta, no sabemos si aqu\u00ed en la mesa haya alguien que vaya a ser encuestado, son cinco encuestadoras las que van a hacer el levantamiento, el universo todav\u00eda no lo decidimos, pero por el tama\u00f1o de la muestra, Veracruz va a ser importante, muy importante, por ser de los estados m\u00e1s poblados del pa\u00eds, entonces por eso es que le dedico el mayor tiempo.<\/span><\/p>\n<p class=\"p1\"><span style=\"font-size: 14pt;\">Asuntos diversos que me unen a Veracruz y que me unen de manera muy sincera, con este extraordinario pueblo. Entonces es mi comentario, va a ser un d\u00eda pesado, pero quer\u00eda yo saludarlos, decirles muchas gracias, eso es todo, muchas gracias, no crean que vamos a pasar la charola, que no ser\u00eda malo, pero no, no, nada de eso, nada de eso, es simplemente decirles muchas gracias, porque lo que hacen, es m\u00e1s su apertura, los que tienen la posibilidad de hablar, conmigo es bastante, es mucho, mucho y entonces esa es la raz\u00f3n y les quiero decirles, ya platicaremos con m\u00e1s calma.<\/span><\/p>\n<p class=\"p1\"><span style=\"font-size: 14pt;\">Hoy tengo, ahorita tengo a la asamblea informativa, est\u00e1n invitados, si quieran y luego por la tarde, tengo una conferencia a las 11, y luego me voy al puerto de Veracruz y tendr\u00e9 otras reuniones, otras asambleas informativas y tengo todo el d\u00eda tratando de construir la agenda, muy pesada, pero obviamente solo, sin ning\u00fan aparato y sin ninguna cantidad de recursos, solitario, mi esposa y yo nada m\u00e1s, a caminar y recorrer los pueblos sin ning\u00fan otro af\u00e1n m\u00e1s que tratar de convencer, incluir en lo que ser\u00e1 la encuesta a levantarse el 28 de agosto al 3 de septiembre, eso es lo que quer\u00eda comentarles, si quieren al rato en la conferencia de prensa, yo s\u00e9 que quieren preguntar mucho, pero yo no quiero que me pregunten, pues no me puedo meter, vengo en son de paz, pero voy a tener conferencia de prensa a las 11, pero yo quer\u00eda decirles a ustedes, muchas gracias, de verdad de todo coraz\u00f3n, que har\u00eda si no hubiese una prensa independiente, con ministros independientes, administrativos independientes, no tendr\u00edamos posibilidad de hacer absolutamente nada, nada, nada, entonces, ahora, tengo a las 10, pero a las 11 me quedo con lo que quiera, tambi\u00e9n traigo un sonido del r\u00edo, porque los ochenta y tantos, a los ochenta y tantos, hoy tiene que salir lo de la jueza, aunque qui\u00e9n sabe, porque tambi\u00e9n, es muy triste eso, pero bueno, yo hablar\u00e9 con ustedes a las 11, los que quieran, muchas gracias, de todo coraz\u00f3n.<\/span><\/p>\n<p>&nbsp;<\/p>\n<hr \/>\n<p>&nbsp;<\/p>\n<p class=\"p1\"><span style=\"font-size: 18pt;\"><strong>Cont\u00e1ctanos en nuestra p\u00e1gina:<\/strong><\/span><\/p>\n<p><a href=\"https:\/\/www.xn--bitacoraspolticas-ovb.com\/\"><span style=\"font-size: 18pt;\"><strong>BitacorasPolticas.com<\/strong><\/span><\/a><\/p>\n<p>&nbsp;<\/p>\n<p><img loading=\"lazy\" decoding=\"async\" class=\"aligncenter wp-image-11449 size-large\" src=\"http:\/\/noticiasveracruz.com\/wp-content\/uploads\/2023\/01\/FIRMA-EDITORIAL-NV-1024x125.png\" alt=\"\" width=\"800\" height=\"98\" srcset=\"https:\/\/noticiasveracruz.com\/wp-content\/uploads\/2023\/01\/FIRMA-EDITORIAL-NV-1024x125.png 1024w, https:\/\/noticiasveracruz.com\/wp-content\/uploads\/2023\/01\/FIRMA-EDITORIAL-NV-300x37.png 300w, https:\/\/noticiasveracruz.com\/wp-content\/uploads\/2023\/01\/FIRMA-EDITORIAL-NV-768x94.png 768w, https:\/\/noticiasveracruz.com\/wp-content\/uploads\/2023\/01\/FIRMA-EDITORIAL-NV-1536x188.png 1536w, https:\/\/noticiasveracruz.com\/wp-content\/uploads\/2023\/01\/FIRMA-EDITORIAL-NV-2048x250.png 2048w\" sizes=\"auto, (max-width: 800px) 100vw, 800px\" \/><\/p>\n<p>&nbsp;<\/p>\n<p>&nbsp;<\/p>\n<p>&nbsp;<\/p>\n<p>&nbsp;<\/p>\n","protected":false},"excerpt":{"rendered":"<p>&nbsp; &lt;&lt;En \u00c1lamo tuve que hacer reuniones casi secretas&gt;&gt; &lt;&lt;Hay muchos Monrealistas de cl\u00f3set, que no quieren salir&gt;&gt; &lt;&lt;Estamos en<\/p>\n","protected":false},"author":4,"featured_media":3280,"comment_status":"closed","ping_status":"closed","sticky":false,"template":"","format":"standard","meta":{"colormag_page_container_layout":"default_layout","colormag_page_sidebar_layout":"default_layout","_jetpack_memberships_contains_paid_content":false,"footnotes":"","jetpack_publicize_message":"","jetpack_publicize_feature_enabled":true,"jetpack_social_post_already_shared":true,"jetpack_social_options":{"image_generator_settings":{"template":"highway","default_image_id":0,"font":"","enabled":false},"version":2}},"categories":[6],"tags":[],"class_list":["post-17424","post","type-post","status-publish","format-standard","has-post-thumbnail","hentry","category-columnistas"],"jetpack_publicize_connections":[],"jetpack_featured_media_url":"https:\/\/noticiasveracruz.com\/wp-content\/uploads\/2022\/04\/NV-MIGUEL-A\u0301NGEL-CRISTIANI.png","jetpack_sharing_enabled":true,"publishpress_future_action":{"enabled":false,"date":"2026-05-07 19:30:00","action":"change-status","newStatus":"draft","terms":[],"taxonomy":"category","extraData":[]},"publishpress_future_workflow_manual_trigger":{"enabledWorkflows":[]},"_links":{"self":[{"href":"https:\/\/noticiasveracruz.com\/index.php\/wp-json\/wp\/v2\/posts\/17424","targetHints":{"allow":["GET"]}}],"collection":[{"href":"https:\/\/noticiasveracruz.com\/index.php\/wp-json\/wp\/v2\/posts"}],"about":[{"href":"https:\/\/noticiasveracruz.com\/index.php\/wp-json\/wp\/v2\/types\/post"}],"author":[{"embeddable":true,"href":"https:\/\/noticiasveracruz.com\/index.php\/wp-json\/wp\/v2\/users\/4"}],"replies":[{"embeddable":true,"href":"https:\/\/noticiasveracruz.com\/index.php\/wp-json\/wp\/v2\/comments?post=17424"}],"version-history":[{"count":0,"href":"https:\/\/noticiasveracruz.com\/index.php\/wp-json\/wp\/v2\/posts\/17424\/revisions"}],"wp:featuredmedia":[{"embeddable":true,"href":"https:\/\/noticiasveracruz.com\/index.php\/wp-json\/wp\/v2\/media\/3280"}],"wp:attachment":[{"href":"https:\/\/noticiasveracruz.com\/index.php\/wp-json\/wp\/v2\/media?parent=17424"}],"wp:term":[{"taxonomy":"category","embeddable":true,"href":"https:\/\/noticiasveracruz.com\/index.php\/wp-json\/wp\/v2\/categories?post=17424"},{"taxonomy":"post_tag","embeddable":true,"href":"https:\/\/noticiasveracruz.com\/index.php\/wp-json\/wp\/v2\/tags?post=17424"}],"curies":[{"name":"wp","href":"https:\/\/api.w.org\/{rel}","templated":true}]}}