{"id":17260,"date":"2023-07-07T05:00:52","date_gmt":"2023-07-07T10:00:52","guid":{"rendered":"https:\/\/noticiasveracruz.com\/?p=17260"},"modified":"2023-07-07T08:18:00","modified_gmt":"2023-07-07T13:18:00","slug":"el-desastre-de-la-justicia-en-veracruz","status":"publish","type":"post","link":"https:\/\/noticiasveracruz.com\/index.php\/2023\/07\/07\/el-desastre-de-la-justicia-en-veracruz\/","title":{"rendered":"El desastre de la justicia en Veracruz"},"content":{"rendered":"<p>&nbsp;<\/p>\n<p class=\"p1\"><span style=\"font-size: 18pt;\"><strong>Por Aurelio Contreras Moreno<\/strong><\/span><\/p>\n<p class=\"p1\"><span style=\"font-size: 14pt;\">Cuando pens\u00e1bamos que no podr\u00eda haber una presidencia del Tribunal Superior del Estado de Veracruz peor que la de Isabel In\u00e9s Romero Cruz \u2013quien abjur\u00f3 de su obligaci\u00f3n de imparcialidad para convertirse en porrista de la \u201c4T\u201d-, lleg\u00f3 la administraci\u00f3n actual.<\/span><\/p>\n<p class=\"p1\"><span style=\"font-size: 14pt;\">Desde que lleg\u00f3 Lisbeth Aurelia Jim\u00e9nez Aguirre a la presidencia del Poder Judicial estatal, la sumisi\u00f3n al Ejecutivo local ha sido absoluta. Quiz\u00e1s no tan burda como la de su antecesora \u2013que hasta playeras con los colores de Morena se pon\u00eda para ir a los m\u00edtines-, pero probablemente m\u00e1s da\u00f1ina, por omisa y autoritaria.<\/span><\/p>\n<p class=\"p1\"><span style=\"font-size: 14pt;\">El caso m\u00e1s emblem\u00e1tico de la presidencia de Lisbeth Aurelia Jim\u00e9nez es el de la jueza Ang\u00e9lica S\u00e1nchez, quien por acatar un amparo concedido por un Juzgado federal, fue pr\u00e1cticamente secuestrada de manera criminal por el gobierno de Cuitl\u00e1huac Garc\u00eda, que la mand\u00f3 detener invent\u00e1ndole cargos y someti\u00e9ndola a tortura psicol\u00f3gica. <\/span><\/p>\n<p class=\"p1\"><span style=\"font-size: 14pt;\">Momentos antes de ser agredida por la polic\u00eda estatal, la jueza S\u00e1nchez fue amenazada por Lisbeth Aurelia Jim\u00e9nez, quien le recrimin\u00f3 que no le hubiese \u201cavisado\u201d \u00a1que iba a acatar un amparo!, y le advirti\u00f3 que se \u201catuviera a las consecuencias\u201d.<\/span><\/p>\n<p class=\"p1\"><span style=\"font-size: 14pt;\">Las consecuencias est\u00e1n a la vista. La jueza Ang\u00e9lica S\u00e1nchez est\u00e1 en prisi\u00f3n, perseguida por un r\u00e9gimen que quebranta sistem\u00e1ticamente y sin freno las leyes y que ha pasado por encima de sus derechos humanos porque, al acatar el amparo, lo que hizo tambi\u00e9n fue exhibir el p\u00e9simo trabajo de la Fiscal\u00eda General del Estado en la integraci\u00f3n de la carpeta de investigaci\u00f3n en cuesti\u00f3n. Pero la realidad es que hace exactamente lo mismo en todos los casos en los que el \u201ccuitlahuato\u201d tiene alg\u00fan inter\u00e9s pol\u00edtico de por medio: fabricar pruebas, inventar delitos y torcer la legalidad.<\/span><\/p>\n<p class=\"p1\"><span style=\"font-size: 14pt;\">No es gratuito que el Instituto Federal de la Defensor\u00eda P\u00fablica siga al tanto del caso y haya presentado un \u201camicus curiae\u201d en relaci\u00f3n con el amparo concedido a la jueza Ang\u00e9lica\u00a0S\u00e1nchez para evitar su detenci\u00f3n, mismo que las autoridades en\u00a0Veracruz\u00a0ignoraron de manera grotesca, con ayuda de la Guardia Nacional.<\/span><\/p>\n<p class=\"p1\"><span style=\"font-size: 14pt;\">Mientras suced\u00eda la persecuci\u00f3n, la magistrada presidenta del Tribunal Superior de Justicia se reun\u00eda con los jueces de Veracruz para llevarles un \u201cmensaje\u201d del gobernador Cuitl\u00e1huac Garc\u00eda: el que no se alinee con el gobierno correr\u00e1 la misma suerte de la jueza S\u00e1nchez. Y si se concede un amparo en el \u00e1mbito federal, primero tendr\u00e1n que pedir \u201cpermiso\u201d a Lisbeth Jim\u00e9nez para acatarlo o no.<\/span><\/p>\n<p class=\"p1\"><span style=\"font-size: 14pt;\">La situaci\u00f3n ha llegado a un extremo vergonzoso. El pasado mes de febrero, Gladys de Lourdes P\u00e9rez Maldonado obtuvo un amparo para ser restituida como magistrada del Tribunal Superior de Justicia, luego de que la anterior Legislatura estatal decidi\u00f3 no ratificarla en el cargo de manera arbitraria y sin justificaci\u00f3n legal. Al m\u00e1s puro estilo de la \u201ccuarta transformaci\u00f3n\u201d.<\/span><\/p>\n<p class=\"p1\"><span style=\"font-size: 14pt;\">El Congreso del Estado se tard\u00f3 tres meses en acatar el mandato del Poder Judicial federal, y a finales de mayo aprob\u00f3 la reinstalaci\u00f3n de P\u00e9rez Maldonado como magistrada, junto con el pago de sus salarios ca\u00eddos. Pues es la fecha que esto no ha sido acatado por el TSJEV a pesar de que se le dieron dos d\u00edas para hacerlo a finales de junio. Y ya hay consecuencias.<\/span><\/p>\n<p class=\"p1\"><span style=\"font-size: 14pt;\">La jueza Decimoquinta de Distrito en el Estado de Veracruz, Daniela Mar\u00eda Le\u00f3n Linarte, impuso una multa a la presidenta del Tribunal Superior de Justicia del Estado de Veracruz y del Pleno del Consejo de la Judicatura del Estado, Lisbeth Aurelia Jim\u00e9nez Aguirre, por incumplir la orden de reinstalaci\u00f3n como magistrada del Poder Judicial estatal a Gladys de Lourdes P\u00e9rez Maldonado. Un hecho bochornoso, degradante y deshonroso para quien tiene la responsabilidad de garantizar la impartici\u00f3n de una justicia pronta y expedita en toda la entidad veracruzana, y que adem\u00e1s es la representante de uno de los poderes en el estado.<\/span><\/p>\n<p class=\"p1\"><span style=\"font-size: 14pt;\">La sentencia causa pena ajena: \u201cse considera un retraso a trav\u00e9s de evasivas para dar cumplimiento al fallo protector\u201d, por lo que \u201cse hace efectivo el apercibimiento decretado en auto de 1 de marzo del a\u00f1o en curso, a la Magistrada Presidenta del Tribunal Superior de Justicia y del Pleno del Consejo de la Judicatura del Estado, por lo que se impone una multa a Lisbeth Aurelia Jim\u00e9nez Aguirre, consistente en cien unidades de medida y actualizaci\u00f3n equivalentes a 10,374.00 pesos \u201d.<\/span><\/p>\n<p class=\"p1\"><span style=\"font-size: 14pt;\">En caso de no dar cumplimiento a lo requerido en el plazo indicado, le advierten que \u201cle ser\u00e1 impuesta una multa equivalente a ciento cincuenta unidades de medida y actualizaci\u00f3n, de conformidad con lo que establece el art\u00edculo 258 de la Ley de Amparo; adem\u00e1s de que el presente expediente ser\u00e1 remitido al Tribunal Colegiado de Circuito que corresponda, para seguir el tr\u00e1mite de inejecuci\u00f3n, que puede culminar con la separaci\u00f3n de su puesto y su consignaci\u00f3n\u201d. <\/span><\/p>\n<p class=\"p1\"><span style=\"font-size: 14pt;\">La justicia es un desastre en Veracruz. Como todo lo que toca este r\u00e9gimen.<\/span><\/p>\n<p>&nbsp;<\/p>\n<p class=\"p1\"><span style=\"font-size: 18pt; color: #e42d33;\"><strong>VERANEO<\/strong><\/span><\/p>\n<p class=\"p1\"><span style=\"font-size: 14pt;\">Esta columna y su autor se tomar\u00e1n unos d\u00edas descanso la semana entrante. Gracias.<\/span><\/p>\n<p>&nbsp;<\/p>\n<hr \/>\n<p>&nbsp;<\/p>\n<p class=\"p1\"><span style=\"font-size: 18pt;\"><strong>Correo: <a href=\"mailto:aureliocontreras@gmail.com\">aureliocontreras@gmail.com<\/a><\/strong><\/span><\/p>\n<p class=\"p1\"><span style=\"font-size: 18pt;\"><strong>Twitter: <a href=\"http:\/\/www.twitter.com\/yeyocontreras\">@yeyocontreras<\/a><\/strong><\/span><\/p>\n<p>&nbsp;<\/p>\n<p><img loading=\"lazy\" decoding=\"async\" class=\"aligncenter wp-image-11449\" src=\"http:\/\/noticiasveracruz.com\/wp-content\/uploads\/2023\/01\/FIRMA-EDITORIAL-NV-300x37.png\" alt=\"\" width=\"1000\" height=\"122\" srcset=\"https:\/\/noticiasveracruz.com\/wp-content\/uploads\/2023\/01\/FIRMA-EDITORIAL-NV-300x37.png 300w, https:\/\/noticiasveracruz.com\/wp-content\/uploads\/2023\/01\/FIRMA-EDITORIAL-NV-1024x125.png 1024w, https:\/\/noticiasveracruz.com\/wp-content\/uploads\/2023\/01\/FIRMA-EDITORIAL-NV-768x94.png 768w, https:\/\/noticiasveracruz.com\/wp-content\/uploads\/2023\/01\/FIRMA-EDITORIAL-NV-1536x188.png 1536w, https:\/\/noticiasveracruz.com\/wp-content\/uploads\/2023\/01\/FIRMA-EDITORIAL-NV-2048x250.png 2048w\" sizes=\"auto, (max-width: 1000px) 100vw, 1000px\" \/><\/p>\n<p>&nbsp;<\/p>\n<p>&nbsp;<\/p>\n<p>&nbsp;<\/p>\n<p>&nbsp;<\/p>\n","protected":false},"excerpt":{"rendered":"<p>&nbsp; Por Aurelio Contreras Moreno Cuando pens\u00e1bamos que no podr\u00eda haber una presidencia del Tribunal Superior del Estado de Veracruz<\/p>\n","protected":false},"author":4,"featured_media":3578,"comment_status":"closed","ping_status":"closed","sticky":false,"template":"","format":"standard","meta":{"colormag_page_container_layout":"default_layout","colormag_page_sidebar_layout":"default_layout","_jetpack_memberships_contains_paid_content":false,"footnotes":"","jetpack_publicize_message":"","jetpack_publicize_feature_enabled":true,"jetpack_social_post_already_shared":true,"jetpack_social_options":{"image_generator_settings":{"template":"highway","default_image_id":0,"font":"","enabled":false},"version":2}},"categories":[6],"tags":[],"class_list":["post-17260","post","type-post","status-publish","format-standard","has-post-thumbnail","hentry","category-columnistas"],"jetpack_publicize_connections":[],"jetpack_featured_media_url":"https:\/\/noticiasveracruz.com\/wp-content\/uploads\/2022\/04\/P-AURELIO-CONTRERAS.png","jetpack_sharing_enabled":true,"publishpress_future_action":{"enabled":false,"date":"2026-05-09 04:53:37","action":"change-status","newStatus":"draft","terms":[],"taxonomy":"category","extraData":[]},"publishpress_future_workflow_manual_trigger":{"enabledWorkflows":[]},"_links":{"self":[{"href":"https:\/\/noticiasveracruz.com\/index.php\/wp-json\/wp\/v2\/posts\/17260","targetHints":{"allow":["GET"]}}],"collection":[{"href":"https:\/\/noticiasveracruz.com\/index.php\/wp-json\/wp\/v2\/posts"}],"about":[{"href":"https:\/\/noticiasveracruz.com\/index.php\/wp-json\/wp\/v2\/types\/post"}],"author":[{"embeddable":true,"href":"https:\/\/noticiasveracruz.com\/index.php\/wp-json\/wp\/v2\/users\/4"}],"replies":[{"embeddable":true,"href":"https:\/\/noticiasveracruz.com\/index.php\/wp-json\/wp\/v2\/comments?post=17260"}],"version-history":[{"count":0,"href":"https:\/\/noticiasveracruz.com\/index.php\/wp-json\/wp\/v2\/posts\/17260\/revisions"}],"wp:featuredmedia":[{"embeddable":true,"href":"https:\/\/noticiasveracruz.com\/index.php\/wp-json\/wp\/v2\/media\/3578"}],"wp:attachment":[{"href":"https:\/\/noticiasveracruz.com\/index.php\/wp-json\/wp\/v2\/media?parent=17260"}],"wp:term":[{"taxonomy":"category","embeddable":true,"href":"https:\/\/noticiasveracruz.com\/index.php\/wp-json\/wp\/v2\/categories?post=17260"},{"taxonomy":"post_tag","embeddable":true,"href":"https:\/\/noticiasveracruz.com\/index.php\/wp-json\/wp\/v2\/tags?post=17260"}],"curies":[{"name":"wp","href":"https:\/\/api.w.org\/{rel}","templated":true}]}}