{"id":17226,"date":"2023-07-05T20:49:18","date_gmt":"2023-07-06T01:49:18","guid":{"rendered":"https:\/\/noticiasveracruz.com\/?p=17226"},"modified":"2023-07-05T21:59:54","modified_gmt":"2023-07-06T02:59:54","slug":"sedena-registra-ante-el-impi-la-marca-aerolinea-maya","status":"publish","type":"post","link":"https:\/\/noticiasveracruz.com\/index.php\/2023\/07\/05\/sedena-registra-ante-el-impi-la-marca-aerolinea-maya\/","title":{"rendered":"Sedena registra ante el IMPI la marca \u201cAerol\u00ednea Maya\u201d"},"content":{"rendered":"<p>&nbsp;<\/p>\n<p class=\"p1\"><span style=\"font-size: 14pt;\"><em><strong>CIUDAD DE M\u00c9XICO.<\/strong> <\/em><strong>La Secretar\u00eda de la Defensa<\/strong> (Sedena) solicit\u00f3 al Instituto Mexicano de la Propiedad Intelectual (IMPI) el registro de la marca y logotipo de <strong>\u201cAerol\u00ednea Maya\u201d<\/strong>, la cual fue tramitada por la empresa militar Grupo Aeroportuario, Ferroviario, de Servicios Auxiliares y Conexos, Olmeca-Maya-Mexica S.A. de C.V.<\/span><\/p>\n<p class=\"p1\"><span style=\"font-size: 18pt;\"><strong>Dicho sistema cuenta 10 registros de marca relacionados con la Aerol\u00ednea Maya, cada uno con un logotipo diferente que ha sido propuesto por la paraestatal administrada por la Sedena.<\/strong><\/span><\/p>\n<p>&nbsp;<\/p>\n<p><img loading=\"lazy\" decoding=\"async\" class=\"aligncenter wp-image-17237 size-large\" src=\"http:\/\/noticiasveracruz.com\/wp-content\/uploads\/2023\/07\/P-LOGOS-AEROLINEA-MAYA-1-1024x573.png\" alt=\"\" width=\"800\" height=\"448\" srcset=\"https:\/\/noticiasveracruz.com\/wp-content\/uploads\/2023\/07\/P-LOGOS-AEROLINEA-MAYA-1-1024x573.png 1024w, https:\/\/noticiasveracruz.com\/wp-content\/uploads\/2023\/07\/P-LOGOS-AEROLINEA-MAYA-1-300x168.png 300w, https:\/\/noticiasveracruz.com\/wp-content\/uploads\/2023\/07\/P-LOGOS-AEROLINEA-MAYA-1-768x430.png 768w, https:\/\/noticiasveracruz.com\/wp-content\/uploads\/2023\/07\/P-LOGOS-AEROLINEA-MAYA-1-1536x859.png 1536w, https:\/\/noticiasveracruz.com\/wp-content\/uploads\/2023\/07\/P-LOGOS-AEROLINEA-MAYA-1.png 1816w\" sizes=\"auto, (max-width: 800px) 100vw, 800px\" \/><\/p>\n<p>&nbsp;<\/p>\n<p class=\"p1\"><span style=\"font-size: 18pt;\"><strong>El expediente de registro de marca ante el IMPI <\/strong><\/span><span style=\"font-size: 18pt;\"><strong>indica que la solicitud para dar de alta la marca y logotipos de la nueva empresa ocurri\u00f3 el 6 de junio pasado, un d\u00eda despu\u00e9s de que el presidente Andr\u00e9s Manuel L\u00f3pez Obrador hiciera p\u00fablico su intenci\u00f3n de dar un mes m\u00e1s a los trabajadores de Mexicana para ponerse de acuerdo sobre la compra venta.<\/strong><\/span><\/p>\n<p class=\"p1\"><span style=\"font-size: 14pt;\">De acuerdo con el IMPI, los giros para los que se ha registrado la marca \u201cAerol\u00ednea Maya\u201d corresponden a publicidad, gesti\u00f3n, organizaci\u00f3n y administraci\u00f3n de negocios comerciales, trabajos de oficina, comercializaci\u00f3n de productos promocionales, embalaje y almacenamiento de mercanc\u00edas, as\u00ed como la organizaci\u00f3n de viajes.<\/span><\/p>\n<p class=\"p1\"><span style=\"font-size: 14pt;\">Cabe recordar que el pasado 18 de mayo, el Gobierno de M\u00e9xico public\u00f3 en el Diario Oficial de la Federaci\u00f3n (DOF), el decreto que oficializa la constituci\u00f3n de la Aerol\u00ednea del Estado Mexicano, que estar\u00e1 a cargo de la Sedena.<\/span><\/p>\n<p class=\"p1\"><span style=\"font-size: 14pt;\">El proyecto militar tiene el objetivo de que la aerol\u00ednea del Estado tenga como principales clientes a los beneficiarios de programas sociales, adem\u00e1s de que buscar\u00e1 operar rutas desatendidas por l\u00edneas a\u00e9reas nacionales.<\/span><\/p>\n<p>&nbsp;<\/p>\n<p>&nbsp;<\/p>\n","protected":false},"excerpt":{"rendered":"<p>&nbsp; CIUDAD DE M\u00c9XICO. La Secretar\u00eda de la Defensa (Sedena) solicit\u00f3 al Instituto Mexicano de la Propiedad Intelectual (IMPI) el<\/p>\n","protected":false},"author":4,"featured_media":17227,"comment_status":"closed","ping_status":"closed","sticky":false,"template":"","format":"standard","meta":{"colormag_page_container_layout":"default_layout","colormag_page_sidebar_layout":"default_layout","_jetpack_memberships_contains_paid_content":false,"footnotes":"","jetpack_publicize_message":"","jetpack_publicize_feature_enabled":true,"jetpack_social_post_already_shared":true,"jetpack_social_options":{"image_generator_settings":{"template":"highway","default_image_id":0,"font":"","enabled":false},"version":2}},"categories":[1947],"tags":[2800,2801,760],"class_list":["post-17226","post","type-post","status-publish","format-standard","has-post-thumbnail","hentry","category-economia","tag-aerolinea-maya","tag-impi","tag-sedena"],"jetpack_publicize_connections":[],"jetpack_featured_media_url":"https:\/\/noticiasveracruz.com\/wp-content\/uploads\/2023\/07\/P-AEROLINEA-MAYA-SEDENA.png","jetpack_sharing_enabled":true,"publishpress_future_action":{"enabled":false,"date":"2026-05-07 22:33:50","action":"change-status","newStatus":"draft","terms":[],"taxonomy":"category","extraData":[]},"publishpress_future_workflow_manual_trigger":{"enabledWorkflows":[]},"_links":{"self":[{"href":"https:\/\/noticiasveracruz.com\/index.php\/wp-json\/wp\/v2\/posts\/17226","targetHints":{"allow":["GET"]}}],"collection":[{"href":"https:\/\/noticiasveracruz.com\/index.php\/wp-json\/wp\/v2\/posts"}],"about":[{"href":"https:\/\/noticiasveracruz.com\/index.php\/wp-json\/wp\/v2\/types\/post"}],"author":[{"embeddable":true,"href":"https:\/\/noticiasveracruz.com\/index.php\/wp-json\/wp\/v2\/users\/4"}],"replies":[{"embeddable":true,"href":"https:\/\/noticiasveracruz.com\/index.php\/wp-json\/wp\/v2\/comments?post=17226"}],"version-history":[{"count":0,"href":"https:\/\/noticiasveracruz.com\/index.php\/wp-json\/wp\/v2\/posts\/17226\/revisions"}],"wp:featuredmedia":[{"embeddable":true,"href":"https:\/\/noticiasveracruz.com\/index.php\/wp-json\/wp\/v2\/media\/17227"}],"wp:attachment":[{"href":"https:\/\/noticiasveracruz.com\/index.php\/wp-json\/wp\/v2\/media?parent=17226"}],"wp:term":[{"taxonomy":"category","embeddable":true,"href":"https:\/\/noticiasveracruz.com\/index.php\/wp-json\/wp\/v2\/categories?post=17226"},{"taxonomy":"post_tag","embeddable":true,"href":"https:\/\/noticiasveracruz.com\/index.php\/wp-json\/wp\/v2\/tags?post=17226"}],"curies":[{"name":"wp","href":"https:\/\/api.w.org\/{rel}","templated":true}]}}