{"id":17223,"date":"2023-07-05T20:38:41","date_gmt":"2023-07-06T01:38:41","guid":{"rendered":"https:\/\/noticiasveracruz.com\/?p=17223"},"modified":"2023-07-05T20:38:41","modified_gmt":"2023-07-06T01:38:41","slug":"2024-ano-que-se-reducira-la-compra-de-gasolinas-lopez-obrador","status":"publish","type":"post","link":"https:\/\/noticiasveracruz.com\/index.php\/2023\/07\/05\/2024-ano-que-se-reducira-la-compra-de-gasolinas-lopez-obrador\/","title":{"rendered":"2024, a\u00f1o que se reducir\u00e1 la compra de gasolinas: L\u00f3pez Obrador"},"content":{"rendered":"<p>&nbsp;<\/p>\n<p class=\"p2\"><span style=\"font-size: 14pt;\"><em><strong>CIUDAD DE M\u00c9XICO.<\/strong> <\/em>El presidente de M\u00e9xico, <strong>Andr\u00e9s Manuel L\u00f3pez Obrador<\/strong>, dijo que con las <strong>inversiones para la rehabilitaci\u00f3n de las seis refiner\u00edas<\/strong>, la construcci\u00f3n de Dos Bocas y la adquisici\u00f3n de Deer Park, <strong>hay elementos para que se reduzca la compra de gasolinas en el extranjero en 2024.<\/strong><\/span><\/p>\n<p class=\"p2\"><span style=\"font-size: 18pt;\"><strong><span class=\"s1\">Andr\u00e9s Manuel L\u00f3pez Obrador <\/span>recomend\u00f3 al pr\u00f3ximo presidente del pa\u00eds que no se deje de invertir en obra p\u00fablica. <\/strong><\/span><\/p>\n<p>&nbsp;<\/p>\n<blockquote>\n<p class=\"p2\"><span style=\"font-size: 14pt;\">Es como una bicicleta que no hay que dejar de pedalear para no pararnos\u201d<\/span><\/p>\n<\/blockquote>\n<p>&nbsp;<\/p>\n<p class=\"p2\"><span style=\"font-size: 18pt;\"><strong><span class=\"s1\">Adem\u00e1s el presidente L\u00f3pez Obrador dijo que e<\/span>se a\u00f1o, se prev\u00e9 que d\u00e9ficit en gasolina se reduzca a 34 mil barriles diarios; en 2018 era de 900 mil barriles diarios.<\/strong><\/span><\/p>\n<p>&nbsp;<\/p>\n<blockquote>\n<p class=\"p2\"><span style=\"font-size: 14pt;\">Y para este a\u00f1o, la producci\u00f3n ser\u00e1 de 731 mil barriles en las seis refiner\u00edas. <\/span><span style=\"font-size: 14pt;\">De ellos ser\u00e1n 128 mil barriles de Dos Bocas, y 264 mil en Deer Park 264 mil. <\/span><span style=\"font-size: 14pt;\">No son tamales de chipilin pero en esto vamos\u201d<\/span><\/p>\n<\/blockquote>\n<p>&nbsp;<\/p>\n<p class=\"p2\"><span style=\"font-size: 18pt;\"><strong><span class=\"s1\">Andr\u00e9s Manuel L\u00f3pez Obrador c<\/span>ritic\u00f3 que las inversiones de Pemex durante este periodo se orientaran al norte del pa\u00eds, donde no hay petr\u00f3leo o son pocas las reservas. Tambi\u00e9n cuestion\u00f3 que se haya invertido en aguas profundas o en la Cuenca de Burgos.<\/strong><\/span><\/p>\n<p>&nbsp;<\/p>\n<blockquote>\n<p class=\"p2\"><span style=\"font-size: 14pt;\">no les interesaba extraer m\u00e1s petr\u00f3leo o m\u00e1s gas, lo que les importaba eran los <\/span><span style=\"font-size: 14pt;\">contratos que entregaban a las empresas. Eran muy buenos negocios para las petroleras y <\/span><span style=\"font-size: 14pt;\">muy malos negocios para Pemex, para la Hacienda P\u00fablica, para la naci\u00f3n\u201d<\/span><\/p>\n<\/blockquote>\n<p>&nbsp;<\/p>\n<p class=\"p2\"><span style=\"font-size: 18pt;\"><strong>Sostuvo Andr\u00e9s Manuel L\u00f3pez Obrador que durante su gobierno se reorient\u00f3 la inversi\u00f3n p\u00fablica y se determin\u00f3 inyectar recursos en la exploraci\u00f3n de aguas someras, lo que \u201cnos ayud\u00f3 mucho porque se descubrieron nuevos campos y estamos bajando los costos de producci\u00f3n, ya estamos en 10 d\u00f3lares por barril y estaba al doble\u201d.<\/strong><\/span><\/p>\n<p class=\"p2\"><span style=\"font-size: 14pt;\">Recrimin\u00f3 que en el periodo neoliberal se haya agotado y explotado de forma \u201cirracional\u201d el <\/span><span style=\"font-size: 14pt;\">yacimiento petrolero de Cantarell.<\/span><\/p>\n<p class=\"p2\"><span style=\"font-size: 18pt;\"><strong>Reiter\u00f3 que su gobierno tiene como l\u00edmite la producci\u00f3n de 2 millones de barriles diarios.<\/strong><\/span><\/p>\n<p>&nbsp;<\/p>\n<p>&nbsp;<\/p>\n<p>&nbsp;<\/p>\n<p>&nbsp;<\/p>\n","protected":false},"excerpt":{"rendered":"<p>&nbsp; CIUDAD DE M\u00c9XICO. El presidente de M\u00e9xico, Andr\u00e9s Manuel L\u00f3pez Obrador, dijo que con las inversiones para la rehabilitaci\u00f3n<\/p>\n","protected":false},"author":4,"featured_media":17224,"comment_status":"closed","ping_status":"closed","sticky":false,"template":"","format":"standard","meta":{"colormag_page_container_layout":"default_layout","colormag_page_sidebar_layout":"default_layout","_jetpack_memberships_contains_paid_content":false,"footnotes":"","jetpack_publicize_message":"","jetpack_publicize_feature_enabled":true,"jetpack_social_post_already_shared":true,"jetpack_social_options":{"image_generator_settings":{"template":"highway","default_image_id":0,"font":"","enabled":false},"version":2}},"categories":[4],"tags":[65,89,267,921,31],"class_list":["post-17223","post","type-post","status-publish","format-standard","has-post-thumbnail","hentry","category-nacional","tag-andres-manuel-lopez-obrador","tag-deer-park","tag-dos-bocas","tag-gasolinas","tag-mexico"],"jetpack_publicize_connections":[],"jetpack_featured_media_url":"https:\/\/noticiasveracruz.com\/wp-content\/uploads\/2023\/07\/P-AMLO-GASOLINAS.png","jetpack_sharing_enabled":true,"publishpress_future_action":{"enabled":false,"date":"2026-05-07 21:50:59","action":"change-status","newStatus":"draft","terms":[],"taxonomy":"category","extraData":[]},"publishpress_future_workflow_manual_trigger":{"enabledWorkflows":[]},"_links":{"self":[{"href":"https:\/\/noticiasveracruz.com\/index.php\/wp-json\/wp\/v2\/posts\/17223","targetHints":{"allow":["GET"]}}],"collection":[{"href":"https:\/\/noticiasveracruz.com\/index.php\/wp-json\/wp\/v2\/posts"}],"about":[{"href":"https:\/\/noticiasveracruz.com\/index.php\/wp-json\/wp\/v2\/types\/post"}],"author":[{"embeddable":true,"href":"https:\/\/noticiasveracruz.com\/index.php\/wp-json\/wp\/v2\/users\/4"}],"replies":[{"embeddable":true,"href":"https:\/\/noticiasveracruz.com\/index.php\/wp-json\/wp\/v2\/comments?post=17223"}],"version-history":[{"count":0,"href":"https:\/\/noticiasveracruz.com\/index.php\/wp-json\/wp\/v2\/posts\/17223\/revisions"}],"wp:featuredmedia":[{"embeddable":true,"href":"https:\/\/noticiasveracruz.com\/index.php\/wp-json\/wp\/v2\/media\/17224"}],"wp:attachment":[{"href":"https:\/\/noticiasveracruz.com\/index.php\/wp-json\/wp\/v2\/media?parent=17223"}],"wp:term":[{"taxonomy":"category","embeddable":true,"href":"https:\/\/noticiasveracruz.com\/index.php\/wp-json\/wp\/v2\/categories?post=17223"},{"taxonomy":"post_tag","embeddable":true,"href":"https:\/\/noticiasveracruz.com\/index.php\/wp-json\/wp\/v2\/tags?post=17223"}],"curies":[{"name":"wp","href":"https:\/\/api.w.org\/{rel}","templated":true}]}}